{"id":4888,"date":"2022-06-03T08:57:39","date_gmt":"2022-06-03T08:57:39","guid":{"rendered":"https:\/\/www.1sante.com\/?p=4888"},"modified":"2024-05-10T18:45:49","modified_gmt":"2024-05-10T17:45:49","slug":"lalgerie-parmi-les-deux-premiers-candidats-pour-abriter-le-siege-de-lama","status":"publish","type":"post","link":"https:\/\/www.1sante.com\/online\/lalgerie-parmi-les-deux-premiers-candidats-pour-abriter-le-siege-de-lama\/","title":{"rendered":"L\u2019Alg\u00e9rie parmi les deux premiers candidats pour abriter le si\u00e8ge de l\u2019Agence africaine du m\u00e9dicament (AMA)"},"content":{"rendered":"<p>ALGER &#8211; La candidature de l\u2019Alg\u00e9rie pour abriter le si\u00e8ge de l\u2019Agence africaine du m\u00e9dicament (AMA) arrive avec celle du Rwanda parmi les deux premi\u00e8res du classement, a annonc\u00e9 vendredi un communiqu\u00e9 du minist\u00e8re de l&#8217;Industrie pharmaceutique.<\/p>\n<p>Les conclusions du rapport des travaux de la Premi\u00e8re Conf\u00e9rence des Etats Parties au Trait\u00e9 portant cr\u00e9ation de l\u2019Agence africaine du m\u00e9dicament (AMA), tenus du 1er au 3 juin \u00e0 Addis-Abeba, font ressortir que la candidature de l\u2019Alg\u00e9rie arrive avec celle du Rwanda parmi les deux premi\u00e8res du classement, a annonc\u00e9 le minist\u00e8re, pr\u00e9cisant que l\u2019Alg\u00e9rie d\u00e9passe ainsi dans le classement la Tunisie, le Maroc, le Zimbabwe, l\u2019Ouganda, la Tanzanie et l\u2019Egypte.<\/p>\n<p>Le si\u00e8ge de l\u2019Agence Africaine du M\u00e9dicament (AMA) sera d\u00e9termin\u00e9 en juillet prochain, lors du Conseil ex\u00e9cutif r\u00e9unissant les ministres des Affaires \u00e9trang\u00e8res de l\u2019Union africaine (UA).<\/p>\n<p>Le Conseil ex\u00e9cutif de l\u2019UA devra porter son choix sur une shortlist des meilleures candidatures en application des recommandations de la Conf\u00e9rence des \u00e9tats parties.<\/p>\n<p>Les travaux de cette rencontre ont \u00e9t\u00e9 consacr\u00e9s \u00e0 l&#8217;adoption du r\u00e8glement int\u00e9rieur de l\u2019Agence Africaine du m\u00e9dicament et \u00e0 l\u2019examen des rapports des missions d\u2019\u00e9valuation effectu\u00e9es dans les huit  pays africains candidats pour abriter le si\u00e8ge de cette importante Agence continentale,explique la m\u00eame source.<\/p>\n<p>&#8220;Forte de ses ressources institutionnelles, r\u00e8glementaires et humaines et du d\u00e9veloppement sans pr\u00e9c\u00e9dent de son industrie pharmaceutique, mais aussi des garanties offertes \u00e0 l\u2019AMA, en application des instructions et du programme du pr\u00e9sident de la R\u00e9publique, la candidature de l\u2019Alg\u00e9rie appara\u00eet d\u00e9sormais comme favorite pour accueillir le si\u00e8ge de cette Agence&#8221;, souligne le communiqu\u00e9.<\/p>\n<p>Conduite par le ministre de l\u2019Industrie pharmaceutique, Abderrahmane Djamel Lotfi Benbahmed,  et assist\u00e9e par la repr\u00e9sentation diplomatique alg\u00e9rienne \u00e0 Addis-Abeba, la d\u00e9l\u00e9gation alg\u00e9rienne, s\u2019est f\u00e9licit\u00e9e de la conclusion des travaux tout en r\u00e9affirmant l\u2019importance strat\u00e9gique de cette agence dans le renforcement des capacit\u00e9s des Etats parties et la mutualisation des ressources et expertises africaines pour le d\u00e9veloppement de la production pharmaceutique a m\u00eame d\u2019assurer la souverainet\u00e9 sanitaire du continent, ajoute le communiqu\u00e9.<\/p>\n<p>APS.<\/p>\n","protected":false},"excerpt":{"rendered":"<p>ALGER &#8211; La candidature de l\u2019Alg\u00e9rie pour abriter le si\u00e8ge de l\u2019Agence africaine du m\u00e9dicament (AMA) arrive avec celle du Rwanda parmi les deux premi\u00e8res du classement, a annonc\u00e9 vendredi un communiqu\u00e9 du minist\u00e8re de l&#8217;Industrie pharmaceutique. Les conclusions du rapport des travaux de la Premi\u00e8re Conf\u00e9rence des Etats Parties au Trait\u00e9 portant cr\u00e9ation de &hellip;<\/p>\n","protected":false},"author":9,"featured_media":4889,"comment_status":"closed","ping_status":"closed","sticky":false,"template":"","format":"standard","meta":{"footnotes":""},"categories":[1],"tags":[],"class_list":["post-4888","post","type-post","status-publish","format-standard","has-post-thumbnail","hentry","category-actualite"],"yoast_head":"<!-- This site is optimized with the Yoast SEO plugin v27.0 - https:\/\/yoast.com\/product\/yoast-seo-wordpress\/ -->\n<title>1sant\u00e9 - L\u2019Alg\u00e9rie parmi les deux premiers candidats pour abriter le si\u00e8ge de l\u2019Agence africaine du m\u00e9dicament (AMA)<\/title>\n<meta name=\"description\" content=\"1sant\u00e9 - L\u2019Alg\u00e9rie parmi les deux premiers candidats pour abriter le si\u00e8ge de l\u2019Agence africaine du m\u00e9dicament (AMA)\" \/>\n<meta name=\"robots\" content=\"index, follow, max-snippet:-1, max-image-preview:large, max-video-preview:-1\" \/>\n<link rel=\"canonical\" href=\"https:\/\/www.1sante.com\/online\/lalgerie-parmi-les-deux-premiers-candidats-pour-abriter-le-siege-de-lama\/\" \/>\n<meta property=\"og:locale\" content=\"fr_FR\" \/>\n<meta property=\"og:type\" content=\"article\" \/>\n<meta property=\"og:title\" content=\"1sant\u00e9 - L\u2019Alg\u00e9rie parmi les deux premiers candidats pour abriter le si\u00e8ge de l\u2019Agence africaine du m\u00e9dicament (AMA)\" \/>\n<meta property=\"og:description\" content=\"1sant\u00e9 - L\u2019Alg\u00e9rie parmi les deux premiers candidats pour abriter le si\u00e8ge de l\u2019Agence africaine du m\u00e9dicament (AMA)\" \/>\n<meta property=\"og:url\" content=\"https:\/\/www.1sante.com\/online\/lalgerie-parmi-les-deux-premiers-candidats-pour-abriter-le-siege-de-lama\/\" \/>\n<meta property=\"og:site_name\" content=\"1sant\u00e9\" \/>\n<meta property=\"article:publisher\" content=\"https:\/\/web.facebook.com\/annuairemedical1sante\/\" \/>\n<meta property=\"article:published_time\" content=\"2022-06-03T08:57:39+00:00\" \/>\n<meta property=\"article:modified_time\" content=\"2024-05-10T17:45:49+00:00\" \/>\n<meta property=\"og:image\" content=\"https:\/\/www.1sante.com\/online\/wp-content\/uploads\/2022\/06\/ama.jpg\" \/>\n\t<meta property=\"og:image:width\" content=\"580\" \/>\n\t<meta property=\"og:image:height\" content=\"350\" \/>\n\t<meta property=\"og:image:type\" content=\"image\/jpeg\" \/>\n<meta name=\"author\" content=\"Redaction\" \/>\n<meta name=\"twitter:card\" content=\"summary_large_image\" \/>\n<meta name=\"twitter:label1\" content=\"\u00c9crit par\" \/>\n\t<meta name=\"twitter:data1\" content=\"Redaction\" \/>\n\t<meta name=\"twitter:label2\" content=\"Dur\u00e9e de lecture estim\u00e9e\" \/>\n\t<meta name=\"twitter:data2\" content=\"2 minutes\" \/>\n<script type=\"application\/ld+json\" class=\"yoast-schema-graph\">{\"@context\":\"https:\/\/schema.org\",\"@graph\":[{\"@type\":\"Article\",\"@id\":\"https:\/\/www.1sante.com\/online\/lalgerie-parmi-les-deux-premiers-candidats-pour-abriter-le-siege-de-lama\/#article\",\"isPartOf\":{\"@id\":\"https:\/\/www.1sante.com\/online\/lalgerie-parmi-les-deux-premiers-candidats-pour-abriter-le-siege-de-lama\/\"},\"author\":{\"name\":\"Redaction\",\"@id\":\"https:\/\/www.1sante.com\/online\/#\/schema\/person\/741bb9b09bae031795a6c95550c70430\"},\"headline\":\"L\u2019Alg\u00e9rie parmi les deux premiers candidats pour abriter le si\u00e8ge de l\u2019Agence africaine du m\u00e9dicament (AMA)\",\"datePublished\":\"2022-06-03T08:57:39+00:00\",\"dateModified\":\"2024-05-10T17:45:49+00:00\",\"mainEntityOfPage\":{\"@id\":\"https:\/\/www.1sante.com\/online\/lalgerie-parmi-les-deux-premiers-candidats-pour-abriter-le-siege-de-lama\/\"},\"wordCount\":421,\"image\":{\"@id\":\"https:\/\/www.1sante.com\/online\/lalgerie-parmi-les-deux-premiers-candidats-pour-abriter-le-siege-de-lama\/#primaryimage\"},\"thumbnailUrl\":\"https:\/\/www.1sante.com\/online\/wp-content\/uploads\/2022\/06\/ama.jpg\",\"articleSection\":[\"Actualit\u00e9\"],\"inLanguage\":\"fr-FR\"},{\"@type\":\"WebPage\",\"@id\":\"https:\/\/www.1sante.com\/online\/lalgerie-parmi-les-deux-premiers-candidats-pour-abriter-le-siege-de-lama\/\",\"url\":\"https:\/\/www.1sante.com\/online\/lalgerie-parmi-les-deux-premiers-candidats-pour-abriter-le-siege-de-lama\/\",\"name\":\"1sant\u00e9 - L\u2019Alg\u00e9rie parmi les deux premiers candidats pour abriter le si\u00e8ge de l\u2019Agence africaine du m\u00e9dicament (AMA)\",\"isPartOf\":{\"@id\":\"https:\/\/www.1sante.com\/online\/#website\"},\"primaryImageOfPage\":{\"@id\":\"https:\/\/www.1sante.com\/online\/lalgerie-parmi-les-deux-premiers-candidats-pour-abriter-le-siege-de-lama\/#primaryimage\"},\"image\":{\"@id\":\"https:\/\/www.1sante.com\/online\/lalgerie-parmi-les-deux-premiers-candidats-pour-abriter-le-siege-de-lama\/#primaryimage\"},\"thumbnailUrl\":\"https:\/\/www.1sante.com\/online\/wp-content\/uploads\/2022\/06\/ama.jpg\",\"datePublished\":\"2022-06-03T08:57:39+00:00\",\"dateModified\":\"2024-05-10T17:45:49+00:00\",\"author\":{\"@id\":\"https:\/\/www.1sante.com\/online\/#\/schema\/person\/741bb9b09bae031795a6c95550c70430\"},\"description\":\"1sant\u00e9 - L\u2019Alg\u00e9rie parmi les deux premiers candidats pour abriter le si\u00e8ge de l\u2019Agence africaine du m\u00e9dicament (AMA)\",\"breadcrumb\":{\"@id\":\"https:\/\/www.1sante.com\/online\/lalgerie-parmi-les-deux-premiers-candidats-pour-abriter-le-siege-de-lama\/#breadcrumb\"},\"inLanguage\":\"fr-FR\",\"potentialAction\":[{\"@type\":\"ReadAction\",\"target\":[\"https:\/\/www.1sante.com\/online\/lalgerie-parmi-les-deux-premiers-candidats-pour-abriter-le-siege-de-lama\/\"]}]},{\"@type\":\"ImageObject\",\"inLanguage\":\"fr-FR\",\"@id\":\"https:\/\/www.1sante.com\/online\/lalgerie-parmi-les-deux-premiers-candidats-pour-abriter-le-siege-de-lama\/#primaryimage\",\"url\":\"https:\/\/www.1sante.com\/online\/wp-content\/uploads\/2022\/06\/ama.jpg\",\"contentUrl\":\"https:\/\/www.1sante.com\/online\/wp-content\/uploads\/2022\/06\/ama.jpg\",\"width\":580,\"height\":350},{\"@type\":\"BreadcrumbList\",\"@id\":\"https:\/\/www.1sante.com\/online\/lalgerie-parmi-les-deux-premiers-candidats-pour-abriter-le-siege-de-lama\/#breadcrumb\",\"itemListElement\":[{\"@type\":\"ListItem\",\"position\":1,\"name\":\"Accueil\",\"item\":\"https:\/\/www.1sante.com\/online\/\"},{\"@type\":\"ListItem\",\"position\":2,\"name\":\"L\u2019Alg\u00e9rie parmi les deux premiers candidats pour abriter le si\u00e8ge de l\u2019Agence africaine du m\u00e9dicament (AMA)\"}]},{\"@type\":\"WebSite\",\"@id\":\"https:\/\/www.1sante.com\/online\/#website\",\"url\":\"https:\/\/www.1sante.com\/online\/\",\"name\":\"1sant\u00e9\",\"description\":\"1er Annuaire m\u00e9dical en Alg\u00e9rie\",\"potentialAction\":[{\"@type\":\"SearchAction\",\"target\":{\"@type\":\"EntryPoint\",\"urlTemplate\":\"https:\/\/www.1sante.com\/online\/?s={search_term_string}\"},\"query-input\":{\"@type\":\"PropertyValueSpecification\",\"valueRequired\":true,\"valueName\":\"search_term_string\"}}],\"inLanguage\":\"fr-FR\"},{\"@type\":\"Person\",\"@id\":\"https:\/\/www.1sante.com\/online\/#\/schema\/person\/741bb9b09bae031795a6c95550c70430\",\"name\":\"Redaction\",\"image\":{\"@type\":\"ImageObject\",\"inLanguage\":\"fr-FR\",\"@id\":\"https:\/\/www.1sante.com\/online\/#\/schema\/person\/image\/\",\"url\":\"https:\/\/secure.gravatar.com\/avatar\/74e5374845b7e78d6d398935ac5541e37b1ce37aab2f3f4092fef4ac231ba2c4?s=96&d=mm&r=g\",\"contentUrl\":\"https:\/\/secure.gravatar.com\/avatar\/74e5374845b7e78d6d398935ac5541e37b1ce37aab2f3f4092fef4ac231ba2c4?s=96&d=mm&r=g\",\"caption\":\"Redaction\"},\"url\":\"https:\/\/www.1sante.com\/online\/author\/redaction\/\"}]}<\/script>\n<!-- \/ Yoast SEO plugin. -->","yoast_head_json":{"title":"1sant\u00e9 - L\u2019Alg\u00e9rie parmi les deux premiers candidats pour abriter le si\u00e8ge de l\u2019Agence africaine du m\u00e9dicament (AMA)","description":"1sant\u00e9 - L\u2019Alg\u00e9rie parmi les deux premiers candidats pour abriter le si\u00e8ge de l\u2019Agence africaine du m\u00e9dicament (AMA)","robots":{"index":"index","follow":"follow","max-snippet":"max-snippet:-1","max-image-preview":"max-image-preview:large","max-video-preview":"max-video-preview:-1"},"canonical":"https:\/\/www.1sante.com\/online\/lalgerie-parmi-les-deux-premiers-candidats-pour-abriter-le-siege-de-lama\/","og_locale":"fr_FR","og_type":"article","og_title":"1sant\u00e9 - L\u2019Alg\u00e9rie parmi les deux premiers candidats pour abriter le si\u00e8ge de l\u2019Agence africaine du m\u00e9dicament (AMA)","og_description":"1sant\u00e9 - L\u2019Alg\u00e9rie parmi les deux premiers candidats pour abriter le si\u00e8ge de l\u2019Agence africaine du m\u00e9dicament (AMA)","og_url":"https:\/\/www.1sante.com\/online\/lalgerie-parmi-les-deux-premiers-candidats-pour-abriter-le-siege-de-lama\/","og_site_name":"1sant\u00e9","article_publisher":"https:\/\/web.facebook.com\/annuairemedical1sante\/","article_published_time":"2022-06-03T08:57:39+00:00","article_modified_time":"2024-05-10T17:45:49+00:00","og_image":[{"width":580,"height":350,"url":"https:\/\/www.1sante.com\/online\/wp-content\/uploads\/2022\/06\/ama.jpg","type":"image\/jpeg"}],"author":"Redaction","twitter_card":"summary_large_image","twitter_misc":{"\u00c9crit par":"Redaction","Dur\u00e9e de lecture estim\u00e9e":"2 minutes"},"schema":{"@context":"https:\/\/schema.org","@graph":[{"@type":"Article","@id":"https:\/\/www.1sante.com\/online\/lalgerie-parmi-les-deux-premiers-candidats-pour-abriter-le-siege-de-lama\/#article","isPartOf":{"@id":"https:\/\/www.1sante.com\/online\/lalgerie-parmi-les-deux-premiers-candidats-pour-abriter-le-siege-de-lama\/"},"author":{"name":"Redaction","@id":"https:\/\/www.1sante.com\/online\/#\/schema\/person\/741bb9b09bae031795a6c95550c70430"},"headline":"L\u2019Alg\u00e9rie parmi les deux premiers candidats pour abriter le si\u00e8ge de l\u2019Agence africaine du m\u00e9dicament (AMA)","datePublished":"2022-06-03T08:57:39+00:00","dateModified":"2024-05-10T17:45:49+00:00","mainEntityOfPage":{"@id":"https:\/\/www.1sante.com\/online\/lalgerie-parmi-les-deux-premiers-candidats-pour-abriter-le-siege-de-lama\/"},"wordCount":421,"image":{"@id":"https:\/\/www.1sante.com\/online\/lalgerie-parmi-les-deux-premiers-candidats-pour-abriter-le-siege-de-lama\/#primaryimage"},"thumbnailUrl":"https:\/\/www.1sante.com\/online\/wp-content\/uploads\/2022\/06\/ama.jpg","articleSection":["Actualit\u00e9"],"inLanguage":"fr-FR"},{"@type":"WebPage","@id":"https:\/\/www.1sante.com\/online\/lalgerie-parmi-les-deux-premiers-candidats-pour-abriter-le-siege-de-lama\/","url":"https:\/\/www.1sante.com\/online\/lalgerie-parmi-les-deux-premiers-candidats-pour-abriter-le-siege-de-lama\/","name":"1sant\u00e9 - L\u2019Alg\u00e9rie parmi les deux premiers candidats pour abriter le si\u00e8ge de l\u2019Agence africaine du m\u00e9dicament (AMA)","isPartOf":{"@id":"https:\/\/www.1sante.com\/online\/#website"},"primaryImageOfPage":{"@id":"https:\/\/www.1sante.com\/online\/lalgerie-parmi-les-deux-premiers-candidats-pour-abriter-le-siege-de-lama\/#primaryimage"},"image":{"@id":"https:\/\/www.1sante.com\/online\/lalgerie-parmi-les-deux-premiers-candidats-pour-abriter-le-siege-de-lama\/#primaryimage"},"thumbnailUrl":"https:\/\/www.1sante.com\/online\/wp-content\/uploads\/2022\/06\/ama.jpg","datePublished":"2022-06-03T08:57:39+00:00","dateModified":"2024-05-10T17:45:49+00:00","author":{"@id":"https:\/\/www.1sante.com\/online\/#\/schema\/person\/741bb9b09bae031795a6c95550c70430"},"description":"1sant\u00e9 - L\u2019Alg\u00e9rie parmi les deux premiers candidats pour abriter le si\u00e8ge de l\u2019Agence africaine du m\u00e9dicament (AMA)","breadcrumb":{"@id":"https:\/\/www.1sante.com\/online\/lalgerie-parmi-les-deux-premiers-candidats-pour-abriter-le-siege-de-lama\/#breadcrumb"},"inLanguage":"fr-FR","potentialAction":[{"@type":"ReadAction","target":["https:\/\/www.1sante.com\/online\/lalgerie-parmi-les-deux-premiers-candidats-pour-abriter-le-siege-de-lama\/"]}]},{"@type":"ImageObject","inLanguage":"fr-FR","@id":"https:\/\/www.1sante.com\/online\/lalgerie-parmi-les-deux-premiers-candidats-pour-abriter-le-siege-de-lama\/#primaryimage","url":"https:\/\/www.1sante.com\/online\/wp-content\/uploads\/2022\/06\/ama.jpg","contentUrl":"https:\/\/www.1sante.com\/online\/wp-content\/uploads\/2022\/06\/ama.jpg","width":580,"height":350},{"@type":"BreadcrumbList","@id":"https:\/\/www.1sante.com\/online\/lalgerie-parmi-les-deux-premiers-candidats-pour-abriter-le-siege-de-lama\/#breadcrumb","itemListElement":[{"@type":"ListItem","position":1,"name":"Accueil","item":"https:\/\/www.1sante.com\/online\/"},{"@type":"ListItem","position":2,"name":"L\u2019Alg\u00e9rie parmi les deux premiers candidats pour abriter le si\u00e8ge de l\u2019Agence africaine du m\u00e9dicament (AMA)"}]},{"@type":"WebSite","@id":"https:\/\/www.1sante.com\/online\/#website","url":"https:\/\/www.1sante.com\/online\/","name":"1sant\u00e9","description":"1er Annuaire m\u00e9dical en Alg\u00e9rie","potentialAction":[{"@type":"SearchAction","target":{"@type":"EntryPoint","urlTemplate":"https:\/\/www.1sante.com\/online\/?s={search_term_string}"},"query-input":{"@type":"PropertyValueSpecification","valueRequired":true,"valueName":"search_term_string"}}],"inLanguage":"fr-FR"},{"@type":"Person","@id":"https:\/\/www.1sante.com\/online\/#\/schema\/person\/741bb9b09bae031795a6c95550c70430","name":"Redaction","image":{"@type":"ImageObject","inLanguage":"fr-FR","@id":"https:\/\/www.1sante.com\/online\/#\/schema\/person\/image\/","url":"https:\/\/secure.gravatar.com\/avatar\/74e5374845b7e78d6d398935ac5541e37b1ce37aab2f3f4092fef4ac231ba2c4?s=96&d=mm&r=g","contentUrl":"https:\/\/secure.gravatar.com\/avatar\/74e5374845b7e78d6d398935ac5541e37b1ce37aab2f3f4092fef4ac231ba2c4?s=96&d=mm&r=g","caption":"Redaction"},"url":"https:\/\/www.1sante.com\/online\/author\/redaction\/"}]}},"_links":{"self":[{"href":"https:\/\/www.1sante.com\/online\/wp-json\/wp\/v2\/posts\/4888","targetHints":{"allow":["GET"]}}],"collection":[{"href":"https:\/\/www.1sante.com\/online\/wp-json\/wp\/v2\/posts"}],"about":[{"href":"https:\/\/www.1sante.com\/online\/wp-json\/wp\/v2\/types\/post"}],"author":[{"embeddable":true,"href":"https:\/\/www.1sante.com\/online\/wp-json\/wp\/v2\/users\/9"}],"replies":[{"embeddable":true,"href":"https:\/\/www.1sante.com\/online\/wp-json\/wp\/v2\/comments?post=4888"}],"version-history":[{"count":2,"href":"https:\/\/www.1sante.com\/online\/wp-json\/wp\/v2\/posts\/4888\/revisions"}],"predecessor-version":[{"id":4915,"href":"https:\/\/www.1sante.com\/online\/wp-json\/wp\/v2\/posts\/4888\/revisions\/4915"}],"wp:featuredmedia":[{"embeddable":true,"href":"https:\/\/www.1sante.com\/online\/wp-json\/wp\/v2\/media\/4889"}],"wp:attachment":[{"href":"https:\/\/www.1sante.com\/online\/wp-json\/wp\/v2\/media?parent=4888"}],"wp:term":[{"taxonomy":"category","embeddable":true,"href":"https:\/\/www.1sante.com\/online\/wp-json\/wp\/v2\/categories?post=4888"},{"taxonomy":"post_tag","embeddable":true,"href":"https:\/\/www.1sante.com\/online\/wp-json\/wp\/v2\/tags?post=4888"}],"curies":[{"name":"wp","href":"https:\/\/api.w.org\/{rel}","templated":true}]}}