{"id":28581,"date":"2026-08-31T11:00:50","date_gmt":"2026-08-31T10:00:50","guid":{"rendered":"https:\/\/www.1sante.com\/online\/?p=28581"},"modified":"2026-08-31T11:00:50","modified_gmt":"2026-08-31T10:00:50","slug":"envoi-dune-clinique-mobile-dans-la-wilaya-de-jijel-pour-renforcer-la-prise-en-charge-sanitaire-des-sinistres","status":"publish","type":"post","link":"https:\/\/www.1sante.com\/online\/envoi-dune-clinique-mobile-dans-la-wilaya-de-jijel-pour-renforcer-la-prise-en-charge-sanitaire-des-sinistres\/","title":{"rendered":"Envoi d&#8217;une clinique mobile dans la wilaya de Jijel pour renforcer la prise en charge sanitaire des sinistr\u00e9s"},"content":{"rendered":"<p>Le minist\u00e8re de la Sant\u00e9 a proc\u00e9d\u00e9, dimanche, \u00e0 l&#8217;envoi d&#8217;une clinique m\u00e9dicale mobile en direction de la wilaya de Jijel, dans le cadre de la poursuite des efforts visant \u00e0 assurer une prise en charge sanitaire optimale des citoyens sinistr\u00e9s suite aux r\u00e9cents incendies ayant touch\u00e9 plusieurs wilayas de l&#8217;est et du centre du pays.<\/p>\n<p>Cette initiative, lanc\u00e9e depuis le si\u00e8ge de la Pharmacie centrale des h\u00f4pitaux (PCH) \u00e0 Alger, en ex\u00e9cution des instructions du ministre de la Sant\u00e9, Mohamed Seddik Ait Messaoudene, vise \u00e0 &#8220;renforcer la couverture sanitaire et rapprocher les services m\u00e9dicaux des citoyens, en assurant les soins et la prise en charge sanitaire et psychologique, et en r\u00e9pondant aux besoins sanitaires exprim\u00e9s au niveau local en ces circonstances exceptionnelles&#8221;.<\/p>\n<p>A cet \u00e9gard, la sous-directrice au minist\u00e8re de la Sant\u00e9, Bensemmane Radia, a d\u00e9clar\u00e9 que cette clinique m\u00e9dicale mobile est &#8220;\u00e9quip\u00e9e de l&#8217;ensemble des moyens et fournitures m\u00e9dicales et encadr\u00e9e par des \u00e9quipes m\u00e9dicales et param\u00e9dicales&#8221;, ajoutant que &#8220;deux autres cliniques mobiles seront d\u00e9ploy\u00e9es \u00e0 partir de lundi, afin de couvrir d&#8217;autres wilayas&#8221;.<\/p>\n<p>Source : www.aps.dz<\/p>\n","protected":false},"excerpt":{"rendered":"<p>Le minist\u00e8re de la Sant\u00e9 a proc\u00e9d\u00e9, dimanche, \u00e0 l&#8217;envoi d&#8217;une clinique m\u00e9dicale mobile en direction de la wilaya de Jijel, dans le cadre de la poursuite des efforts visant \u00e0 assurer une prise en charge sanitaire optimale des citoyens sinistr\u00e9s suite aux r\u00e9cents incendies ayant touch\u00e9 plusieurs wilayas de l&#8217;est et du centre du &hellip;<\/p>\n","protected":false},"author":2,"featured_media":28582,"comment_status":"closed","ping_status":"closed","sticky":false,"template":"","format":"standard","meta":{"footnotes":""},"categories":[1],"tags":[],"class_list":["post-28581","post","type-post","status-publish","format-standard","has-post-thumbnail","hentry","category-actualite"],"yoast_head":"<!-- This site is optimized with the Yoast SEO plugin v27.0 - https:\/\/yoast.com\/product\/yoast-seo-wordpress\/ -->\n<title>1sant\u00e9 - Envoi d&#039;une clinique mobile dans la wilaya de Jijel pour renforcer la prise en charge sanitaire des sinistr\u00e9s<\/title>\n<meta name=\"description\" content=\"1sant\u00e9 - Envoi d&#039;une clinique mobile dans la wilaya de Jijel pour renforcer la prise en charge sanitaire des sinistr\u00e9s\" \/>\n<meta name=\"robots\" content=\"index, follow, max-snippet:-1, max-image-preview:large, max-video-preview:-1\" \/>\n<link rel=\"canonical\" href=\"https:\/\/www.1sante.com\/online\/envoi-dune-clinique-mobile-dans-la-wilaya-de-jijel-pour-renforcer-la-prise-en-charge-sanitaire-des-sinistres\/\" \/>\n<meta property=\"og:locale\" content=\"fr_FR\" \/>\n<meta property=\"og:type\" content=\"article\" \/>\n<meta property=\"og:title\" content=\"1sant\u00e9 - Envoi d&#039;une clinique mobile dans la wilaya de Jijel pour renforcer la prise en charge sanitaire des sinistr\u00e9s\" \/>\n<meta property=\"og:description\" content=\"1sant\u00e9 - Envoi d&#039;une clinique mobile dans la wilaya de Jijel pour renforcer la prise en charge sanitaire des sinistr\u00e9s\" \/>\n<meta property=\"og:url\" content=\"https:\/\/www.1sante.com\/online\/envoi-dune-clinique-mobile-dans-la-wilaya-de-jijel-pour-renforcer-la-prise-en-charge-sanitaire-des-sinistres\/\" \/>\n<meta property=\"og:site_name\" content=\"1sant\u00e9\" \/>\n<meta property=\"article:publisher\" content=\"https:\/\/web.facebook.com\/annuairemedical1sante\/\" \/>\n<meta property=\"article:published_time\" content=\"2026-08-31T10:00:50+00:00\" \/>\n<meta property=\"og:image\" content=\"https:\/\/www.1sante.com\/online\/wp-content\/uploads\/2026\/08\/image00118.webp\" \/>\n\t<meta property=\"og:image:width\" content=\"1080\" \/>\n\t<meta property=\"og:image:height\" content=\"607\" \/>\n\t<meta property=\"og:image:type\" content=\"image\/webp\" \/>\n<meta name=\"author\" content=\"webmaster\" \/>\n<meta name=\"twitter:card\" content=\"summary_large_image\" \/>\n<meta name=\"twitter:label1\" content=\"\u00c9crit par\" \/>\n\t<meta name=\"twitter:data1\" content=\"webmaster\" \/>\n\t<meta name=\"twitter:label2\" content=\"Dur\u00e9e de lecture estim\u00e9e\" \/>\n\t<meta name=\"twitter:data2\" content=\"1 minute\" \/>\n<script type=\"application\/ld+json\" class=\"yoast-schema-graph\">{\"@context\":\"https:\/\/schema.org\",\"@graph\":[{\"@type\":\"Article\",\"@id\":\"https:\/\/www.1sante.com\/online\/envoi-dune-clinique-mobile-dans-la-wilaya-de-jijel-pour-renforcer-la-prise-en-charge-sanitaire-des-sinistres\/#article\",\"isPartOf\":{\"@id\":\"https:\/\/www.1sante.com\/online\/envoi-dune-clinique-mobile-dans-la-wilaya-de-jijel-pour-renforcer-la-prise-en-charge-sanitaire-des-sinistres\/\"},\"author\":{\"name\":\"webmaster\",\"@id\":\"https:\/\/www.1sante.com\/online\/#\/schema\/person\/c91e2c7ca42dbecf550f07a22865cba6\"},\"headline\":\"Envoi d&#8217;une clinique mobile dans la wilaya de Jijel pour renforcer la prise en charge sanitaire des sinistr\u00e9s\",\"datePublished\":\"2026-08-31T10:00:50+00:00\",\"mainEntityOfPage\":{\"@id\":\"https:\/\/www.1sante.com\/online\/envoi-dune-clinique-mobile-dans-la-wilaya-de-jijel-pour-renforcer-la-prise-en-charge-sanitaire-des-sinistres\/\"},\"wordCount\":216,\"publisher\":{\"@id\":\"https:\/\/www.1sante.com\/online\/#organization\"},\"image\":{\"@id\":\"https:\/\/www.1sante.com\/online\/envoi-dune-clinique-mobile-dans-la-wilaya-de-jijel-pour-renforcer-la-prise-en-charge-sanitaire-des-sinistres\/#primaryimage\"},\"thumbnailUrl\":\"https:\/\/www.1sante.com\/online\/wp-content\/uploads\/2026\/08\/image00118.webp\",\"articleSection\":[\"Actualit\u00e9\"],\"inLanguage\":\"fr-FR\"},{\"@type\":\"WebPage\",\"@id\":\"https:\/\/www.1sante.com\/online\/envoi-dune-clinique-mobile-dans-la-wilaya-de-jijel-pour-renforcer-la-prise-en-charge-sanitaire-des-sinistres\/\",\"url\":\"https:\/\/www.1sante.com\/online\/envoi-dune-clinique-mobile-dans-la-wilaya-de-jijel-pour-renforcer-la-prise-en-charge-sanitaire-des-sinistres\/\",\"name\":\"1sant\u00e9 - Envoi d'une clinique mobile dans la wilaya de Jijel pour renforcer la prise en charge sanitaire des sinistr\u00e9s\",\"isPartOf\":{\"@id\":\"https:\/\/www.1sante.com\/online\/#website\"},\"primaryImageOfPage\":{\"@id\":\"https:\/\/www.1sante.com\/online\/envoi-dune-clinique-mobile-dans-la-wilaya-de-jijel-pour-renforcer-la-prise-en-charge-sanitaire-des-sinistres\/#primaryimage\"},\"image\":{\"@id\":\"https:\/\/www.1sante.com\/online\/envoi-dune-clinique-mobile-dans-la-wilaya-de-jijel-pour-renforcer-la-prise-en-charge-sanitaire-des-sinistres\/#primaryimage\"},\"thumbnailUrl\":\"https:\/\/www.1sante.com\/online\/wp-content\/uploads\/2026\/08\/image00118.webp\",\"datePublished\":\"2026-08-31T10:00:50+00:00\",\"description\":\"1sant\u00e9 - Envoi d'une clinique mobile dans la wilaya de Jijel pour renforcer la prise en charge sanitaire des sinistr\u00e9s\",\"breadcrumb\":{\"@id\":\"https:\/\/www.1sante.com\/online\/envoi-dune-clinique-mobile-dans-la-wilaya-de-jijel-pour-renforcer-la-prise-en-charge-sanitaire-des-sinistres\/#breadcrumb\"},\"inLanguage\":\"fr-FR\",\"potentialAction\":[{\"@type\":\"ReadAction\",\"target\":[\"https:\/\/www.1sante.com\/online\/envoi-dune-clinique-mobile-dans-la-wilaya-de-jijel-pour-renforcer-la-prise-en-charge-sanitaire-des-sinistres\/\"]}]},{\"@type\":\"ImageObject\",\"inLanguage\":\"fr-FR\",\"@id\":\"https:\/\/www.1sante.com\/online\/envoi-dune-clinique-mobile-dans-la-wilaya-de-jijel-pour-renforcer-la-prise-en-charge-sanitaire-des-sinistres\/#primaryimage\",\"url\":\"https:\/\/www.1sante.com\/online\/wp-content\/uploads\/2026\/08\/image00118.webp\",\"contentUrl\":\"https:\/\/www.1sante.com\/online\/wp-content\/uploads\/2026\/08\/image00118.webp\",\"width\":1080,\"height\":607},{\"@type\":\"BreadcrumbList\",\"@id\":\"https:\/\/www.1sante.com\/online\/envoi-dune-clinique-mobile-dans-la-wilaya-de-jijel-pour-renforcer-la-prise-en-charge-sanitaire-des-sinistres\/#breadcrumb\",\"itemListElement\":[{\"@type\":\"ListItem\",\"position\":1,\"name\":\"Accueil\",\"item\":\"https:\/\/www.1sante.com\/online\/\"},{\"@type\":\"ListItem\",\"position\":2,\"name\":\"Envoi d&#8217;une clinique mobile dans la wilaya de Jijel pour renforcer la prise en charge sanitaire des sinistr\u00e9s\"}]},{\"@type\":\"WebSite\",\"@id\":\"https:\/\/www.1sante.com\/online\/#website\",\"url\":\"https:\/\/www.1sante.com\/online\/\",\"name\":\"1sant\u00e9\",\"description\":\"1er Annuaire m\u00e9dical en Alg\u00e9rie\",\"publisher\":{\"@id\":\"https:\/\/www.1sante.com\/online\/#organization\"},\"potentialAction\":[{\"@type\":\"SearchAction\",\"target\":{\"@type\":\"EntryPoint\",\"urlTemplate\":\"https:\/\/www.1sante.com\/online\/?s={search_term_string}\"},\"query-input\":{\"@type\":\"PropertyValueSpecification\",\"valueRequired\":true,\"valueName\":\"search_term_string\"}}],\"inLanguage\":\"fr-FR\"},{\"@type\":\"Organization\",\"@id\":\"https:\/\/www.1sante.com\/online\/#organization\",\"name\":\"Dzair info\",\"url\":\"https:\/\/www.1sante.com\/online\/\",\"logo\":{\"@type\":\"ImageObject\",\"inLanguage\":\"fr-FR\",\"@id\":\"https:\/\/www.1sante.com\/online\/#\/schema\/logo\/image\/\",\"url\":\"https:\/\/www.1sante.com\/online\/wp-content\/uploads\/2026\/05\/logo-dzair-info.png\",\"contentUrl\":\"https:\/\/www.1sante.com\/online\/wp-content\/uploads\/2026\/05\/logo-dzair-info.png\",\"width\":236,\"height\":160,\"caption\":\"Dzair info\"},\"image\":{\"@id\":\"https:\/\/www.1sante.com\/online\/#\/schema\/logo\/image\/\"},\"sameAs\":[\"https:\/\/web.facebook.com\/annuairemedical1sante\/\"]},{\"@type\":\"Person\",\"@id\":\"https:\/\/www.1sante.com\/online\/#\/schema\/person\/c91e2c7ca42dbecf550f07a22865cba6\",\"name\":\"webmaster\",\"image\":{\"@type\":\"ImageObject\",\"inLanguage\":\"fr-FR\",\"@id\":\"https:\/\/www.1sante.com\/online\/#\/schema\/person\/image\/\",\"url\":\"https:\/\/secure.gravatar.com\/avatar\/b115600ec130bcd8bc2ac9dbad25fdfe061bb026ed3e5c07baf14c928e7aeaa1?s=96&d=mm&r=g\",\"contentUrl\":\"https:\/\/secure.gravatar.com\/avatar\/b115600ec130bcd8bc2ac9dbad25fdfe061bb026ed3e5c07baf14c928e7aeaa1?s=96&d=mm&r=g\",\"caption\":\"webmaster\"},\"url\":\"https:\/\/www.1sante.com\/online\/author\/webmaster\/\"}]}<\/script>\n<!-- \/ Yoast SEO plugin. -->","yoast_head_json":{"title":"1sant\u00e9 - Envoi d'une clinique mobile dans la wilaya de Jijel pour renforcer la prise en charge sanitaire des sinistr\u00e9s","description":"1sant\u00e9 - Envoi d'une clinique mobile dans la wilaya de Jijel pour renforcer la prise en charge sanitaire des sinistr\u00e9s","robots":{"index":"index","follow":"follow","max-snippet":"max-snippet:-1","max-image-preview":"max-image-preview:large","max-video-preview":"max-video-preview:-1"},"canonical":"https:\/\/www.1sante.com\/online\/envoi-dune-clinique-mobile-dans-la-wilaya-de-jijel-pour-renforcer-la-prise-en-charge-sanitaire-des-sinistres\/","og_locale":"fr_FR","og_type":"article","og_title":"1sant\u00e9 - Envoi d'une clinique mobile dans la wilaya de Jijel pour renforcer la prise en charge sanitaire des sinistr\u00e9s","og_description":"1sant\u00e9 - Envoi d'une clinique mobile dans la wilaya de Jijel pour renforcer la prise en charge sanitaire des sinistr\u00e9s","og_url":"https:\/\/www.1sante.com\/online\/envoi-dune-clinique-mobile-dans-la-wilaya-de-jijel-pour-renforcer-la-prise-en-charge-sanitaire-des-sinistres\/","og_site_name":"1sant\u00e9","article_publisher":"https:\/\/web.facebook.com\/annuairemedical1sante\/","article_published_time":"2026-08-31T10:00:50+00:00","og_image":[{"width":1080,"height":607,"url":"https:\/\/www.1sante.com\/online\/wp-content\/uploads\/2026\/08\/image00118.webp","type":"image\/webp"}],"author":"webmaster","twitter_card":"summary_large_image","twitter_misc":{"\u00c9crit par":"webmaster","Dur\u00e9e de lecture estim\u00e9e":"1 minute"},"schema":{"@context":"https:\/\/schema.org","@graph":[{"@type":"Article","@id":"https:\/\/www.1sante.com\/online\/envoi-dune-clinique-mobile-dans-la-wilaya-de-jijel-pour-renforcer-la-prise-en-charge-sanitaire-des-sinistres\/#article","isPartOf":{"@id":"https:\/\/www.1sante.com\/online\/envoi-dune-clinique-mobile-dans-la-wilaya-de-jijel-pour-renforcer-la-prise-en-charge-sanitaire-des-sinistres\/"},"author":{"name":"webmaster","@id":"https:\/\/www.1sante.com\/online\/#\/schema\/person\/c91e2c7ca42dbecf550f07a22865cba6"},"headline":"Envoi d&#8217;une clinique mobile dans la wilaya de Jijel pour renforcer la prise en charge sanitaire des sinistr\u00e9s","datePublished":"2026-08-31T10:00:50+00:00","mainEntityOfPage":{"@id":"https:\/\/www.1sante.com\/online\/envoi-dune-clinique-mobile-dans-la-wilaya-de-jijel-pour-renforcer-la-prise-en-charge-sanitaire-des-sinistres\/"},"wordCount":216,"publisher":{"@id":"https:\/\/www.1sante.com\/online\/#organization"},"image":{"@id":"https:\/\/www.1sante.com\/online\/envoi-dune-clinique-mobile-dans-la-wilaya-de-jijel-pour-renforcer-la-prise-en-charge-sanitaire-des-sinistres\/#primaryimage"},"thumbnailUrl":"https:\/\/www.1sante.com\/online\/wp-content\/uploads\/2026\/08\/image00118.webp","articleSection":["Actualit\u00e9"],"inLanguage":"fr-FR"},{"@type":"WebPage","@id":"https:\/\/www.1sante.com\/online\/envoi-dune-clinique-mobile-dans-la-wilaya-de-jijel-pour-renforcer-la-prise-en-charge-sanitaire-des-sinistres\/","url":"https:\/\/www.1sante.com\/online\/envoi-dune-clinique-mobile-dans-la-wilaya-de-jijel-pour-renforcer-la-prise-en-charge-sanitaire-des-sinistres\/","name":"1sant\u00e9 - Envoi d'une clinique mobile dans la wilaya de Jijel pour renforcer la prise en charge sanitaire des sinistr\u00e9s","isPartOf":{"@id":"https:\/\/www.1sante.com\/online\/#website"},"primaryImageOfPage":{"@id":"https:\/\/www.1sante.com\/online\/envoi-dune-clinique-mobile-dans-la-wilaya-de-jijel-pour-renforcer-la-prise-en-charge-sanitaire-des-sinistres\/#primaryimage"},"image":{"@id":"https:\/\/www.1sante.com\/online\/envoi-dune-clinique-mobile-dans-la-wilaya-de-jijel-pour-renforcer-la-prise-en-charge-sanitaire-des-sinistres\/#primaryimage"},"thumbnailUrl":"https:\/\/www.1sante.com\/online\/wp-content\/uploads\/2026\/08\/image00118.webp","datePublished":"2026-08-31T10:00:50+00:00","description":"1sant\u00e9 - Envoi d'une clinique mobile dans la wilaya de Jijel pour renforcer la prise en charge sanitaire des sinistr\u00e9s","breadcrumb":{"@id":"https:\/\/www.1sante.com\/online\/envoi-dune-clinique-mobile-dans-la-wilaya-de-jijel-pour-renforcer-la-prise-en-charge-sanitaire-des-sinistres\/#breadcrumb"},"inLanguage":"fr-FR","potentialAction":[{"@type":"ReadAction","target":["https:\/\/www.1sante.com\/online\/envoi-dune-clinique-mobile-dans-la-wilaya-de-jijel-pour-renforcer-la-prise-en-charge-sanitaire-des-sinistres\/"]}]},{"@type":"ImageObject","inLanguage":"fr-FR","@id":"https:\/\/www.1sante.com\/online\/envoi-dune-clinique-mobile-dans-la-wilaya-de-jijel-pour-renforcer-la-prise-en-charge-sanitaire-des-sinistres\/#primaryimage","url":"https:\/\/www.1sante.com\/online\/wp-content\/uploads\/2026\/08\/image00118.webp","contentUrl":"https:\/\/www.1sante.com\/online\/wp-content\/uploads\/2026\/08\/image00118.webp","width":1080,"height":607},{"@type":"BreadcrumbList","@id":"https:\/\/www.1sante.com\/online\/envoi-dune-clinique-mobile-dans-la-wilaya-de-jijel-pour-renforcer-la-prise-en-charge-sanitaire-des-sinistres\/#breadcrumb","itemListElement":[{"@type":"ListItem","position":1,"name":"Accueil","item":"https:\/\/www.1sante.com\/online\/"},{"@type":"ListItem","position":2,"name":"Envoi d&#8217;une clinique mobile dans la wilaya de Jijel pour renforcer la prise en charge sanitaire des sinistr\u00e9s"}]},{"@type":"WebSite","@id":"https:\/\/www.1sante.com\/online\/#website","url":"https:\/\/www.1sante.com\/online\/","name":"1sant\u00e9","description":"1er Annuaire m\u00e9dical en Alg\u00e9rie","publisher":{"@id":"https:\/\/www.1sante.com\/online\/#organization"},"potentialAction":[{"@type":"SearchAction","target":{"@type":"EntryPoint","urlTemplate":"https:\/\/www.1sante.com\/online\/?s={search_term_string}"},"query-input":{"@type":"PropertyValueSpecification","valueRequired":true,"valueName":"search_term_string"}}],"inLanguage":"fr-FR"},{"@type":"Organization","@id":"https:\/\/www.1sante.com\/online\/#organization","name":"Dzair info","url":"https:\/\/www.1sante.com\/online\/","logo":{"@type":"ImageObject","inLanguage":"fr-FR","@id":"https:\/\/www.1sante.com\/online\/#\/schema\/logo\/image\/","url":"https:\/\/www.1sante.com\/online\/wp-content\/uploads\/2026\/05\/logo-dzair-info.png","contentUrl":"https:\/\/www.1sante.com\/online\/wp-content\/uploads\/2026\/05\/logo-dzair-info.png","width":236,"height":160,"caption":"Dzair info"},"image":{"@id":"https:\/\/www.1sante.com\/online\/#\/schema\/logo\/image\/"},"sameAs":["https:\/\/web.facebook.com\/annuairemedical1sante\/"]},{"@type":"Person","@id":"https:\/\/www.1sante.com\/online\/#\/schema\/person\/c91e2c7ca42dbecf550f07a22865cba6","name":"webmaster","image":{"@type":"ImageObject","inLanguage":"fr-FR","@id":"https:\/\/www.1sante.com\/online\/#\/schema\/person\/image\/","url":"https:\/\/secure.gravatar.com\/avatar\/b115600ec130bcd8bc2ac9dbad25fdfe061bb026ed3e5c07baf14c928e7aeaa1?s=96&d=mm&r=g","contentUrl":"https:\/\/secure.gravatar.com\/avatar\/b115600ec130bcd8bc2ac9dbad25fdfe061bb026ed3e5c07baf14c928e7aeaa1?s=96&d=mm&r=g","caption":"webmaster"},"url":"https:\/\/www.1sante.com\/online\/author\/webmaster\/"}]}},"_links":{"self":[{"href":"https:\/\/www.1sante.com\/online\/wp-json\/wp\/v2\/posts\/28581","targetHints":{"allow":["GET"]}}],"collection":[{"href":"https:\/\/www.1sante.com\/online\/wp-json\/wp\/v2\/posts"}],"about":[{"href":"https:\/\/www.1sante.com\/online\/wp-json\/wp\/v2\/types\/post"}],"author":[{"embeddable":true,"href":"https:\/\/www.1sante.com\/online\/wp-json\/wp\/v2\/users\/2"}],"replies":[{"embeddable":true,"href":"https:\/\/www.1sante.com\/online\/wp-json\/wp\/v2\/comments?post=28581"}],"version-history":[{"count":1,"href":"https:\/\/www.1sante.com\/online\/wp-json\/wp\/v2\/posts\/28581\/revisions"}],"predecessor-version":[{"id":28583,"href":"https:\/\/www.1sante.com\/online\/wp-json\/wp\/v2\/posts\/28581\/revisions\/28583"}],"wp:featuredmedia":[{"embeddable":true,"href":"https:\/\/www.1sante.com\/online\/wp-json\/wp\/v2\/media\/28582"}],"wp:attachment":[{"href":"https:\/\/www.1sante.com\/online\/wp-json\/wp\/v2\/media?parent=28581"}],"wp:term":[{"taxonomy":"category","embeddable":true,"href":"https:\/\/www.1sante.com\/online\/wp-json\/wp\/v2\/categories?post=28581"},{"taxonomy":"post_tag","embeddable":true,"href":"https:\/\/www.1sante.com\/online\/wp-json\/wp\/v2\/tags?post=28581"}],"curies":[{"name":"wp","href":"https:\/\/api.w.org\/{rel}","templated":true}]}}