{"id":26825,"date":"2026-04-25T04:28:01","date_gmt":"2026-04-25T03:28:01","guid":{"rendered":"https:\/\/www.1sante.com\/online\/?p=26825"},"modified":"2026-04-25T04:28:01","modified_gmt":"2026-04-25T03:28:01","slug":"le-ministre-de-la-sante-souligne-le-role-de-la-commission","status":"publish","type":"post","link":"https:\/\/www.1sante.com\/online\/le-ministre-de-la-sante-souligne-le-role-de-la-commission\/","title":{"rendered":"Le ministre de la Sant\u00e9 souligne le r\u00f4le de la Commission&#8230;."},"content":{"rendered":"<p>Le ministre de la Sant\u00e9, Mohamed Seddik Ait Messaoudene, a soulign\u00e9 que le renouvellement du mandat de la Commission nationale de la population refl\u00e8te la ferme volont\u00e9 des pouvoirs publics de poursuivre le soutien aux m\u00e9canismes de concertation et de coordination entre les diff\u00e9rents intervenants en mati\u00e8re de population et de d\u00e9veloppement, indique, mercredi, un communiqu\u00e9 du minist\u00e8re.<\/p>\n<p>Dans une allocution lue en son nom par le chef de cabinet du minist\u00e8re, M. Hadj Mouati Khalil R\u00e9da, \u00e0 l&#8217;occasion de l&#8217;installation, mardi, de la Commission nationale de la population pour son nouveau mandat, le ministre a affirm\u00e9 que &#8220;le renouvellement du mandat de la commission traduit la forte volont\u00e9 des pouvoirs publics de poursuivre le soutien aux m\u00e9canismes de concertation et de coordination entre les diff\u00e9rents acteurs en mati\u00e8re de population et de d\u00e9veloppement&#8221;.<\/p>\n<p>Il a, en outre, soulign\u00e9 que cette coordination s&#8217;inscrit dans &#8220;le souci d&#8217;int\u00e9grer la dimension d\u00e9mographique dans les diff\u00e9rentes strat\u00e9gies et programmes sectoriels, de mani\u00e8re \u00e0 garantir un \u00e9quilibre entre la croissance d\u00e9mographique et le d\u00e9veloppement socio\u00e9conomique, tout en anticipant les perspectives futures dans ce domaine&#8221;.<\/p>\n<p>Abordant les questions li\u00e9es \u00e0 la population, le ministre a indiqu\u00e9 qu&#8217;elles &#8220;constituent un axe strat\u00e9gique dans l&#8217;ensemble des politiques publiques, allant de l&#8217;\u00e9ducation et de la sant\u00e9 \u00e0 l&#8217;emploi et au logement, ainsi qu&#8217;\u00e0 l&#8217;investissement dans les ressources humaines, notamment la jeunesse, outre la promotion de la sant\u00e9 reproductive et l&#8217;\u00e9limination de toute forme de violence, en vue de parvenir \u00e0 la justice sociale et au d\u00e9veloppement durable&#8221;.<\/p>\n<p>Dans ce cadre, M. Ait Messaoudene a mis en exergue &#8220;le r\u00f4le de la Commission nationale de la population dans la proposition des orientations et axes fondamentaux de la politique nationale de la population, l&#8217;\u00e9valuation des programmes et le renforcement de la coordination entre les diff\u00e9rents acteurs&#8221;.<\/p>\n<p>Il a \u00e9galement mis en avant les r\u00e9alisations accomplies par la commission depuis sa cr\u00e9ation, soulignant qu&#8217;elle a jou\u00e9, au cours de ses pr\u00e9c\u00e9dents mandats, un r\u00f4le pivot dans &#8220;l&#8217;actualisation des bases de donn\u00e9es et la contribution \u00e0 l&#8217;\u00e9laboration de projections d\u00e9mographiques permettant d&#8217;anticiper les d\u00e9fis et les perspectives du d\u00e9veloppement durable, outre sa participation \u00e0 l&#8217;\u00e9laboration de plans nationaux multisectoriels&#8221;.<\/p>\n<p>Le ministre a rappel\u00e9 la r\u00e9alisation par la commission &#8220;d&#8217;\u00e9tudes approfondies sur la f\u00e9condit\u00e9, la mortalit\u00e9 et la situation de la femme, en sus de l&#8217;accompagnement des commissions de wilaya et du renforcement de leurs capacit\u00e9s, en particulier dans les zones \u00e0 faibles indicateurs, tout en \u0153uvrant \u00e0 l&#8217;int\u00e9gration des questions d\u00e9mographiques dans les plans de d\u00e9veloppement local&#8221;.<\/p>\n<p>Il a, par ailleurs, mis en exergue &#8220;les efforts d\u00e9ploy\u00e9s en mati\u00e8re d&#8217;information et de sensibilisation, \u00e0 travers la mobilisation de l&#8217;ensemble des acteurs, y compris les m\u00e9dias, la promotion des activit\u00e9s de communication et d&#8217;\u00e9ducation d\u00e9mographique, le soutien aux programmes de sant\u00e9 reproductive et de planification familiale, de m\u00eame que l&#8217;actualisation de la feuille de route pour la p\u00e9riode 2025-2030&#8221;, lit-on dans le communiqu\u00e9.<\/p>\n<p>Ces efforts &#8220;s&#8217;inscrivent dans le cadre des missions l\u00e9gales de la commission, notamment la contribution \u00e0 la d\u00e9finition et \u00e0 l&#8217;actualisation de la politique publique de population, l&#8217;\u00e9valuation des programmes sectoriels, la proposition d&#8217;\u00e9tudes et de mesures \u00e0 m\u00eame d&#8217;assurer un \u00e9quilibre entre la croissance d\u00e9mographique et le d\u00e9veloppement socio-\u00e9conomique, outre la collecte et l&#8217;analyse des donn\u00e9es, le renforcement des syst\u00e8mes d&#8217;information, et la promotion des actions de sensibilisation et de coordination&#8221;, a-t-il ajout\u00e9.<\/p>\n<p>Il a, en outre, fait observer que ces d\u00e9marches reposent sur la conviction de la n\u00e9cessit\u00e9 d&#8217;adopter une approche\u00a0multisectorielle\u00a0, impliquant l&#8217;ensemble des acteurs afin de relever les d\u00e9fis d\u00e9mographiques et d&#8217;am\u00e9liorer les indicateurs de d\u00e9veloppement, particuli\u00e8rement dans les domaines de la sant\u00e9 reproductive, de l&#8217;autonomisation des femmes, de l&#8217;\u00e9ducation, de l&#8217;emploi, en plus de la r\u00e9duction de la mortalit\u00e9 maternelle et infantile, en coh\u00e9rence avec les engagements internationaux de l&#8217;Alg\u00e9rie et les perspectives de d\u00e9veloppement durable.<\/p>\n<p>Dans ce contexte, M. Ait Messaoudene a soulign\u00e9 la &#8220;contribution de la commission \u00e0 la concr\u00e9tisation des engagements internationaux de l&#8217;Alg\u00e9rie, notamment le programme d&#8217;action de la Conf\u00e9rence internationale sur la population et le d\u00e9veloppement, \u00e0 travers l&#8217;adoption d&#8217;un plan d&#8217;action multisectoriel traduisant les recommandations de la D\u00e9claration du Caire et la D\u00e9claration d&#8217;Addis-Abeba&#8221;.<\/p>\n<p>Il a pr\u00e9cis\u00e9, dans cette optique, que le nouveau mandat de la commission &#8220;impose de redoubler d&#8217;efforts, de renforcer l&#8217;action participative et de soutenir l&#8217;approche multisectorielle, \u00e0 la lumi\u00e8re des mutations d\u00e9mographiques et des d\u00e9fis mondiaux, ainsi que de l&#8217;approche des \u00e9ch\u00e9ances de l&#8217;agenda 2030 pour le d\u00e9veloppement durable&#8221;. Ce mandat constitue &#8220;une opportunit\u00e9 de renforcer les acquis, d&#8217;acc\u00e9l\u00e9rer le rythme de r\u00e9alisation et d&#8217;intensifier la coordination entre diff\u00e9rents partenaires, garantissant ainsi la r\u00e9alisation d&#8217;un d\u00e9veloppement \u00e9quilibr\u00e9 et durable centr\u00e9 sur l&#8217;\u00eatre humain et son bien-\u00eatre&#8221;, a-t-il dit.<\/p>\n<p>Au terme de son allocution, le ministre a affirm\u00e9 que &#8220;le succ\u00e8s de cette commission d\u00e9pend du degr\u00e9 d&#8217;engagement de ses membres, de la compl\u00e9mentarit\u00e9 de leurs r\u00f4les, et de leurs capacit\u00e9s \u00e0 pr\u00e9senter une vision claire et des recommandations pratiques qui soutiennent le d\u00e9cideur&#8221;, tout en appelant \u00e0 &#8220;l&#8217;actualisation de la politique nationale de population \u00e0 l&#8217;horizon 2040, en tenant compte des mutations d\u00e9mographiques et des d\u00e9fis futurs, et en contribuant efficacement \u00e0 la r\u00e9alisation des objectifs de d\u00e9veloppement durable&#8221;.<\/p>\n<p>Le ministre s&#8217;est \u00e9galement dit convaincu que ce mandat sera &#8220;une \u00e9tape qualitative caract\u00e9ris\u00e9e par l&#8217;efficacit\u00e9, l&#8217;innovation et les r\u00e9sultats tangibles&#8221;, conclut le communiqu\u00e9.<\/p>\n<p>Source : https:\/\/www.aps.dz\/<\/p>\n","protected":false},"excerpt":{"rendered":"<p>Le ministre de la Sant\u00e9, Mohamed Seddik Ait Messaoudene, a soulign\u00e9 que le renouvellement du mandat de la Commission nationale de la population refl\u00e8te la ferme volont\u00e9 des pouvoirs publics de poursuivre le soutien aux m\u00e9canismes de concertation et de coordination entre les diff\u00e9rents intervenants en mati\u00e8re de population et de d\u00e9veloppement, indique, mercredi, un &hellip;<\/p>\n","protected":false},"author":2,"featured_media":0,"comment_status":"closed","ping_status":"closed","sticky":false,"template":"","format":"standard","meta":{"footnotes":""},"categories":[1],"tags":[],"class_list":["post-26825","post","type-post","status-publish","format-standard","hentry","category-actualite"],"yoast_head":"<!-- This site is optimized with the Yoast SEO plugin v27.0 - https:\/\/yoast.com\/product\/yoast-seo-wordpress\/ -->\n<title>1sant\u00e9 - Le ministre de la Sant\u00e9 souligne le r\u00f4le de la Commission....<\/title>\n<meta name=\"description\" content=\"1sant\u00e9 - Le ministre de la Sant\u00e9 souligne le r\u00f4le de la Commission....\" \/>\n<meta name=\"robots\" content=\"index, follow, max-snippet:-1, max-image-preview:large, max-video-preview:-1\" \/>\n<link rel=\"canonical\" href=\"https:\/\/www.1sante.com\/online\/le-ministre-de-la-sante-souligne-le-role-de-la-commission\/\" \/>\n<meta property=\"og:locale\" content=\"fr_FR\" \/>\n<meta property=\"og:type\" content=\"article\" \/>\n<meta property=\"og:title\" content=\"1sant\u00e9 - Le ministre de la Sant\u00e9 souligne le r\u00f4le de la Commission....\" \/>\n<meta property=\"og:description\" content=\"1sant\u00e9 - Le ministre de la Sant\u00e9 souligne le r\u00f4le de la Commission....\" \/>\n<meta property=\"og:url\" content=\"https:\/\/www.1sante.com\/online\/le-ministre-de-la-sante-souligne-le-role-de-la-commission\/\" \/>\n<meta property=\"og:site_name\" content=\"1sant\u00e9\" \/>\n<meta property=\"article:publisher\" content=\"https:\/\/web.facebook.com\/annuairemedical1sante\/\" \/>\n<meta property=\"article:published_time\" content=\"2026-04-25T03:28:01+00:00\" \/>\n<meta name=\"author\" content=\"webmaster\" \/>\n<meta name=\"twitter:card\" content=\"summary_large_image\" \/>\n<meta name=\"twitter:label1\" content=\"\u00c9crit par\" \/>\n\t<meta name=\"twitter:data1\" content=\"webmaster\" \/>\n\t<meta name=\"twitter:label2\" content=\"Dur\u00e9e de lecture estim\u00e9e\" \/>\n\t<meta name=\"twitter:data2\" content=\"5 minutes\" \/>\n<script type=\"application\/ld+json\" class=\"yoast-schema-graph\">{\"@context\":\"https:\/\/schema.org\",\"@graph\":[{\"@type\":\"Article\",\"@id\":\"https:\/\/www.1sante.com\/online\/le-ministre-de-la-sante-souligne-le-role-de-la-commission\/#article\",\"isPartOf\":{\"@id\":\"https:\/\/www.1sante.com\/online\/le-ministre-de-la-sante-souligne-le-role-de-la-commission\/\"},\"author\":{\"name\":\"webmaster\",\"@id\":\"https:\/\/www.1sante.com\/online\/#\/schema\/person\/c91e2c7ca42dbecf550f07a22865cba6\"},\"headline\":\"Le ministre de la Sant\u00e9 souligne le r\u00f4le de la Commission&#8230;.\",\"datePublished\":\"2026-04-25T03:28:01+00:00\",\"mainEntityOfPage\":{\"@id\":\"https:\/\/www.1sante.com\/online\/le-ministre-de-la-sante-souligne-le-role-de-la-commission\/\"},\"wordCount\":984,\"articleSection\":[\"Actualit\u00e9\"],\"inLanguage\":\"fr-FR\"},{\"@type\":\"WebPage\",\"@id\":\"https:\/\/www.1sante.com\/online\/le-ministre-de-la-sante-souligne-le-role-de-la-commission\/\",\"url\":\"https:\/\/www.1sante.com\/online\/le-ministre-de-la-sante-souligne-le-role-de-la-commission\/\",\"name\":\"1sant\u00e9 - Le ministre de la Sant\u00e9 souligne le r\u00f4le de la Commission....\",\"isPartOf\":{\"@id\":\"https:\/\/www.1sante.com\/online\/#website\"},\"datePublished\":\"2026-04-25T03:28:01+00:00\",\"author\":{\"@id\":\"https:\/\/www.1sante.com\/online\/#\/schema\/person\/c91e2c7ca42dbecf550f07a22865cba6\"},\"description\":\"1sant\u00e9 - Le ministre de la Sant\u00e9 souligne le r\u00f4le de la Commission....\",\"breadcrumb\":{\"@id\":\"https:\/\/www.1sante.com\/online\/le-ministre-de-la-sante-souligne-le-role-de-la-commission\/#breadcrumb\"},\"inLanguage\":\"fr-FR\",\"potentialAction\":[{\"@type\":\"ReadAction\",\"target\":[\"https:\/\/www.1sante.com\/online\/le-ministre-de-la-sante-souligne-le-role-de-la-commission\/\"]}]},{\"@type\":\"BreadcrumbList\",\"@id\":\"https:\/\/www.1sante.com\/online\/le-ministre-de-la-sante-souligne-le-role-de-la-commission\/#breadcrumb\",\"itemListElement\":[{\"@type\":\"ListItem\",\"position\":1,\"name\":\"Accueil\",\"item\":\"https:\/\/www.1sante.com\/online\/\"},{\"@type\":\"ListItem\",\"position\":2,\"name\":\"Le ministre de la Sant\u00e9 souligne le r\u00f4le de la Commission&#8230;.\"}]},{\"@type\":\"WebSite\",\"@id\":\"https:\/\/www.1sante.com\/online\/#website\",\"url\":\"https:\/\/www.1sante.com\/online\/\",\"name\":\"1sant\u00e9\",\"description\":\"1er Annuaire m\u00e9dical en Alg\u00e9rie\",\"potentialAction\":[{\"@type\":\"SearchAction\",\"target\":{\"@type\":\"EntryPoint\",\"urlTemplate\":\"https:\/\/www.1sante.com\/online\/?s={search_term_string}\"},\"query-input\":{\"@type\":\"PropertyValueSpecification\",\"valueRequired\":true,\"valueName\":\"search_term_string\"}}],\"inLanguage\":\"fr-FR\"},{\"@type\":\"Person\",\"@id\":\"https:\/\/www.1sante.com\/online\/#\/schema\/person\/c91e2c7ca42dbecf550f07a22865cba6\",\"name\":\"webmaster\",\"image\":{\"@type\":\"ImageObject\",\"inLanguage\":\"fr-FR\",\"@id\":\"https:\/\/www.1sante.com\/online\/#\/schema\/person\/image\/\",\"url\":\"https:\/\/secure.gravatar.com\/avatar\/b115600ec130bcd8bc2ac9dbad25fdfe061bb026ed3e5c07baf14c928e7aeaa1?s=96&d=mm&r=g\",\"contentUrl\":\"https:\/\/secure.gravatar.com\/avatar\/b115600ec130bcd8bc2ac9dbad25fdfe061bb026ed3e5c07baf14c928e7aeaa1?s=96&d=mm&r=g\",\"caption\":\"webmaster\"},\"url\":\"https:\/\/www.1sante.com\/online\/author\/webmaster\/\"}]}<\/script>\n<!-- \/ Yoast SEO plugin. -->","yoast_head_json":{"title":"1sant\u00e9 - Le ministre de la Sant\u00e9 souligne le r\u00f4le de la Commission....","description":"1sant\u00e9 - Le ministre de la Sant\u00e9 souligne le r\u00f4le de la Commission....","robots":{"index":"index","follow":"follow","max-snippet":"max-snippet:-1","max-image-preview":"max-image-preview:large","max-video-preview":"max-video-preview:-1"},"canonical":"https:\/\/www.1sante.com\/online\/le-ministre-de-la-sante-souligne-le-role-de-la-commission\/","og_locale":"fr_FR","og_type":"article","og_title":"1sant\u00e9 - Le ministre de la Sant\u00e9 souligne le r\u00f4le de la Commission....","og_description":"1sant\u00e9 - Le ministre de la Sant\u00e9 souligne le r\u00f4le de la Commission....","og_url":"https:\/\/www.1sante.com\/online\/le-ministre-de-la-sante-souligne-le-role-de-la-commission\/","og_site_name":"1sant\u00e9","article_publisher":"https:\/\/web.facebook.com\/annuairemedical1sante\/","article_published_time":"2026-04-25T03:28:01+00:00","author":"webmaster","twitter_card":"summary_large_image","twitter_misc":{"\u00c9crit par":"webmaster","Dur\u00e9e de lecture estim\u00e9e":"5 minutes"},"schema":{"@context":"https:\/\/schema.org","@graph":[{"@type":"Article","@id":"https:\/\/www.1sante.com\/online\/le-ministre-de-la-sante-souligne-le-role-de-la-commission\/#article","isPartOf":{"@id":"https:\/\/www.1sante.com\/online\/le-ministre-de-la-sante-souligne-le-role-de-la-commission\/"},"author":{"name":"webmaster","@id":"https:\/\/www.1sante.com\/online\/#\/schema\/person\/c91e2c7ca42dbecf550f07a22865cba6"},"headline":"Le ministre de la Sant\u00e9 souligne le r\u00f4le de la Commission&#8230;.","datePublished":"2026-04-25T03:28:01+00:00","mainEntityOfPage":{"@id":"https:\/\/www.1sante.com\/online\/le-ministre-de-la-sante-souligne-le-role-de-la-commission\/"},"wordCount":984,"articleSection":["Actualit\u00e9"],"inLanguage":"fr-FR"},{"@type":"WebPage","@id":"https:\/\/www.1sante.com\/online\/le-ministre-de-la-sante-souligne-le-role-de-la-commission\/","url":"https:\/\/www.1sante.com\/online\/le-ministre-de-la-sante-souligne-le-role-de-la-commission\/","name":"1sant\u00e9 - Le ministre de la Sant\u00e9 souligne le r\u00f4le de la Commission....","isPartOf":{"@id":"https:\/\/www.1sante.com\/online\/#website"},"datePublished":"2026-04-25T03:28:01+00:00","author":{"@id":"https:\/\/www.1sante.com\/online\/#\/schema\/person\/c91e2c7ca42dbecf550f07a22865cba6"},"description":"1sant\u00e9 - Le ministre de la Sant\u00e9 souligne le r\u00f4le de la Commission....","breadcrumb":{"@id":"https:\/\/www.1sante.com\/online\/le-ministre-de-la-sante-souligne-le-role-de-la-commission\/#breadcrumb"},"inLanguage":"fr-FR","potentialAction":[{"@type":"ReadAction","target":["https:\/\/www.1sante.com\/online\/le-ministre-de-la-sante-souligne-le-role-de-la-commission\/"]}]},{"@type":"BreadcrumbList","@id":"https:\/\/www.1sante.com\/online\/le-ministre-de-la-sante-souligne-le-role-de-la-commission\/#breadcrumb","itemListElement":[{"@type":"ListItem","position":1,"name":"Accueil","item":"https:\/\/www.1sante.com\/online\/"},{"@type":"ListItem","position":2,"name":"Le ministre de la Sant\u00e9 souligne le r\u00f4le de la Commission&#8230;."}]},{"@type":"WebSite","@id":"https:\/\/www.1sante.com\/online\/#website","url":"https:\/\/www.1sante.com\/online\/","name":"1sant\u00e9","description":"1er Annuaire m\u00e9dical en Alg\u00e9rie","potentialAction":[{"@type":"SearchAction","target":{"@type":"EntryPoint","urlTemplate":"https:\/\/www.1sante.com\/online\/?s={search_term_string}"},"query-input":{"@type":"PropertyValueSpecification","valueRequired":true,"valueName":"search_term_string"}}],"inLanguage":"fr-FR"},{"@type":"Person","@id":"https:\/\/www.1sante.com\/online\/#\/schema\/person\/c91e2c7ca42dbecf550f07a22865cba6","name":"webmaster","image":{"@type":"ImageObject","inLanguage":"fr-FR","@id":"https:\/\/www.1sante.com\/online\/#\/schema\/person\/image\/","url":"https:\/\/secure.gravatar.com\/avatar\/b115600ec130bcd8bc2ac9dbad25fdfe061bb026ed3e5c07baf14c928e7aeaa1?s=96&d=mm&r=g","contentUrl":"https:\/\/secure.gravatar.com\/avatar\/b115600ec130bcd8bc2ac9dbad25fdfe061bb026ed3e5c07baf14c928e7aeaa1?s=96&d=mm&r=g","caption":"webmaster"},"url":"https:\/\/www.1sante.com\/online\/author\/webmaster\/"}]}},"_links":{"self":[{"href":"https:\/\/www.1sante.com\/online\/wp-json\/wp\/v2\/posts\/26825","targetHints":{"allow":["GET"]}}],"collection":[{"href":"https:\/\/www.1sante.com\/online\/wp-json\/wp\/v2\/posts"}],"about":[{"href":"https:\/\/www.1sante.com\/online\/wp-json\/wp\/v2\/types\/post"}],"author":[{"embeddable":true,"href":"https:\/\/www.1sante.com\/online\/wp-json\/wp\/v2\/users\/2"}],"replies":[{"embeddable":true,"href":"https:\/\/www.1sante.com\/online\/wp-json\/wp\/v2\/comments?post=26825"}],"version-history":[{"count":1,"href":"https:\/\/www.1sante.com\/online\/wp-json\/wp\/v2\/posts\/26825\/revisions"}],"predecessor-version":[{"id":26859,"href":"https:\/\/www.1sante.com\/online\/wp-json\/wp\/v2\/posts\/26825\/revisions\/26859"}],"wp:attachment":[{"href":"https:\/\/www.1sante.com\/online\/wp-json\/wp\/v2\/media?parent=26825"}],"wp:term":[{"taxonomy":"category","embeddable":true,"href":"https:\/\/www.1sante.com\/online\/wp-json\/wp\/v2\/categories?post=26825"},{"taxonomy":"post_tag","embeddable":true,"href":"https:\/\/www.1sante.com\/online\/wp-json\/wp\/v2\/tags?post=26825"}],"curies":[{"name":"wp","href":"https:\/\/api.w.org\/{rel}","templated":true}]}}