{"id":25881,"date":"2026-01-19T19:02:24","date_gmt":"2026-01-19T18:02:24","guid":{"rendered":"https:\/\/www.1sante.com\/online\/?p=25881"},"modified":"2026-02-11T11:27:17","modified_gmt":"2026-02-11T10:27:17","slug":"projet-de-decret-executif-fixant-les-conditions-et-modalites-dexercice-de-la-profession-de-pharmacien","status":"publish","type":"post","link":"https:\/\/www.1sante.com\/online\/projet-de-decret-executif-fixant-les-conditions-et-modalites-dexercice-de-la-profession-de-pharmacien\/","title":{"rendered":"Projet de d\u00e9cret ex\u00e9cutif fixant les conditions et modalit\u00e9s d&#8217;exercice de la profession de pharmacien"},"content":{"rendered":"<p> Le ministre de la Sant\u00e9, M. Mohamed Seddik Ait Messaoudene, a indiqu\u00e9, jeudi \u00e0 Alger, qu&#8217;un projet de d\u00e9cret ex\u00e9cutif fixant les conditions et modalit\u00e9s de l&#8217;exercice de la profession de pharmacien \u00e9tait en cours d&#8217;\u00e9laboration, soulignant que ce texte permettra d&#8217;augmenter le nombre d&#8217;officines priv\u00e9es dans le pays.<\/p>\n<p>Lors d&#8217;une s\u00e9ance pl\u00e9ni\u00e8re consacr\u00e9e aux questions orales \u00e0 l&#8217;Assembl\u00e9e populaire nationale (APN), le ministre de la Sant\u00e9 a fait savoir que ce projet de d\u00e9cret ex\u00e9cutif, en cours d&#8217;examen par une commission regroupant des experts, des techniciens et des partenaires sociaux, ainsi que le Conseil de d\u00e9ontologie professionnelle, &#8220;permettra d&#8217;\u00e9largir les opportunit\u00e9s d&#8217;obtention des agr\u00e9ments pour l&#8217;ouverture d&#8217;officines priv\u00e9es et d&#8217;augmenter leur nombre au niveau national&#8221;.<\/p>\n<p>Ce d\u00e9cret ex\u00e9cutif, fixant les conditions et modalit\u00e9s d&#8217;exercice de la profession de pharmacien et de pharmacien assistant, qui vient en application des dispositions de l&#8217;article 250 de la loi relative \u00e0 la sant\u00e9, permettra \u00e9galement, a-t-il ajout\u00e9, de &#8220;renforcer le nombre d&#8217;officines priv\u00e9es dont le nombre ne d\u00e9passe pas actuellement 12.938 pharmacies, et d&#8217;assurer la disponibilit\u00e9 des produits pharmaceutiques et d&#8217;\u00e9quipements m\u00e9dicaux au niveau national&#8221;, mais aussi de r\u00e9pondre au nombre important de demandes des pharmaciens non agr\u00e9\u00e9s, inscrits sur les listes d&#8217;attente, lesquelles seront trait\u00e9es via une plateforme num\u00e9rique afin de garantir la transparence des informations&#8221;.<\/p>\n<p>Il a indiqu\u00e9, dans ce contexte, que son secteur a \u00e9labor\u00e9 deux projets de d\u00e9crets ex\u00e9cutifs, dont le premier d\u00e9finit les conditions et les modalit\u00e9s de description des substances pharmaceutiques destin\u00e9es \u00e0 la m\u00e9decine humaine, tandis que le second d\u00e9finit les caract\u00e9ristiques techniques des compl\u00e9ments alimentaires destin\u00e9s \u00e0 la consommation humaine, soulignant que les deux projets ont \u00e9t\u00e9 d\u00e9pos\u00e9s pour \u00e9tude au niveau du Secr\u00e9tariat g\u00e9n\u00e9ral du Gouvernement.<\/p>\n<p>R\u00e9pondant \u00e0 une question sur la pr\u00e9vention du cancer de la prostate et la prise en charge des patients, le ministre de la Sant\u00e9 a expliqu\u00e9 que son secteur a \u00e9labor\u00e9 un Programme national de pr\u00e9vention de ce type de maladie, en veillant \u00e0 la cr\u00e9ation de nouveaux services sp\u00e9cialis\u00e9s en chirurgie urologique et \u00e0 l&#8217;introduction de nouvelles techniques de d\u00e9pistage.<\/p>\n<p>L&#8217;acquisition de cinq robots, a-t-il ajout\u00e9, est \u00e9galement pr\u00e9vue dans le cadre du Fonds d&#8217;allocation relatif \u00e0 la lutte contre le cancer, dont quatre seront affect\u00e9s aux centres hospitalo-universitaires des wilayas d&#8217;Alger, Batna et Oran, et \u00e0 l&#8217;Etablissement Hospitalier Sp\u00e9cialis\u00e9 de Transplantation d&#8217;Organes et de Tissus (EHS TOT Blida), et le cinqui\u00e8me au service de chirurgie g\u00e9n\u00e9rale de l&#8217;\u00e9tablissement hospitalier sp\u00e9cialis\u00e9 dans le traitement du cancer &#8220;Pierre et Marie Curie&#8221; (CPMC) \u00e0 Alger.<\/p>\n<p>Source : https:\/\/www.aps.dz\/<\/p>\n","protected":false},"excerpt":{"rendered":"<p>Le ministre de la Sant\u00e9, M. Mohamed Seddik Ait Messaoudene, a indiqu\u00e9, jeudi \u00e0 Alger, qu&#8217;un projet de d\u00e9cret ex\u00e9cutif fixant les conditions et modalit\u00e9s de l&#8217;exercice de la profession de pharmacien \u00e9tait en cours d&#8217;\u00e9laboration, soulignant que ce texte permettra d&#8217;augmenter le nombre d&#8217;officines priv\u00e9es dans le pays. Lors d&#8217;une s\u00e9ance pl\u00e9ni\u00e8re consacr\u00e9e aux &hellip;<\/p>\n","protected":false},"author":9,"featured_media":25883,"comment_status":"closed","ping_status":"closed","sticky":false,"template":"","format":"standard","meta":{"footnotes":""},"categories":[1],"tags":[],"class_list":["post-25881","post","type-post","status-publish","format-standard","has-post-thumbnail","hentry","category-actualite"],"yoast_head":"<!-- This site is optimized with the Yoast SEO plugin v27.0 - https:\/\/yoast.com\/product\/yoast-seo-wordpress\/ -->\n<title>1sant\u00e9 - Projet de d\u00e9cret ex\u00e9cutif fixant les conditions et modalit\u00e9s d&#039;exercice de la profession de pharmacien<\/title>\n<meta name=\"description\" content=\"1sant\u00e9 - Projet de d\u00e9cret ex\u00e9cutif fixant les conditions et modalit\u00e9s d&#039;exercice de la profession de pharmacien\" \/>\n<meta name=\"robots\" content=\"index, follow, max-snippet:-1, max-image-preview:large, max-video-preview:-1\" \/>\n<link rel=\"canonical\" href=\"https:\/\/www.1sante.com\/online\/projet-de-decret-executif-fixant-les-conditions-et-modalites-dexercice-de-la-profession-de-pharmacien\/\" \/>\n<meta property=\"og:locale\" content=\"fr_FR\" \/>\n<meta property=\"og:type\" content=\"article\" \/>\n<meta property=\"og:title\" content=\"1sant\u00e9 - Projet de d\u00e9cret ex\u00e9cutif fixant les conditions et modalit\u00e9s d&#039;exercice de la profession de pharmacien\" \/>\n<meta property=\"og:description\" content=\"1sant\u00e9 - Projet de d\u00e9cret ex\u00e9cutif fixant les conditions et modalit\u00e9s d&#039;exercice de la profession de pharmacien\" \/>\n<meta property=\"og:url\" content=\"https:\/\/www.1sante.com\/online\/projet-de-decret-executif-fixant-les-conditions-et-modalites-dexercice-de-la-profession-de-pharmacien\/\" \/>\n<meta property=\"og:site_name\" content=\"1sant\u00e9\" \/>\n<meta property=\"article:publisher\" content=\"https:\/\/web.facebook.com\/annuairemedical1sante\/\" \/>\n<meta property=\"article:published_time\" content=\"2026-01-19T18:02:24+00:00\" \/>\n<meta property=\"article:modified_time\" content=\"2026-02-11T10:27:17+00:00\" \/>\n<meta property=\"og:image\" content=\"https:\/\/www.1sante.com\/online\/wp-content\/uploads\/2026\/01\/image444444444.webp\" \/>\n\t<meta property=\"og:image:width\" content=\"1080\" \/>\n\t<meta property=\"og:image:height\" content=\"720\" \/>\n\t<meta property=\"og:image:type\" content=\"image\/webp\" \/>\n<meta name=\"author\" content=\"Redaction\" \/>\n<meta name=\"twitter:card\" content=\"summary_large_image\" \/>\n<meta name=\"twitter:label1\" content=\"\u00c9crit par\" \/>\n\t<meta name=\"twitter:data1\" content=\"Redaction\" \/>\n\t<meta name=\"twitter:label2\" content=\"Dur\u00e9e de lecture estim\u00e9e\" \/>\n\t<meta name=\"twitter:data2\" content=\"2 minutes\" \/>\n<script type=\"application\/ld+json\" class=\"yoast-schema-graph\">{\"@context\":\"https:\/\/schema.org\",\"@graph\":[{\"@type\":\"Article\",\"@id\":\"https:\/\/www.1sante.com\/online\/projet-de-decret-executif-fixant-les-conditions-et-modalites-dexercice-de-la-profession-de-pharmacien\/#article\",\"isPartOf\":{\"@id\":\"https:\/\/www.1sante.com\/online\/projet-de-decret-executif-fixant-les-conditions-et-modalites-dexercice-de-la-profession-de-pharmacien\/\"},\"author\":{\"name\":\"Redaction\",\"@id\":\"https:\/\/www.1sante.com\/online\/#\/schema\/person\/741bb9b09bae031795a6c95550c70430\"},\"headline\":\"Projet de d\u00e9cret ex\u00e9cutif fixant les conditions et modalit\u00e9s d&#8217;exercice de la profession de pharmacien\",\"datePublished\":\"2026-01-19T18:02:24+00:00\",\"dateModified\":\"2026-02-11T10:27:17+00:00\",\"mainEntityOfPage\":{\"@id\":\"https:\/\/www.1sante.com\/online\/projet-de-decret-executif-fixant-les-conditions-et-modalites-dexercice-de-la-profession-de-pharmacien\/\"},\"wordCount\":484,\"image\":{\"@id\":\"https:\/\/www.1sante.com\/online\/projet-de-decret-executif-fixant-les-conditions-et-modalites-dexercice-de-la-profession-de-pharmacien\/#primaryimage\"},\"thumbnailUrl\":\"https:\/\/www.1sante.com\/online\/wp-content\/uploads\/2026\/01\/image444444444.webp\",\"articleSection\":[\"Actualit\u00e9\"],\"inLanguage\":\"fr-FR\"},{\"@type\":\"WebPage\",\"@id\":\"https:\/\/www.1sante.com\/online\/projet-de-decret-executif-fixant-les-conditions-et-modalites-dexercice-de-la-profession-de-pharmacien\/\",\"url\":\"https:\/\/www.1sante.com\/online\/projet-de-decret-executif-fixant-les-conditions-et-modalites-dexercice-de-la-profession-de-pharmacien\/\",\"name\":\"1sant\u00e9 - Projet de d\u00e9cret ex\u00e9cutif fixant les conditions et modalit\u00e9s d'exercice de la profession de pharmacien\",\"isPartOf\":{\"@id\":\"https:\/\/www.1sante.com\/online\/#website\"},\"primaryImageOfPage\":{\"@id\":\"https:\/\/www.1sante.com\/online\/projet-de-decret-executif-fixant-les-conditions-et-modalites-dexercice-de-la-profession-de-pharmacien\/#primaryimage\"},\"image\":{\"@id\":\"https:\/\/www.1sante.com\/online\/projet-de-decret-executif-fixant-les-conditions-et-modalites-dexercice-de-la-profession-de-pharmacien\/#primaryimage\"},\"thumbnailUrl\":\"https:\/\/www.1sante.com\/online\/wp-content\/uploads\/2026\/01\/image444444444.webp\",\"datePublished\":\"2026-01-19T18:02:24+00:00\",\"dateModified\":\"2026-02-11T10:27:17+00:00\",\"author\":{\"@id\":\"https:\/\/www.1sante.com\/online\/#\/schema\/person\/741bb9b09bae031795a6c95550c70430\"},\"description\":\"1sant\u00e9 - Projet de d\u00e9cret ex\u00e9cutif fixant les conditions et modalit\u00e9s d'exercice de la profession de pharmacien\",\"breadcrumb\":{\"@id\":\"https:\/\/www.1sante.com\/online\/projet-de-decret-executif-fixant-les-conditions-et-modalites-dexercice-de-la-profession-de-pharmacien\/#breadcrumb\"},\"inLanguage\":\"fr-FR\",\"potentialAction\":[{\"@type\":\"ReadAction\",\"target\":[\"https:\/\/www.1sante.com\/online\/projet-de-decret-executif-fixant-les-conditions-et-modalites-dexercice-de-la-profession-de-pharmacien\/\"]}]},{\"@type\":\"ImageObject\",\"inLanguage\":\"fr-FR\",\"@id\":\"https:\/\/www.1sante.com\/online\/projet-de-decret-executif-fixant-les-conditions-et-modalites-dexercice-de-la-profession-de-pharmacien\/#primaryimage\",\"url\":\"https:\/\/www.1sante.com\/online\/wp-content\/uploads\/2026\/01\/image444444444.webp\",\"contentUrl\":\"https:\/\/www.1sante.com\/online\/wp-content\/uploads\/2026\/01\/image444444444.webp\",\"width\":1080,\"height\":720},{\"@type\":\"BreadcrumbList\",\"@id\":\"https:\/\/www.1sante.com\/online\/projet-de-decret-executif-fixant-les-conditions-et-modalites-dexercice-de-la-profession-de-pharmacien\/#breadcrumb\",\"itemListElement\":[{\"@type\":\"ListItem\",\"position\":1,\"name\":\"Accueil\",\"item\":\"https:\/\/www.1sante.com\/online\/\"},{\"@type\":\"ListItem\",\"position\":2,\"name\":\"Projet de d\u00e9cret ex\u00e9cutif fixant les conditions et modalit\u00e9s d&#8217;exercice de la profession de pharmacien\"}]},{\"@type\":\"WebSite\",\"@id\":\"https:\/\/www.1sante.com\/online\/#website\",\"url\":\"https:\/\/www.1sante.com\/online\/\",\"name\":\"1sant\u00e9\",\"description\":\"1er Annuaire m\u00e9dical en Alg\u00e9rie\",\"potentialAction\":[{\"@type\":\"SearchAction\",\"target\":{\"@type\":\"EntryPoint\",\"urlTemplate\":\"https:\/\/www.1sante.com\/online\/?s={search_term_string}\"},\"query-input\":{\"@type\":\"PropertyValueSpecification\",\"valueRequired\":true,\"valueName\":\"search_term_string\"}}],\"inLanguage\":\"fr-FR\"},{\"@type\":\"Person\",\"@id\":\"https:\/\/www.1sante.com\/online\/#\/schema\/person\/741bb9b09bae031795a6c95550c70430\",\"name\":\"Redaction\",\"image\":{\"@type\":\"ImageObject\",\"inLanguage\":\"fr-FR\",\"@id\":\"https:\/\/www.1sante.com\/online\/#\/schema\/person\/image\/\",\"url\":\"https:\/\/secure.gravatar.com\/avatar\/74e5374845b7e78d6d398935ac5541e37b1ce37aab2f3f4092fef4ac231ba2c4?s=96&d=mm&r=g\",\"contentUrl\":\"https:\/\/secure.gravatar.com\/avatar\/74e5374845b7e78d6d398935ac5541e37b1ce37aab2f3f4092fef4ac231ba2c4?s=96&d=mm&r=g\",\"caption\":\"Redaction\"},\"url\":\"https:\/\/www.1sante.com\/online\/author\/redaction\/\"}]}<\/script>\n<!-- \/ Yoast SEO plugin. -->","yoast_head_json":{"title":"1sant\u00e9 - Projet de d\u00e9cret ex\u00e9cutif fixant les conditions et modalit\u00e9s d'exercice de la profession de pharmacien","description":"1sant\u00e9 - Projet de d\u00e9cret ex\u00e9cutif fixant les conditions et modalit\u00e9s d'exercice de la profession de pharmacien","robots":{"index":"index","follow":"follow","max-snippet":"max-snippet:-1","max-image-preview":"max-image-preview:large","max-video-preview":"max-video-preview:-1"},"canonical":"https:\/\/www.1sante.com\/online\/projet-de-decret-executif-fixant-les-conditions-et-modalites-dexercice-de-la-profession-de-pharmacien\/","og_locale":"fr_FR","og_type":"article","og_title":"1sant\u00e9 - Projet de d\u00e9cret ex\u00e9cutif fixant les conditions et modalit\u00e9s d'exercice de la profession de pharmacien","og_description":"1sant\u00e9 - Projet de d\u00e9cret ex\u00e9cutif fixant les conditions et modalit\u00e9s d'exercice de la profession de pharmacien","og_url":"https:\/\/www.1sante.com\/online\/projet-de-decret-executif-fixant-les-conditions-et-modalites-dexercice-de-la-profession-de-pharmacien\/","og_site_name":"1sant\u00e9","article_publisher":"https:\/\/web.facebook.com\/annuairemedical1sante\/","article_published_time":"2026-01-19T18:02:24+00:00","article_modified_time":"2026-02-11T10:27:17+00:00","og_image":[{"width":1080,"height":720,"url":"https:\/\/www.1sante.com\/online\/wp-content\/uploads\/2026\/01\/image444444444.webp","type":"image\/webp"}],"author":"Redaction","twitter_card":"summary_large_image","twitter_misc":{"\u00c9crit par":"Redaction","Dur\u00e9e de lecture estim\u00e9e":"2 minutes"},"schema":{"@context":"https:\/\/schema.org","@graph":[{"@type":"Article","@id":"https:\/\/www.1sante.com\/online\/projet-de-decret-executif-fixant-les-conditions-et-modalites-dexercice-de-la-profession-de-pharmacien\/#article","isPartOf":{"@id":"https:\/\/www.1sante.com\/online\/projet-de-decret-executif-fixant-les-conditions-et-modalites-dexercice-de-la-profession-de-pharmacien\/"},"author":{"name":"Redaction","@id":"https:\/\/www.1sante.com\/online\/#\/schema\/person\/741bb9b09bae031795a6c95550c70430"},"headline":"Projet de d\u00e9cret ex\u00e9cutif fixant les conditions et modalit\u00e9s d&#8217;exercice de la profession de pharmacien","datePublished":"2026-01-19T18:02:24+00:00","dateModified":"2026-02-11T10:27:17+00:00","mainEntityOfPage":{"@id":"https:\/\/www.1sante.com\/online\/projet-de-decret-executif-fixant-les-conditions-et-modalites-dexercice-de-la-profession-de-pharmacien\/"},"wordCount":484,"image":{"@id":"https:\/\/www.1sante.com\/online\/projet-de-decret-executif-fixant-les-conditions-et-modalites-dexercice-de-la-profession-de-pharmacien\/#primaryimage"},"thumbnailUrl":"https:\/\/www.1sante.com\/online\/wp-content\/uploads\/2026\/01\/image444444444.webp","articleSection":["Actualit\u00e9"],"inLanguage":"fr-FR"},{"@type":"WebPage","@id":"https:\/\/www.1sante.com\/online\/projet-de-decret-executif-fixant-les-conditions-et-modalites-dexercice-de-la-profession-de-pharmacien\/","url":"https:\/\/www.1sante.com\/online\/projet-de-decret-executif-fixant-les-conditions-et-modalites-dexercice-de-la-profession-de-pharmacien\/","name":"1sant\u00e9 - Projet de d\u00e9cret ex\u00e9cutif fixant les conditions et modalit\u00e9s d'exercice de la profession de pharmacien","isPartOf":{"@id":"https:\/\/www.1sante.com\/online\/#website"},"primaryImageOfPage":{"@id":"https:\/\/www.1sante.com\/online\/projet-de-decret-executif-fixant-les-conditions-et-modalites-dexercice-de-la-profession-de-pharmacien\/#primaryimage"},"image":{"@id":"https:\/\/www.1sante.com\/online\/projet-de-decret-executif-fixant-les-conditions-et-modalites-dexercice-de-la-profession-de-pharmacien\/#primaryimage"},"thumbnailUrl":"https:\/\/www.1sante.com\/online\/wp-content\/uploads\/2026\/01\/image444444444.webp","datePublished":"2026-01-19T18:02:24+00:00","dateModified":"2026-02-11T10:27:17+00:00","author":{"@id":"https:\/\/www.1sante.com\/online\/#\/schema\/person\/741bb9b09bae031795a6c95550c70430"},"description":"1sant\u00e9 - Projet de d\u00e9cret ex\u00e9cutif fixant les conditions et modalit\u00e9s d'exercice de la profession de pharmacien","breadcrumb":{"@id":"https:\/\/www.1sante.com\/online\/projet-de-decret-executif-fixant-les-conditions-et-modalites-dexercice-de-la-profession-de-pharmacien\/#breadcrumb"},"inLanguage":"fr-FR","potentialAction":[{"@type":"ReadAction","target":["https:\/\/www.1sante.com\/online\/projet-de-decret-executif-fixant-les-conditions-et-modalites-dexercice-de-la-profession-de-pharmacien\/"]}]},{"@type":"ImageObject","inLanguage":"fr-FR","@id":"https:\/\/www.1sante.com\/online\/projet-de-decret-executif-fixant-les-conditions-et-modalites-dexercice-de-la-profession-de-pharmacien\/#primaryimage","url":"https:\/\/www.1sante.com\/online\/wp-content\/uploads\/2026\/01\/image444444444.webp","contentUrl":"https:\/\/www.1sante.com\/online\/wp-content\/uploads\/2026\/01\/image444444444.webp","width":1080,"height":720},{"@type":"BreadcrumbList","@id":"https:\/\/www.1sante.com\/online\/projet-de-decret-executif-fixant-les-conditions-et-modalites-dexercice-de-la-profession-de-pharmacien\/#breadcrumb","itemListElement":[{"@type":"ListItem","position":1,"name":"Accueil","item":"https:\/\/www.1sante.com\/online\/"},{"@type":"ListItem","position":2,"name":"Projet de d\u00e9cret ex\u00e9cutif fixant les conditions et modalit\u00e9s d&#8217;exercice de la profession de pharmacien"}]},{"@type":"WebSite","@id":"https:\/\/www.1sante.com\/online\/#website","url":"https:\/\/www.1sante.com\/online\/","name":"1sant\u00e9","description":"1er Annuaire m\u00e9dical en Alg\u00e9rie","potentialAction":[{"@type":"SearchAction","target":{"@type":"EntryPoint","urlTemplate":"https:\/\/www.1sante.com\/online\/?s={search_term_string}"},"query-input":{"@type":"PropertyValueSpecification","valueRequired":true,"valueName":"search_term_string"}}],"inLanguage":"fr-FR"},{"@type":"Person","@id":"https:\/\/www.1sante.com\/online\/#\/schema\/person\/741bb9b09bae031795a6c95550c70430","name":"Redaction","image":{"@type":"ImageObject","inLanguage":"fr-FR","@id":"https:\/\/www.1sante.com\/online\/#\/schema\/person\/image\/","url":"https:\/\/secure.gravatar.com\/avatar\/74e5374845b7e78d6d398935ac5541e37b1ce37aab2f3f4092fef4ac231ba2c4?s=96&d=mm&r=g","contentUrl":"https:\/\/secure.gravatar.com\/avatar\/74e5374845b7e78d6d398935ac5541e37b1ce37aab2f3f4092fef4ac231ba2c4?s=96&d=mm&r=g","caption":"Redaction"},"url":"https:\/\/www.1sante.com\/online\/author\/redaction\/"}]}},"_links":{"self":[{"href":"https:\/\/www.1sante.com\/online\/wp-json\/wp\/v2\/posts\/25881","targetHints":{"allow":["GET"]}}],"collection":[{"href":"https:\/\/www.1sante.com\/online\/wp-json\/wp\/v2\/posts"}],"about":[{"href":"https:\/\/www.1sante.com\/online\/wp-json\/wp\/v2\/types\/post"}],"author":[{"embeddable":true,"href":"https:\/\/www.1sante.com\/online\/wp-json\/wp\/v2\/users\/9"}],"replies":[{"embeddable":true,"href":"https:\/\/www.1sante.com\/online\/wp-json\/wp\/v2\/comments?post=25881"}],"version-history":[{"count":1,"href":"https:\/\/www.1sante.com\/online\/wp-json\/wp\/v2\/posts\/25881\/revisions"}],"predecessor-version":[{"id":25884,"href":"https:\/\/www.1sante.com\/online\/wp-json\/wp\/v2\/posts\/25881\/revisions\/25884"}],"wp:featuredmedia":[{"embeddable":true,"href":"https:\/\/www.1sante.com\/online\/wp-json\/wp\/v2\/media\/25883"}],"wp:attachment":[{"href":"https:\/\/www.1sante.com\/online\/wp-json\/wp\/v2\/media?parent=25881"}],"wp:term":[{"taxonomy":"category","embeddable":true,"href":"https:\/\/www.1sante.com\/online\/wp-json\/wp\/v2\/categories?post=25881"},{"taxonomy":"post_tag","embeddable":true,"href":"https:\/\/www.1sante.com\/online\/wp-json\/wp\/v2\/tags?post=25881"}],"curies":[{"name":"wp","href":"https:\/\/api.w.org\/{rel}","templated":true}]}}