{"id":25006,"date":"2025-11-12T08:28:36","date_gmt":"2025-11-12T07:28:36","guid":{"rendered":"https:\/\/www.1sante.com\/online\/?p=25006"},"modified":"2026-02-11T11:27:17","modified_gmt":"2026-02-11T10:27:17","slug":"preparation-dun-projet-de-loi-visant-lintegration-de-la-prevention-dans-les-politiques-sectorielles","status":"publish","type":"post","link":"https:\/\/www.1sante.com\/online\/preparation-dun-projet-de-loi-visant-lintegration-de-la-prevention-dans-les-politiques-sectorielles\/","title":{"rendered":"Pr\u00e9paration d&#8217;un projet de loi visant l&#8217;int\u00e9gration de la pr\u00e9vention dans les politiques sectorielles"},"content":{"rendered":"<p>Le directeur g\u00e9n\u00e9ral de la pr\u00e9vention et de la promotion de la sant\u00e9 au minist\u00e8re de la Sant\u00e9, Dr Djamel Fourar, a fait \u00e9tat, mardi \u00e0 Alger, d&#8217;un projet de loi en cours de pr\u00e9paration, visant l&#8217;int\u00e9gration du volet li\u00e9 \u00e0 la pr\u00e9vention dans les politiques de tous les secteurs.<\/p>\n<p>Lors d&#8217;une conf\u00e9rence de presse consacr\u00e9e \u00e0 la pr\u00e9sentation de la situation \u00e9pid\u00e9miologique des maladies transmissibles, M. Fourar a indiqu\u00e9 qu&#8217;un &#8220;projet de loi est en cours de pr\u00e9paration visant l&#8217;int\u00e9gration de la pr\u00e9vention dans l&#8217;ensemble des politiques sectorielles&#8221;, soulignant que les maladies transmissibles constituent &#8220;un v\u00e9ritable d\u00e9fi pour la sant\u00e9 publique malgr\u00e9 la stabilit\u00e9 observ\u00e9e&#8221;.<\/p>\n<p>Ainsi, la surveillance \u00e9pid\u00e9miologique demeure &#8220;un pilier essentiel&#8221; du syst\u00e8me de pr\u00e9vention sanitaire, reposant sur la liste actualis\u00e9e des maladies \u00e0 d\u00e9claration obligatoire, fournie par l&#8217;Institut national de sant\u00e9 publique (INSP) et la Direction g\u00e9n\u00e9rale de la pr\u00e9vention et de la promotion de la sant\u00e9, a-t-il relev\u00e9.<\/p>\n<p>Le minist\u00e8re de la Sant\u00e9 a \u00e9labor\u00e9 une strat\u00e9gie nationale, avec la participation de tous les secteurs concern\u00e9s, pour pr\u00e9venir les maladies les plus r\u00e9pandues, incluant &#8220;le d\u00e9veloppement des syst\u00e8mes de surveillance, d&#8217;alerte et de r\u00e9ponse rapide&#8221; ainsi que &#8220;la diffusion de notes techniques et d&#8217;instructions actualis\u00e9es relatives au diagnostic, \u00e0 la surveillance et \u00e0 la lutte contre les \u00e9pid\u00e9mies&#8221;, a rappel\u00e9 M. Fourar.<\/p>\n<p>Pour sa part, le chef du service des maladies infectieuses \u00e0 l&#8217;h\u00f4pital de Tamanrasset, Dr Ilyes Akhamokh, a pr\u00e9cis\u00e9 qu'&#8221;aucun cas de chol\u00e9ra n&#8217;ait \u00e9t\u00e9 enregistr\u00e9 jusqu&#8217;\u00e0 pr\u00e9sent et qu&#8217;un dispositif de veille a \u00e9t\u00e9 activ\u00e9 en raison de la pr\u00e9sence de cette maladie dans certains pays africains voisins&#8221;, ajoutant que &#8220;tous les m\u00e9decins de la wilaya ont \u00e9t\u00e9 form\u00e9s pour g\u00e9rer toute situation d&#8217;urgence&#8221;.<\/p>\n<p>Le directeur g\u00e9n\u00e9ral de l&#8217;Institut pasteur, Dr Faouzi Derrar, a soulign\u00e9 la n\u00e9cessit\u00e9 d&#8217;adapter \u00e0 l&#8217;avenir le dispositif de lutte contre les maladies infectieuses afin de faire face \u00e0 un plus grand nombre de cas, notamment dans le contexte des changements climatiques mondiaux&#8221;.<\/p>\n<p>La repr\u00e9sentante de l&#8217;Agence nationale de s\u00e9curit\u00e9 sanitaire (ANSS), Dr Fella Oudjida, a \u00e9voqu\u00e9 la strat\u00e9gie nationale de s\u00e9curit\u00e9 sanitaire qui impliquera plusieurs secteurs concern\u00e9s par la sant\u00e9 publique, visant \u00e0 &#8220;renforcer les capacit\u00e9s nationales en mati\u00e8re de pr\u00e9vention et de r\u00e9ponse rapide aux risques sanitaires&#8221;.<\/p>\n<p>Source : https:\/\/www.aps.dz\/<\/p>\n","protected":false},"excerpt":{"rendered":"<p>Le directeur g\u00e9n\u00e9ral de la pr\u00e9vention et de la promotion de la sant\u00e9 au minist\u00e8re de la Sant\u00e9, Dr Djamel Fourar, a fait \u00e9tat, mardi \u00e0 Alger, d&#8217;un projet de loi en cours de pr\u00e9paration, visant l&#8217;int\u00e9gration du volet li\u00e9 \u00e0 la pr\u00e9vention dans les politiques de tous les secteurs. Lors d&#8217;une conf\u00e9rence de presse &hellip;<\/p>\n","protected":false},"author":9,"featured_media":19604,"comment_status":"closed","ping_status":"closed","sticky":false,"template":"","format":"standard","meta":{"footnotes":""},"categories":[1],"tags":[],"class_list":["post-25006","post","type-post","status-publish","format-standard","has-post-thumbnail","hentry","category-actualite"],"yoast_head":"<!-- This site is optimized with the Yoast SEO plugin v27.0 - https:\/\/yoast.com\/product\/yoast-seo-wordpress\/ -->\n<title>1sant\u00e9 - Pr\u00e9paration d&#039;un projet de loi visant l&#039;int\u00e9gration de la pr\u00e9vention dans les politiques sectorielles<\/title>\n<meta name=\"description\" content=\"1sant\u00e9 - Pr\u00e9paration d&#039;un projet de loi visant l&#039;int\u00e9gration de la pr\u00e9vention dans les politiques sectorielles\" \/>\n<meta name=\"robots\" content=\"index, follow, max-snippet:-1, max-image-preview:large, max-video-preview:-1\" \/>\n<link rel=\"canonical\" href=\"https:\/\/www.1sante.com\/online\/preparation-dun-projet-de-loi-visant-lintegration-de-la-prevention-dans-les-politiques-sectorielles\/\" \/>\n<meta property=\"og:locale\" content=\"fr_FR\" \/>\n<meta property=\"og:type\" content=\"article\" \/>\n<meta property=\"og:title\" content=\"1sant\u00e9 - Pr\u00e9paration d&#039;un projet de loi visant l&#039;int\u00e9gration de la pr\u00e9vention dans les politiques sectorielles\" \/>\n<meta property=\"og:description\" content=\"1sant\u00e9 - Pr\u00e9paration d&#039;un projet de loi visant l&#039;int\u00e9gration de la pr\u00e9vention dans les politiques sectorielles\" \/>\n<meta property=\"og:url\" content=\"https:\/\/www.1sante.com\/online\/preparation-dun-projet-de-loi-visant-lintegration-de-la-prevention-dans-les-politiques-sectorielles\/\" \/>\n<meta property=\"og:site_name\" content=\"1sant\u00e9\" \/>\n<meta property=\"article:publisher\" content=\"https:\/\/web.facebook.com\/annuairemedical1sante\/\" \/>\n<meta property=\"article:published_time\" content=\"2025-11-12T07:28:36+00:00\" \/>\n<meta property=\"article:modified_time\" content=\"2026-02-11T10:27:17+00:00\" \/>\n<meta property=\"og:image\" content=\"https:\/\/www.1sante.com\/online\/wp-content\/uploads\/2024\/06\/1sante.com_01062024.jpg\" \/>\n\t<meta property=\"og:image:width\" content=\"580\" \/>\n\t<meta property=\"og:image:height\" content=\"350\" \/>\n\t<meta property=\"og:image:type\" content=\"image\/jpeg\" \/>\n<meta name=\"author\" content=\"Redaction\" \/>\n<meta name=\"twitter:card\" content=\"summary_large_image\" \/>\n<meta name=\"twitter:label1\" content=\"\u00c9crit par\" \/>\n\t<meta name=\"twitter:data1\" content=\"Redaction\" \/>\n\t<meta name=\"twitter:label2\" content=\"Dur\u00e9e de lecture estim\u00e9e\" \/>\n\t<meta name=\"twitter:data2\" content=\"2 minutes\" \/>\n<script type=\"application\/ld+json\" class=\"yoast-schema-graph\">{\"@context\":\"https:\/\/schema.org\",\"@graph\":[{\"@type\":\"Article\",\"@id\":\"https:\/\/www.1sante.com\/online\/preparation-dun-projet-de-loi-visant-lintegration-de-la-prevention-dans-les-politiques-sectorielles\/#article\",\"isPartOf\":{\"@id\":\"https:\/\/www.1sante.com\/online\/preparation-dun-projet-de-loi-visant-lintegration-de-la-prevention-dans-les-politiques-sectorielles\/\"},\"author\":{\"name\":\"Redaction\",\"@id\":\"https:\/\/www.1sante.com\/online\/#\/schema\/person\/741bb9b09bae031795a6c95550c70430\"},\"headline\":\"Pr\u00e9paration d&#8217;un projet de loi visant l&#8217;int\u00e9gration de la pr\u00e9vention dans les politiques sectorielles\",\"datePublished\":\"2025-11-12T07:28:36+00:00\",\"dateModified\":\"2026-02-11T10:27:17+00:00\",\"mainEntityOfPage\":{\"@id\":\"https:\/\/www.1sante.com\/online\/preparation-dun-projet-de-loi-visant-lintegration-de-la-prevention-dans-les-politiques-sectorielles\/\"},\"wordCount\":439,\"image\":{\"@id\":\"https:\/\/www.1sante.com\/online\/preparation-dun-projet-de-loi-visant-lintegration-de-la-prevention-dans-les-politiques-sectorielles\/#primaryimage\"},\"thumbnailUrl\":\"https:\/\/www.1sante.com\/online\/wp-content\/uploads\/2024\/06\/1sante.com_01062024.jpg\",\"articleSection\":[\"Actualit\u00e9\"],\"inLanguage\":\"fr-FR\"},{\"@type\":\"WebPage\",\"@id\":\"https:\/\/www.1sante.com\/online\/preparation-dun-projet-de-loi-visant-lintegration-de-la-prevention-dans-les-politiques-sectorielles\/\",\"url\":\"https:\/\/www.1sante.com\/online\/preparation-dun-projet-de-loi-visant-lintegration-de-la-prevention-dans-les-politiques-sectorielles\/\",\"name\":\"1sant\u00e9 - Pr\u00e9paration d'un projet de loi visant l'int\u00e9gration de la pr\u00e9vention dans les politiques sectorielles\",\"isPartOf\":{\"@id\":\"https:\/\/www.1sante.com\/online\/#website\"},\"primaryImageOfPage\":{\"@id\":\"https:\/\/www.1sante.com\/online\/preparation-dun-projet-de-loi-visant-lintegration-de-la-prevention-dans-les-politiques-sectorielles\/#primaryimage\"},\"image\":{\"@id\":\"https:\/\/www.1sante.com\/online\/preparation-dun-projet-de-loi-visant-lintegration-de-la-prevention-dans-les-politiques-sectorielles\/#primaryimage\"},\"thumbnailUrl\":\"https:\/\/www.1sante.com\/online\/wp-content\/uploads\/2024\/06\/1sante.com_01062024.jpg\",\"datePublished\":\"2025-11-12T07:28:36+00:00\",\"dateModified\":\"2026-02-11T10:27:17+00:00\",\"author\":{\"@id\":\"https:\/\/www.1sante.com\/online\/#\/schema\/person\/741bb9b09bae031795a6c95550c70430\"},\"description\":\"1sant\u00e9 - Pr\u00e9paration d'un projet de loi visant l'int\u00e9gration de la pr\u00e9vention dans les politiques sectorielles\",\"breadcrumb\":{\"@id\":\"https:\/\/www.1sante.com\/online\/preparation-dun-projet-de-loi-visant-lintegration-de-la-prevention-dans-les-politiques-sectorielles\/#breadcrumb\"},\"inLanguage\":\"fr-FR\",\"potentialAction\":[{\"@type\":\"ReadAction\",\"target\":[\"https:\/\/www.1sante.com\/online\/preparation-dun-projet-de-loi-visant-lintegration-de-la-prevention-dans-les-politiques-sectorielles\/\"]}]},{\"@type\":\"ImageObject\",\"inLanguage\":\"fr-FR\",\"@id\":\"https:\/\/www.1sante.com\/online\/preparation-dun-projet-de-loi-visant-lintegration-de-la-prevention-dans-les-politiques-sectorielles\/#primaryimage\",\"url\":\"https:\/\/www.1sante.com\/online\/wp-content\/uploads\/2024\/06\/1sante.com_01062024.jpg\",\"contentUrl\":\"https:\/\/www.1sante.com\/online\/wp-content\/uploads\/2024\/06\/1sante.com_01062024.jpg\",\"width\":580,\"height\":350},{\"@type\":\"BreadcrumbList\",\"@id\":\"https:\/\/www.1sante.com\/online\/preparation-dun-projet-de-loi-visant-lintegration-de-la-prevention-dans-les-politiques-sectorielles\/#breadcrumb\",\"itemListElement\":[{\"@type\":\"ListItem\",\"position\":1,\"name\":\"Accueil\",\"item\":\"https:\/\/www.1sante.com\/online\/\"},{\"@type\":\"ListItem\",\"position\":2,\"name\":\"Pr\u00e9paration d&#8217;un projet de loi visant l&#8217;int\u00e9gration de la pr\u00e9vention dans les politiques sectorielles\"}]},{\"@type\":\"WebSite\",\"@id\":\"https:\/\/www.1sante.com\/online\/#website\",\"url\":\"https:\/\/www.1sante.com\/online\/\",\"name\":\"1sant\u00e9\",\"description\":\"1er Annuaire m\u00e9dical en Alg\u00e9rie\",\"potentialAction\":[{\"@type\":\"SearchAction\",\"target\":{\"@type\":\"EntryPoint\",\"urlTemplate\":\"https:\/\/www.1sante.com\/online\/?s={search_term_string}\"},\"query-input\":{\"@type\":\"PropertyValueSpecification\",\"valueRequired\":true,\"valueName\":\"search_term_string\"}}],\"inLanguage\":\"fr-FR\"},{\"@type\":\"Person\",\"@id\":\"https:\/\/www.1sante.com\/online\/#\/schema\/person\/741bb9b09bae031795a6c95550c70430\",\"name\":\"Redaction\",\"image\":{\"@type\":\"ImageObject\",\"inLanguage\":\"fr-FR\",\"@id\":\"https:\/\/www.1sante.com\/online\/#\/schema\/person\/image\/\",\"url\":\"https:\/\/secure.gravatar.com\/avatar\/74e5374845b7e78d6d398935ac5541e37b1ce37aab2f3f4092fef4ac231ba2c4?s=96&d=mm&r=g\",\"contentUrl\":\"https:\/\/secure.gravatar.com\/avatar\/74e5374845b7e78d6d398935ac5541e37b1ce37aab2f3f4092fef4ac231ba2c4?s=96&d=mm&r=g\",\"caption\":\"Redaction\"},\"url\":\"https:\/\/www.1sante.com\/online\/author\/redaction\/\"}]}<\/script>\n<!-- \/ Yoast SEO plugin. -->","yoast_head_json":{"title":"1sant\u00e9 - Pr\u00e9paration d'un projet de loi visant l'int\u00e9gration de la pr\u00e9vention dans les politiques sectorielles","description":"1sant\u00e9 - Pr\u00e9paration d'un projet de loi visant l'int\u00e9gration de la pr\u00e9vention dans les politiques sectorielles","robots":{"index":"index","follow":"follow","max-snippet":"max-snippet:-1","max-image-preview":"max-image-preview:large","max-video-preview":"max-video-preview:-1"},"canonical":"https:\/\/www.1sante.com\/online\/preparation-dun-projet-de-loi-visant-lintegration-de-la-prevention-dans-les-politiques-sectorielles\/","og_locale":"fr_FR","og_type":"article","og_title":"1sant\u00e9 - Pr\u00e9paration d'un projet de loi visant l'int\u00e9gration de la pr\u00e9vention dans les politiques sectorielles","og_description":"1sant\u00e9 - Pr\u00e9paration d'un projet de loi visant l'int\u00e9gration de la pr\u00e9vention dans les politiques sectorielles","og_url":"https:\/\/www.1sante.com\/online\/preparation-dun-projet-de-loi-visant-lintegration-de-la-prevention-dans-les-politiques-sectorielles\/","og_site_name":"1sant\u00e9","article_publisher":"https:\/\/web.facebook.com\/annuairemedical1sante\/","article_published_time":"2025-11-12T07:28:36+00:00","article_modified_time":"2026-02-11T10:27:17+00:00","og_image":[{"width":580,"height":350,"url":"https:\/\/www.1sante.com\/online\/wp-content\/uploads\/2024\/06\/1sante.com_01062024.jpg","type":"image\/jpeg"}],"author":"Redaction","twitter_card":"summary_large_image","twitter_misc":{"\u00c9crit par":"Redaction","Dur\u00e9e de lecture estim\u00e9e":"2 minutes"},"schema":{"@context":"https:\/\/schema.org","@graph":[{"@type":"Article","@id":"https:\/\/www.1sante.com\/online\/preparation-dun-projet-de-loi-visant-lintegration-de-la-prevention-dans-les-politiques-sectorielles\/#article","isPartOf":{"@id":"https:\/\/www.1sante.com\/online\/preparation-dun-projet-de-loi-visant-lintegration-de-la-prevention-dans-les-politiques-sectorielles\/"},"author":{"name":"Redaction","@id":"https:\/\/www.1sante.com\/online\/#\/schema\/person\/741bb9b09bae031795a6c95550c70430"},"headline":"Pr\u00e9paration d&#8217;un projet de loi visant l&#8217;int\u00e9gration de la pr\u00e9vention dans les politiques sectorielles","datePublished":"2025-11-12T07:28:36+00:00","dateModified":"2026-02-11T10:27:17+00:00","mainEntityOfPage":{"@id":"https:\/\/www.1sante.com\/online\/preparation-dun-projet-de-loi-visant-lintegration-de-la-prevention-dans-les-politiques-sectorielles\/"},"wordCount":439,"image":{"@id":"https:\/\/www.1sante.com\/online\/preparation-dun-projet-de-loi-visant-lintegration-de-la-prevention-dans-les-politiques-sectorielles\/#primaryimage"},"thumbnailUrl":"https:\/\/www.1sante.com\/online\/wp-content\/uploads\/2024\/06\/1sante.com_01062024.jpg","articleSection":["Actualit\u00e9"],"inLanguage":"fr-FR"},{"@type":"WebPage","@id":"https:\/\/www.1sante.com\/online\/preparation-dun-projet-de-loi-visant-lintegration-de-la-prevention-dans-les-politiques-sectorielles\/","url":"https:\/\/www.1sante.com\/online\/preparation-dun-projet-de-loi-visant-lintegration-de-la-prevention-dans-les-politiques-sectorielles\/","name":"1sant\u00e9 - Pr\u00e9paration d'un projet de loi visant l'int\u00e9gration de la pr\u00e9vention dans les politiques sectorielles","isPartOf":{"@id":"https:\/\/www.1sante.com\/online\/#website"},"primaryImageOfPage":{"@id":"https:\/\/www.1sante.com\/online\/preparation-dun-projet-de-loi-visant-lintegration-de-la-prevention-dans-les-politiques-sectorielles\/#primaryimage"},"image":{"@id":"https:\/\/www.1sante.com\/online\/preparation-dun-projet-de-loi-visant-lintegration-de-la-prevention-dans-les-politiques-sectorielles\/#primaryimage"},"thumbnailUrl":"https:\/\/www.1sante.com\/online\/wp-content\/uploads\/2024\/06\/1sante.com_01062024.jpg","datePublished":"2025-11-12T07:28:36+00:00","dateModified":"2026-02-11T10:27:17+00:00","author":{"@id":"https:\/\/www.1sante.com\/online\/#\/schema\/person\/741bb9b09bae031795a6c95550c70430"},"description":"1sant\u00e9 - Pr\u00e9paration d'un projet de loi visant l'int\u00e9gration de la pr\u00e9vention dans les politiques sectorielles","breadcrumb":{"@id":"https:\/\/www.1sante.com\/online\/preparation-dun-projet-de-loi-visant-lintegration-de-la-prevention-dans-les-politiques-sectorielles\/#breadcrumb"},"inLanguage":"fr-FR","potentialAction":[{"@type":"ReadAction","target":["https:\/\/www.1sante.com\/online\/preparation-dun-projet-de-loi-visant-lintegration-de-la-prevention-dans-les-politiques-sectorielles\/"]}]},{"@type":"ImageObject","inLanguage":"fr-FR","@id":"https:\/\/www.1sante.com\/online\/preparation-dun-projet-de-loi-visant-lintegration-de-la-prevention-dans-les-politiques-sectorielles\/#primaryimage","url":"https:\/\/www.1sante.com\/online\/wp-content\/uploads\/2024\/06\/1sante.com_01062024.jpg","contentUrl":"https:\/\/www.1sante.com\/online\/wp-content\/uploads\/2024\/06\/1sante.com_01062024.jpg","width":580,"height":350},{"@type":"BreadcrumbList","@id":"https:\/\/www.1sante.com\/online\/preparation-dun-projet-de-loi-visant-lintegration-de-la-prevention-dans-les-politiques-sectorielles\/#breadcrumb","itemListElement":[{"@type":"ListItem","position":1,"name":"Accueil","item":"https:\/\/www.1sante.com\/online\/"},{"@type":"ListItem","position":2,"name":"Pr\u00e9paration d&#8217;un projet de loi visant l&#8217;int\u00e9gration de la pr\u00e9vention dans les politiques sectorielles"}]},{"@type":"WebSite","@id":"https:\/\/www.1sante.com\/online\/#website","url":"https:\/\/www.1sante.com\/online\/","name":"1sant\u00e9","description":"1er Annuaire m\u00e9dical en Alg\u00e9rie","potentialAction":[{"@type":"SearchAction","target":{"@type":"EntryPoint","urlTemplate":"https:\/\/www.1sante.com\/online\/?s={search_term_string}"},"query-input":{"@type":"PropertyValueSpecification","valueRequired":true,"valueName":"search_term_string"}}],"inLanguage":"fr-FR"},{"@type":"Person","@id":"https:\/\/www.1sante.com\/online\/#\/schema\/person\/741bb9b09bae031795a6c95550c70430","name":"Redaction","image":{"@type":"ImageObject","inLanguage":"fr-FR","@id":"https:\/\/www.1sante.com\/online\/#\/schema\/person\/image\/","url":"https:\/\/secure.gravatar.com\/avatar\/74e5374845b7e78d6d398935ac5541e37b1ce37aab2f3f4092fef4ac231ba2c4?s=96&d=mm&r=g","contentUrl":"https:\/\/secure.gravatar.com\/avatar\/74e5374845b7e78d6d398935ac5541e37b1ce37aab2f3f4092fef4ac231ba2c4?s=96&d=mm&r=g","caption":"Redaction"},"url":"https:\/\/www.1sante.com\/online\/author\/redaction\/"}]}},"_links":{"self":[{"href":"https:\/\/www.1sante.com\/online\/wp-json\/wp\/v2\/posts\/25006","targetHints":{"allow":["GET"]}}],"collection":[{"href":"https:\/\/www.1sante.com\/online\/wp-json\/wp\/v2\/posts"}],"about":[{"href":"https:\/\/www.1sante.com\/online\/wp-json\/wp\/v2\/types\/post"}],"author":[{"embeddable":true,"href":"https:\/\/www.1sante.com\/online\/wp-json\/wp\/v2\/users\/9"}],"replies":[{"embeddable":true,"href":"https:\/\/www.1sante.com\/online\/wp-json\/wp\/v2\/comments?post=25006"}],"version-history":[{"count":1,"href":"https:\/\/www.1sante.com\/online\/wp-json\/wp\/v2\/posts\/25006\/revisions"}],"predecessor-version":[{"id":25007,"href":"https:\/\/www.1sante.com\/online\/wp-json\/wp\/v2\/posts\/25006\/revisions\/25007"}],"wp:featuredmedia":[{"embeddable":true,"href":"https:\/\/www.1sante.com\/online\/wp-json\/wp\/v2\/media\/19604"}],"wp:attachment":[{"href":"https:\/\/www.1sante.com\/online\/wp-json\/wp\/v2\/media?parent=25006"}],"wp:term":[{"taxonomy":"category","embeddable":true,"href":"https:\/\/www.1sante.com\/online\/wp-json\/wp\/v2\/categories?post=25006"},{"taxonomy":"post_tag","embeddable":true,"href":"https:\/\/www.1sante.com\/online\/wp-json\/wp\/v2\/tags?post=25006"}],"curies":[{"name":"wp","href":"https:\/\/api.w.org\/{rel}","templated":true}]}}