{"id":24983,"date":"2025-11-10T16:21:30","date_gmt":"2025-11-10T15:21:30","guid":{"rendered":"https:\/\/www.1sante.com\/online\/?p=24983"},"modified":"2025-11-10T16:23:49","modified_gmt":"2025-11-10T15:23:49","slug":"le-ministre-de-la-sante-donne-le-coup-denvoi-de-la-campagne-novembre-bleu","status":"publish","type":"post","link":"https:\/\/www.1sante.com\/online\/le-ministre-de-la-sante-donne-le-coup-denvoi-de-la-campagne-novembre-bleu\/","title":{"rendered":"Le ministre de la Sant\u00e9 donne le coup d\u2019envoi de la campagne &#8220;Novembre Bleu&#8221;"},"content":{"rendered":"<p>Le ministre de la Sant\u00e9, Mohamed Seddik Ait Messaoudene, a proc\u00e9d\u00e9, lundi \u00e0 Blida, au lancement officiel de la campagne &#8220;Novembre Bleu&#8221; d\u00e9di\u00e9e au d\u00e9pistage pr\u00e9coce du cancer de la prostate, dans le cadre des efforts nationaux visant \u00e0 promouvoir la culture de pr\u00e9vention et du d\u00e9pistage pr\u00e9coce du cancer.<\/p>\n<p>Le ministre a donn\u00e9, depuis le Centre anti-cancer (CAC) de Blida, le signal de d\u00e9part de la caravane nationale de sensibilisation et d\u2019information sur le d\u00e9pistage du cancer de la prostate, organis\u00e9e en coordination avec la Commission nationale de pr\u00e9vention et de lutte contre le cancer. Cette caravane sillonnera les wilayas de Boumerdes, A\u00efn Defla, Tissemsilt, M\u00e9d\u00e9a, Djelfa, Alger, Tipasa et Blida.<\/p>\n<p>A cette occasion, le ministre a soulign\u00e9 que cette campagne nationale s\u2019inscrit dans le cadre des efforts d\u00e9ploy\u00e9s pour renforcer la prise de conscience sanitaire des hommes et les encourager \u00e0 effectuer r\u00e9guli\u00e8rement des examens de d\u00e9pistage, notamment le test PSA et l\u2019examen clinique de la prostate, consid\u00e9r\u00e9s comme des \u00e9tapes simples et efficaces pour un d\u00e9pistage pr\u00e9coce permettant de sauver des vies et d\u2019augmenter les chances de gu\u00e9rison.<\/p>\n<p>M. Ait Messaoudene a ajout\u00e9 que cette campagne, qui englobera l\u2019ensemble des wilayas du pays, vise \u00e0 &#8220;diffuser les informations relatives aux facteurs de risque, tels que l\u2019\u00e2ge avanc\u00e9, les ant\u00e9c\u00e9dents familiaux, l\u2019ob\u00e9sit\u00e9 et le mode de vie, ainsi qu\u2019\u00e0 sensibiliser sur les sympt\u00f4mes pr\u00e9coces de la maladie et l\u2019importance d\u2019une consultation m\u00e9dicale rapide&#8221;.<\/p>\n<p>Il a \u00e9galement appel\u00e9 \u00e0 faire du mois de novembre une occasion pour &#8220;ancrer la culture de la pr\u00e9vention et du suivi m\u00e9dical, d\u2019autant plus que le monde enregistre aujourd\u2019hui une am\u00e9lioration des taux de gu\u00e9rison et de la qualit\u00e9 de vie des patients, gr\u00e2ce aux progr\u00e8s m\u00e9dicaux et au diagnostic pr\u00e9coce&#8221;.<\/p>\n<p>Pour sa part, le pr\u00e9sident de la commission nationale de pr\u00e9vention et de lutte contre le cancer, le Professeur Adda Bounedjar a indiqu\u00e9 que le cancer de la prostate est devenu le premier cancer touchant les hommes en Alg\u00e9rie, avec 60.000 cas enregistr\u00e9s et 3.500 nouveaux cas\/an, selon les derni\u00e8res statistiques du minist\u00e8re de la Sant\u00e9 pour l\u2019ann\u00e9e 2023.<\/p>\n<p>Il a soulign\u00e9 la n\u00e9cessit\u00e9 d\u2019intensifier les campagnes de sensibilisation afin d\u2019encourager les hommes \u00e0 effectuer un d\u00e9pistage pr\u00e9coce, les r\u00e9sultats ayant d\u00e9montr\u00e9 la possibilit\u00e9 de gu\u00e9rison lorsqu\u2019il est d\u00e9tect\u00e9 \u00e0 temps.<\/p>\n<p>Le Professeur Bounedjar a aussi r\u00e9v\u00e9l\u00e9 que ses services ont r\u00e9alis\u00e9 une nouvelle \u00e9tude sur le cancer de la prostate, dont les r\u00e9sultats seront publi\u00e9s d\u00e9but 2026.<\/p>\n<p>A noter que le ministre de la Sant\u00e9 proc\u00e9dera, au cours de sa visite de travail \u00e0 Blida, \u00e0 l\u2019inauguration de plusieurs services au Centre hospitalo-universitaire (CHU) Frantz Fanon, ainsi que d\u2019autres structures \u00e0 travers la wilaya.<\/p>\n<p>Source : https:\/\/www.aps.dz\/<\/p>\n","protected":false},"excerpt":{"rendered":"<p>Le ministre de la Sant\u00e9, Mohamed Seddik Ait Messaoudene, a proc\u00e9d\u00e9, lundi \u00e0 Blida, au lancement officiel de la campagne &#8220;Novembre Bleu&#8221; d\u00e9di\u00e9e au d\u00e9pistage pr\u00e9coce du cancer de la prostate, dans le cadre des efforts nationaux visant \u00e0 promouvoir la culture de pr\u00e9vention et du d\u00e9pistage pr\u00e9coce du cancer. Le ministre a donn\u00e9, depuis &hellip;<\/p>\n","protected":false},"author":9,"featured_media":24984,"comment_status":"closed","ping_status":"closed","sticky":false,"template":"","format":"standard","meta":{"footnotes":""},"categories":[1],"tags":[],"class_list":["post-24983","post","type-post","status-publish","format-standard","has-post-thumbnail","hentry","category-actualite"],"yoast_head":"<!-- This site is optimized with the Yoast SEO plugin v27.0 - https:\/\/yoast.com\/product\/yoast-seo-wordpress\/ -->\n<title>1sant\u00e9 - Le ministre de la Sant\u00e9 donne le coup d\u2019envoi de la campagne &quot;Novembre Bleu&quot;<\/title>\n<meta name=\"description\" content=\"1sant\u00e9 - Le ministre de la Sant\u00e9 donne le coup d\u2019envoi de la campagne &quot;Novembre Bleu&quot;\" \/>\n<meta name=\"robots\" content=\"index, follow, max-snippet:-1, max-image-preview:large, max-video-preview:-1\" \/>\n<link rel=\"canonical\" href=\"https:\/\/www.1sante.com\/online\/le-ministre-de-la-sante-donne-le-coup-denvoi-de-la-campagne-novembre-bleu\/\" \/>\n<meta property=\"og:locale\" content=\"fr_FR\" \/>\n<meta property=\"og:type\" content=\"article\" \/>\n<meta property=\"og:title\" content=\"1sant\u00e9 - Le ministre de la Sant\u00e9 donne le coup d\u2019envoi de la campagne &quot;Novembre Bleu&quot;\" \/>\n<meta property=\"og:description\" content=\"1sant\u00e9 - Le ministre de la Sant\u00e9 donne le coup d\u2019envoi de la campagne &quot;Novembre Bleu&quot;\" \/>\n<meta property=\"og:url\" content=\"https:\/\/www.1sante.com\/online\/le-ministre-de-la-sante-donne-le-coup-denvoi-de-la-campagne-novembre-bleu\/\" \/>\n<meta property=\"og:site_name\" content=\"1sant\u00e9\" \/>\n<meta property=\"article:publisher\" content=\"https:\/\/web.facebook.com\/annuairemedical1sante\/\" \/>\n<meta property=\"article:published_time\" content=\"2025-11-10T15:21:30+00:00\" \/>\n<meta property=\"article:modified_time\" content=\"2025-11-10T15:23:49+00:00\" \/>\n<meta property=\"og:image\" content=\"https:\/\/www.1sante.com\/online\/wp-content\/uploads\/2025\/11\/nov_blue.webp\" \/>\n\t<meta property=\"og:image:width\" content=\"1022\" \/>\n\t<meta property=\"og:image:height\" content=\"718\" \/>\n\t<meta property=\"og:image:type\" content=\"image\/webp\" \/>\n<meta name=\"author\" content=\"Redaction\" \/>\n<meta name=\"twitter:card\" content=\"summary_large_image\" \/>\n<meta name=\"twitter:label1\" content=\"\u00c9crit par\" \/>\n\t<meta name=\"twitter:data1\" content=\"Redaction\" \/>\n\t<meta name=\"twitter:label2\" content=\"Dur\u00e9e de lecture estim\u00e9e\" \/>\n\t<meta name=\"twitter:data2\" content=\"3 minutes\" \/>\n<script type=\"application\/ld+json\" class=\"yoast-schema-graph\">{\"@context\":\"https:\/\/schema.org\",\"@graph\":[{\"@type\":\"Article\",\"@id\":\"https:\/\/www.1sante.com\/online\/le-ministre-de-la-sante-donne-le-coup-denvoi-de-la-campagne-novembre-bleu\/#article\",\"isPartOf\":{\"@id\":\"https:\/\/www.1sante.com\/online\/le-ministre-de-la-sante-donne-le-coup-denvoi-de-la-campagne-novembre-bleu\/\"},\"author\":{\"name\":\"Redaction\",\"@id\":\"https:\/\/www.1sante.com\/online\/#\/schema\/person\/741bb9b09bae031795a6c95550c70430\"},\"headline\":\"Le ministre de la Sant\u00e9 donne le coup d\u2019envoi de la campagne &#8220;Novembre Bleu&#8221;\",\"datePublished\":\"2025-11-10T15:21:30+00:00\",\"dateModified\":\"2025-11-10T15:23:49+00:00\",\"mainEntityOfPage\":{\"@id\":\"https:\/\/www.1sante.com\/online\/le-ministre-de-la-sante-donne-le-coup-denvoi-de-la-campagne-novembre-bleu\/\"},\"wordCount\":526,\"image\":{\"@id\":\"https:\/\/www.1sante.com\/online\/le-ministre-de-la-sante-donne-le-coup-denvoi-de-la-campagne-novembre-bleu\/#primaryimage\"},\"thumbnailUrl\":\"https:\/\/www.1sante.com\/online\/wp-content\/uploads\/2025\/11\/nov_blue.webp\",\"articleSection\":[\"Actualit\u00e9\"],\"inLanguage\":\"fr-FR\"},{\"@type\":\"WebPage\",\"@id\":\"https:\/\/www.1sante.com\/online\/le-ministre-de-la-sante-donne-le-coup-denvoi-de-la-campagne-novembre-bleu\/\",\"url\":\"https:\/\/www.1sante.com\/online\/le-ministre-de-la-sante-donne-le-coup-denvoi-de-la-campagne-novembre-bleu\/\",\"name\":\"1sant\u00e9 - Le ministre de la Sant\u00e9 donne le coup d\u2019envoi de la campagne \\\"Novembre Bleu\\\"\",\"isPartOf\":{\"@id\":\"https:\/\/www.1sante.com\/online\/#website\"},\"primaryImageOfPage\":{\"@id\":\"https:\/\/www.1sante.com\/online\/le-ministre-de-la-sante-donne-le-coup-denvoi-de-la-campagne-novembre-bleu\/#primaryimage\"},\"image\":{\"@id\":\"https:\/\/www.1sante.com\/online\/le-ministre-de-la-sante-donne-le-coup-denvoi-de-la-campagne-novembre-bleu\/#primaryimage\"},\"thumbnailUrl\":\"https:\/\/www.1sante.com\/online\/wp-content\/uploads\/2025\/11\/nov_blue.webp\",\"datePublished\":\"2025-11-10T15:21:30+00:00\",\"dateModified\":\"2025-11-10T15:23:49+00:00\",\"author\":{\"@id\":\"https:\/\/www.1sante.com\/online\/#\/schema\/person\/741bb9b09bae031795a6c95550c70430\"},\"description\":\"1sant\u00e9 - Le ministre de la Sant\u00e9 donne le coup d\u2019envoi de la campagne \\\"Novembre Bleu\\\"\",\"breadcrumb\":{\"@id\":\"https:\/\/www.1sante.com\/online\/le-ministre-de-la-sante-donne-le-coup-denvoi-de-la-campagne-novembre-bleu\/#breadcrumb\"},\"inLanguage\":\"fr-FR\",\"potentialAction\":[{\"@type\":\"ReadAction\",\"target\":[\"https:\/\/www.1sante.com\/online\/le-ministre-de-la-sante-donne-le-coup-denvoi-de-la-campagne-novembre-bleu\/\"]}]},{\"@type\":\"ImageObject\",\"inLanguage\":\"fr-FR\",\"@id\":\"https:\/\/www.1sante.com\/online\/le-ministre-de-la-sante-donne-le-coup-denvoi-de-la-campagne-novembre-bleu\/#primaryimage\",\"url\":\"https:\/\/www.1sante.com\/online\/wp-content\/uploads\/2025\/11\/nov_blue.webp\",\"contentUrl\":\"https:\/\/www.1sante.com\/online\/wp-content\/uploads\/2025\/11\/nov_blue.webp\",\"width\":1022,\"height\":718},{\"@type\":\"BreadcrumbList\",\"@id\":\"https:\/\/www.1sante.com\/online\/le-ministre-de-la-sante-donne-le-coup-denvoi-de-la-campagne-novembre-bleu\/#breadcrumb\",\"itemListElement\":[{\"@type\":\"ListItem\",\"position\":1,\"name\":\"Accueil\",\"item\":\"https:\/\/www.1sante.com\/online\/\"},{\"@type\":\"ListItem\",\"position\":2,\"name\":\"Le ministre de la Sant\u00e9 donne le coup d\u2019envoi de la campagne &#8220;Novembre Bleu&#8221;\"}]},{\"@type\":\"WebSite\",\"@id\":\"https:\/\/www.1sante.com\/online\/#website\",\"url\":\"https:\/\/www.1sante.com\/online\/\",\"name\":\"1sant\u00e9\",\"description\":\"1er Annuaire m\u00e9dical en Alg\u00e9rie\",\"potentialAction\":[{\"@type\":\"SearchAction\",\"target\":{\"@type\":\"EntryPoint\",\"urlTemplate\":\"https:\/\/www.1sante.com\/online\/?s={search_term_string}\"},\"query-input\":{\"@type\":\"PropertyValueSpecification\",\"valueRequired\":true,\"valueName\":\"search_term_string\"}}],\"inLanguage\":\"fr-FR\"},{\"@type\":\"Person\",\"@id\":\"https:\/\/www.1sante.com\/online\/#\/schema\/person\/741bb9b09bae031795a6c95550c70430\",\"name\":\"Redaction\",\"image\":{\"@type\":\"ImageObject\",\"inLanguage\":\"fr-FR\",\"@id\":\"https:\/\/www.1sante.com\/online\/#\/schema\/person\/image\/\",\"url\":\"https:\/\/secure.gravatar.com\/avatar\/74e5374845b7e78d6d398935ac5541e37b1ce37aab2f3f4092fef4ac231ba2c4?s=96&d=mm&r=g\",\"contentUrl\":\"https:\/\/secure.gravatar.com\/avatar\/74e5374845b7e78d6d398935ac5541e37b1ce37aab2f3f4092fef4ac231ba2c4?s=96&d=mm&r=g\",\"caption\":\"Redaction\"},\"url\":\"https:\/\/www.1sante.com\/online\/author\/redaction\/\"}]}<\/script>\n<!-- \/ Yoast SEO plugin. -->","yoast_head_json":{"title":"1sant\u00e9 - Le ministre de la Sant\u00e9 donne le coup d\u2019envoi de la campagne \"Novembre Bleu\"","description":"1sant\u00e9 - Le ministre de la Sant\u00e9 donne le coup d\u2019envoi de la campagne \"Novembre Bleu\"","robots":{"index":"index","follow":"follow","max-snippet":"max-snippet:-1","max-image-preview":"max-image-preview:large","max-video-preview":"max-video-preview:-1"},"canonical":"https:\/\/www.1sante.com\/online\/le-ministre-de-la-sante-donne-le-coup-denvoi-de-la-campagne-novembre-bleu\/","og_locale":"fr_FR","og_type":"article","og_title":"1sant\u00e9 - Le ministre de la Sant\u00e9 donne le coup d\u2019envoi de la campagne \"Novembre Bleu\"","og_description":"1sant\u00e9 - Le ministre de la Sant\u00e9 donne le coup d\u2019envoi de la campagne \"Novembre Bleu\"","og_url":"https:\/\/www.1sante.com\/online\/le-ministre-de-la-sante-donne-le-coup-denvoi-de-la-campagne-novembre-bleu\/","og_site_name":"1sant\u00e9","article_publisher":"https:\/\/web.facebook.com\/annuairemedical1sante\/","article_published_time":"2025-11-10T15:21:30+00:00","article_modified_time":"2025-11-10T15:23:49+00:00","og_image":[{"width":1022,"height":718,"url":"https:\/\/www.1sante.com\/online\/wp-content\/uploads\/2025\/11\/nov_blue.webp","type":"image\/webp"}],"author":"Redaction","twitter_card":"summary_large_image","twitter_misc":{"\u00c9crit par":"Redaction","Dur\u00e9e de lecture estim\u00e9e":"3 minutes"},"schema":{"@context":"https:\/\/schema.org","@graph":[{"@type":"Article","@id":"https:\/\/www.1sante.com\/online\/le-ministre-de-la-sante-donne-le-coup-denvoi-de-la-campagne-novembre-bleu\/#article","isPartOf":{"@id":"https:\/\/www.1sante.com\/online\/le-ministre-de-la-sante-donne-le-coup-denvoi-de-la-campagne-novembre-bleu\/"},"author":{"name":"Redaction","@id":"https:\/\/www.1sante.com\/online\/#\/schema\/person\/741bb9b09bae031795a6c95550c70430"},"headline":"Le ministre de la Sant\u00e9 donne le coup d\u2019envoi de la campagne &#8220;Novembre Bleu&#8221;","datePublished":"2025-11-10T15:21:30+00:00","dateModified":"2025-11-10T15:23:49+00:00","mainEntityOfPage":{"@id":"https:\/\/www.1sante.com\/online\/le-ministre-de-la-sante-donne-le-coup-denvoi-de-la-campagne-novembre-bleu\/"},"wordCount":526,"image":{"@id":"https:\/\/www.1sante.com\/online\/le-ministre-de-la-sante-donne-le-coup-denvoi-de-la-campagne-novembre-bleu\/#primaryimage"},"thumbnailUrl":"https:\/\/www.1sante.com\/online\/wp-content\/uploads\/2025\/11\/nov_blue.webp","articleSection":["Actualit\u00e9"],"inLanguage":"fr-FR"},{"@type":"WebPage","@id":"https:\/\/www.1sante.com\/online\/le-ministre-de-la-sante-donne-le-coup-denvoi-de-la-campagne-novembre-bleu\/","url":"https:\/\/www.1sante.com\/online\/le-ministre-de-la-sante-donne-le-coup-denvoi-de-la-campagne-novembre-bleu\/","name":"1sant\u00e9 - Le ministre de la Sant\u00e9 donne le coup d\u2019envoi de la campagne \"Novembre Bleu\"","isPartOf":{"@id":"https:\/\/www.1sante.com\/online\/#website"},"primaryImageOfPage":{"@id":"https:\/\/www.1sante.com\/online\/le-ministre-de-la-sante-donne-le-coup-denvoi-de-la-campagne-novembre-bleu\/#primaryimage"},"image":{"@id":"https:\/\/www.1sante.com\/online\/le-ministre-de-la-sante-donne-le-coup-denvoi-de-la-campagne-novembre-bleu\/#primaryimage"},"thumbnailUrl":"https:\/\/www.1sante.com\/online\/wp-content\/uploads\/2025\/11\/nov_blue.webp","datePublished":"2025-11-10T15:21:30+00:00","dateModified":"2025-11-10T15:23:49+00:00","author":{"@id":"https:\/\/www.1sante.com\/online\/#\/schema\/person\/741bb9b09bae031795a6c95550c70430"},"description":"1sant\u00e9 - Le ministre de la Sant\u00e9 donne le coup d\u2019envoi de la campagne \"Novembre Bleu\"","breadcrumb":{"@id":"https:\/\/www.1sante.com\/online\/le-ministre-de-la-sante-donne-le-coup-denvoi-de-la-campagne-novembre-bleu\/#breadcrumb"},"inLanguage":"fr-FR","potentialAction":[{"@type":"ReadAction","target":["https:\/\/www.1sante.com\/online\/le-ministre-de-la-sante-donne-le-coup-denvoi-de-la-campagne-novembre-bleu\/"]}]},{"@type":"ImageObject","inLanguage":"fr-FR","@id":"https:\/\/www.1sante.com\/online\/le-ministre-de-la-sante-donne-le-coup-denvoi-de-la-campagne-novembre-bleu\/#primaryimage","url":"https:\/\/www.1sante.com\/online\/wp-content\/uploads\/2025\/11\/nov_blue.webp","contentUrl":"https:\/\/www.1sante.com\/online\/wp-content\/uploads\/2025\/11\/nov_blue.webp","width":1022,"height":718},{"@type":"BreadcrumbList","@id":"https:\/\/www.1sante.com\/online\/le-ministre-de-la-sante-donne-le-coup-denvoi-de-la-campagne-novembre-bleu\/#breadcrumb","itemListElement":[{"@type":"ListItem","position":1,"name":"Accueil","item":"https:\/\/www.1sante.com\/online\/"},{"@type":"ListItem","position":2,"name":"Le ministre de la Sant\u00e9 donne le coup d\u2019envoi de la campagne &#8220;Novembre Bleu&#8221;"}]},{"@type":"WebSite","@id":"https:\/\/www.1sante.com\/online\/#website","url":"https:\/\/www.1sante.com\/online\/","name":"1sant\u00e9","description":"1er Annuaire m\u00e9dical en Alg\u00e9rie","potentialAction":[{"@type":"SearchAction","target":{"@type":"EntryPoint","urlTemplate":"https:\/\/www.1sante.com\/online\/?s={search_term_string}"},"query-input":{"@type":"PropertyValueSpecification","valueRequired":true,"valueName":"search_term_string"}}],"inLanguage":"fr-FR"},{"@type":"Person","@id":"https:\/\/www.1sante.com\/online\/#\/schema\/person\/741bb9b09bae031795a6c95550c70430","name":"Redaction","image":{"@type":"ImageObject","inLanguage":"fr-FR","@id":"https:\/\/www.1sante.com\/online\/#\/schema\/person\/image\/","url":"https:\/\/secure.gravatar.com\/avatar\/74e5374845b7e78d6d398935ac5541e37b1ce37aab2f3f4092fef4ac231ba2c4?s=96&d=mm&r=g","contentUrl":"https:\/\/secure.gravatar.com\/avatar\/74e5374845b7e78d6d398935ac5541e37b1ce37aab2f3f4092fef4ac231ba2c4?s=96&d=mm&r=g","caption":"Redaction"},"url":"https:\/\/www.1sante.com\/online\/author\/redaction\/"}]}},"_links":{"self":[{"href":"https:\/\/www.1sante.com\/online\/wp-json\/wp\/v2\/posts\/24983","targetHints":{"allow":["GET"]}}],"collection":[{"href":"https:\/\/www.1sante.com\/online\/wp-json\/wp\/v2\/posts"}],"about":[{"href":"https:\/\/www.1sante.com\/online\/wp-json\/wp\/v2\/types\/post"}],"author":[{"embeddable":true,"href":"https:\/\/www.1sante.com\/online\/wp-json\/wp\/v2\/users\/9"}],"replies":[{"embeddable":true,"href":"https:\/\/www.1sante.com\/online\/wp-json\/wp\/v2\/comments?post=24983"}],"version-history":[{"count":1,"href":"https:\/\/www.1sante.com\/online\/wp-json\/wp\/v2\/posts\/24983\/revisions"}],"predecessor-version":[{"id":24985,"href":"https:\/\/www.1sante.com\/online\/wp-json\/wp\/v2\/posts\/24983\/revisions\/24985"}],"wp:featuredmedia":[{"embeddable":true,"href":"https:\/\/www.1sante.com\/online\/wp-json\/wp\/v2\/media\/24984"}],"wp:attachment":[{"href":"https:\/\/www.1sante.com\/online\/wp-json\/wp\/v2\/media?parent=24983"}],"wp:term":[{"taxonomy":"category","embeddable":true,"href":"https:\/\/www.1sante.com\/online\/wp-json\/wp\/v2\/categories?post=24983"},{"taxonomy":"post_tag","embeddable":true,"href":"https:\/\/www.1sante.com\/online\/wp-json\/wp\/v2\/tags?post=24983"}],"curies":[{"name":"wp","href":"https:\/\/api.w.org\/{rel}","templated":true}]}}