{"id":24842,"date":"2025-11-02T07:11:23","date_gmt":"2025-11-02T06:11:23","guid":{"rendered":"https:\/\/www.1sante.com\/online\/?p=24842"},"modified":"2025-11-10T16:23:49","modified_gmt":"2025-11-10T15:23:49","slug":"appel-a-accelerer-lelaboration-dun-plan-national-de-nutrition","status":"publish","type":"post","link":"https:\/\/www.1sante.com\/online\/appel-a-accelerer-lelaboration-dun-plan-national-de-nutrition\/","title":{"rendered":"Appel \u00e0 acc\u00e9l\u00e9rer l&#8217;\u00e9laboration d&#8217;un plan national de nutrition"},"content":{"rendered":"<p>Des diab\u00e9tologues et des sp\u00e9cialistes des maladies m\u00e9taboliques, participant au 4e Congr\u00e8s international de l&#8217;ob\u00e9sit\u00e9 et des maladies m\u00e9taboliques, qui se tient \u00e0 Alger, ont appel\u00e9 \u00e0 acc\u00e9l\u00e9rer l&#8217;\u00e9laboration d&#8217;un plan national de nutrition, afin de pr\u00e9venir l&#8217;ob\u00e9sit\u00e9 et de r\u00e9duire son impact sur la sant\u00e9, notamment chez les jeunes.<\/p>\n<p>Dans une d\u00e9claration \u00e0 l&#8217;APS en marge du 4e Congr\u00e8s international de l&#8217;ob\u00e9sit\u00e9 et des maladies m\u00e9taboliques, qui a d\u00e9but\u00e9 jeudi, le pr\u00e9sident de la Soci\u00e9t\u00e9 alg\u00e9rienne de l&#8217;ob\u00e9sit\u00e9 et des maladies m\u00e9taboliques (SAOMM), Pr Amar Tebaibia, a insist\u00e9 sur la n\u00e9cessit\u00e9 d&#8217;\u00e9laborer rapidement un plan national de nutrition, afin de pr\u00e9venir l&#8217;ob\u00e9sit\u00e9, qui est d\u00e9sormais associ\u00e9e \u00e0 plusieurs pathologies, telles que le diab\u00e8te, l&#8217;hypertension art\u00e9rielle et le cancer.<\/p>\n<p>De son c\u00f4t\u00e9, le Pr Malek Rachid, pr\u00e9sident de la Soci\u00e9t\u00e9 alg\u00e9rienne de m\u00e9decine interne (SAMI), a indiqu\u00e9 que l&#8217;\u00e9laboration d&#8217;un plan national de nutrition &#8220;permettra de d\u00e9finir les normes des aliments sains et de renforcer leur s\u00e9curit\u00e9, r\u00e9duisant ainsi la consommation de sucre, de sel et de graisses&#8221;.<\/p>\n<p>Et d&#8217;ajouter que ce plan permettra \u00e9galement d'&#8221;am\u00e9liorer l&#8217;hygi\u00e8ne alimentaire, en prot\u00e9geant les aliments des risques biologiques et chimiques \u00e0 toutes les \u00e9tapes de la cha\u00eene alimentaire&#8221;.<\/p>\n<p>La vice-pr\u00e9sidente de la SAOMM, Pr Samia Zekri, a, elle aussi, soulign\u00e9 &#8220;l&#8217;imp\u00e9ratif d&#8217;adopter un plan national de nutrition pour lutter efficacement contre l&#8217;ob\u00e9sit\u00e9&#8221;, recommandant de &#8220;suivre un r\u00e9gime alimentaire anti-inflammatoire, \u00e0 base de l\u00e9gumes et de fruits, tout en \u00e9vitant autant que possible les produits transform\u00e9s&#8221;.<\/p>\n<p>Au cours de ce congr\u00e8s de trois jours, plusieurs th\u00e8mes seront abord\u00e9s, dont &#8220;l&#8217;ob\u00e9sit\u00e9 et l&#8217;empreinte \u00e9pig\u00e9n\u00e9tique&#8221;, &#8220;l&#8217;ob\u00e9sit\u00e9 et les cancers du syst\u00e8me digestif&#8221; et &#8220;l&#8217;ob\u00e9sit\u00e9 et les troubles endocriniens&#8221;.<\/p>\n<p>Les participants discuteront \u00e9galement de questions li\u00e9es \u00e0 l&#8217;ob\u00e9sit\u00e9 et aux risques de maladies cardio-m\u00e9taboliques et aux facteurs de risque de l&#8217;ob\u00e9sit\u00e9 de l&#8217;enfant en Alg\u00e9rie.<\/p>\n<p>Source : https:\/\/www.aps.dz\/<\/p>\n","protected":false},"excerpt":{"rendered":"<p>Des diab\u00e9tologues et des sp\u00e9cialistes des maladies m\u00e9taboliques, participant au 4e Congr\u00e8s international de l&#8217;ob\u00e9sit\u00e9 et des maladies m\u00e9taboliques, qui se tient \u00e0 Alger, ont appel\u00e9 \u00e0 acc\u00e9l\u00e9rer l&#8217;\u00e9laboration d&#8217;un plan national de nutrition, afin de pr\u00e9venir l&#8217;ob\u00e9sit\u00e9 et de r\u00e9duire son impact sur la sant\u00e9, notamment chez les jeunes. Dans une d\u00e9claration \u00e0 l&#8217;APS &hellip;<\/p>\n","protected":false},"author":9,"featured_media":24843,"comment_status":"closed","ping_status":"closed","sticky":false,"template":"","format":"standard","meta":{"footnotes":""},"categories":[1],"tags":[],"class_list":["post-24842","post","type-post","status-publish","format-standard","has-post-thumbnail","hentry","category-actualite"],"yoast_head":"<!-- This site is optimized with the Yoast SEO plugin v27.0 - https:\/\/yoast.com\/product\/yoast-seo-wordpress\/ -->\n<title>1sant\u00e9 - Appel \u00e0 acc\u00e9l\u00e9rer l&#039;\u00e9laboration d&#039;un plan national de nutrition<\/title>\n<meta name=\"description\" content=\"1sant\u00e9 - Appel \u00e0 acc\u00e9l\u00e9rer l&#039;\u00e9laboration d&#039;un plan national de nutrition\" \/>\n<meta name=\"robots\" content=\"index, follow, max-snippet:-1, max-image-preview:large, max-video-preview:-1\" \/>\n<link rel=\"canonical\" href=\"https:\/\/www.1sante.com\/online\/appel-a-accelerer-lelaboration-dun-plan-national-de-nutrition\/\" \/>\n<meta property=\"og:locale\" content=\"fr_FR\" \/>\n<meta property=\"og:type\" content=\"article\" \/>\n<meta property=\"og:title\" content=\"1sant\u00e9 - Appel \u00e0 acc\u00e9l\u00e9rer l&#039;\u00e9laboration d&#039;un plan national de nutrition\" \/>\n<meta property=\"og:description\" content=\"1sant\u00e9 - Appel \u00e0 acc\u00e9l\u00e9rer l&#039;\u00e9laboration d&#039;un plan national de nutrition\" \/>\n<meta property=\"og:url\" content=\"https:\/\/www.1sante.com\/online\/appel-a-accelerer-lelaboration-dun-plan-national-de-nutrition\/\" \/>\n<meta property=\"og:site_name\" content=\"1sant\u00e9\" \/>\n<meta property=\"article:publisher\" content=\"https:\/\/web.facebook.com\/annuairemedical1sante\/\" \/>\n<meta property=\"article:published_time\" content=\"2025-11-02T06:11:23+00:00\" \/>\n<meta property=\"article:modified_time\" content=\"2025-11-10T15:23:49+00:00\" \/>\n<meta property=\"og:image\" content=\"https:\/\/www.1sante.com\/online\/wp-content\/uploads\/2025\/11\/metabilisme.webp\" \/>\n\t<meta property=\"og:image:width\" content=\"1080\" \/>\n\t<meta property=\"og:image:height\" content=\"675\" \/>\n\t<meta property=\"og:image:type\" content=\"image\/webp\" \/>\n<meta name=\"author\" content=\"Redaction\" \/>\n<meta name=\"twitter:card\" content=\"summary_large_image\" \/>\n<meta name=\"twitter:label1\" content=\"\u00c9crit par\" \/>\n\t<meta name=\"twitter:data1\" content=\"Redaction\" \/>\n\t<meta name=\"twitter:label2\" content=\"Dur\u00e9e de lecture estim\u00e9e\" \/>\n\t<meta name=\"twitter:data2\" content=\"2 minutes\" \/>\n<script type=\"application\/ld+json\" class=\"yoast-schema-graph\">{\"@context\":\"https:\/\/schema.org\",\"@graph\":[{\"@type\":\"Article\",\"@id\":\"https:\/\/www.1sante.com\/online\/appel-a-accelerer-lelaboration-dun-plan-national-de-nutrition\/#article\",\"isPartOf\":{\"@id\":\"https:\/\/www.1sante.com\/online\/appel-a-accelerer-lelaboration-dun-plan-national-de-nutrition\/\"},\"author\":{\"name\":\"Redaction\",\"@id\":\"https:\/\/www.1sante.com\/online\/#\/schema\/person\/741bb9b09bae031795a6c95550c70430\"},\"headline\":\"Appel \u00e0 acc\u00e9l\u00e9rer l&#8217;\u00e9laboration d&#8217;un plan national de nutrition\",\"datePublished\":\"2025-11-02T06:11:23+00:00\",\"dateModified\":\"2025-11-10T15:23:49+00:00\",\"mainEntityOfPage\":{\"@id\":\"https:\/\/www.1sante.com\/online\/appel-a-accelerer-lelaboration-dun-plan-national-de-nutrition\/\"},\"wordCount\":371,\"image\":{\"@id\":\"https:\/\/www.1sante.com\/online\/appel-a-accelerer-lelaboration-dun-plan-national-de-nutrition\/#primaryimage\"},\"thumbnailUrl\":\"https:\/\/www.1sante.com\/online\/wp-content\/uploads\/2025\/11\/metabilisme.webp\",\"articleSection\":[\"Actualit\u00e9\"],\"inLanguage\":\"fr-FR\"},{\"@type\":\"WebPage\",\"@id\":\"https:\/\/www.1sante.com\/online\/appel-a-accelerer-lelaboration-dun-plan-national-de-nutrition\/\",\"url\":\"https:\/\/www.1sante.com\/online\/appel-a-accelerer-lelaboration-dun-plan-national-de-nutrition\/\",\"name\":\"1sant\u00e9 - Appel \u00e0 acc\u00e9l\u00e9rer l'\u00e9laboration d'un plan national de nutrition\",\"isPartOf\":{\"@id\":\"https:\/\/www.1sante.com\/online\/#website\"},\"primaryImageOfPage\":{\"@id\":\"https:\/\/www.1sante.com\/online\/appel-a-accelerer-lelaboration-dun-plan-national-de-nutrition\/#primaryimage\"},\"image\":{\"@id\":\"https:\/\/www.1sante.com\/online\/appel-a-accelerer-lelaboration-dun-plan-national-de-nutrition\/#primaryimage\"},\"thumbnailUrl\":\"https:\/\/www.1sante.com\/online\/wp-content\/uploads\/2025\/11\/metabilisme.webp\",\"datePublished\":\"2025-11-02T06:11:23+00:00\",\"dateModified\":\"2025-11-10T15:23:49+00:00\",\"author\":{\"@id\":\"https:\/\/www.1sante.com\/online\/#\/schema\/person\/741bb9b09bae031795a6c95550c70430\"},\"description\":\"1sant\u00e9 - Appel \u00e0 acc\u00e9l\u00e9rer l'\u00e9laboration d'un plan national de nutrition\",\"breadcrumb\":{\"@id\":\"https:\/\/www.1sante.com\/online\/appel-a-accelerer-lelaboration-dun-plan-national-de-nutrition\/#breadcrumb\"},\"inLanguage\":\"fr-FR\",\"potentialAction\":[{\"@type\":\"ReadAction\",\"target\":[\"https:\/\/www.1sante.com\/online\/appel-a-accelerer-lelaboration-dun-plan-national-de-nutrition\/\"]}]},{\"@type\":\"ImageObject\",\"inLanguage\":\"fr-FR\",\"@id\":\"https:\/\/www.1sante.com\/online\/appel-a-accelerer-lelaboration-dun-plan-national-de-nutrition\/#primaryimage\",\"url\":\"https:\/\/www.1sante.com\/online\/wp-content\/uploads\/2025\/11\/metabilisme.webp\",\"contentUrl\":\"https:\/\/www.1sante.com\/online\/wp-content\/uploads\/2025\/11\/metabilisme.webp\",\"width\":1080,\"height\":675},{\"@type\":\"BreadcrumbList\",\"@id\":\"https:\/\/www.1sante.com\/online\/appel-a-accelerer-lelaboration-dun-plan-national-de-nutrition\/#breadcrumb\",\"itemListElement\":[{\"@type\":\"ListItem\",\"position\":1,\"name\":\"Accueil\",\"item\":\"https:\/\/www.1sante.com\/online\/\"},{\"@type\":\"ListItem\",\"position\":2,\"name\":\"Appel \u00e0 acc\u00e9l\u00e9rer l&#8217;\u00e9laboration d&#8217;un plan national de nutrition\"}]},{\"@type\":\"WebSite\",\"@id\":\"https:\/\/www.1sante.com\/online\/#website\",\"url\":\"https:\/\/www.1sante.com\/online\/\",\"name\":\"1sant\u00e9\",\"description\":\"1er Annuaire m\u00e9dical en Alg\u00e9rie\",\"potentialAction\":[{\"@type\":\"SearchAction\",\"target\":{\"@type\":\"EntryPoint\",\"urlTemplate\":\"https:\/\/www.1sante.com\/online\/?s={search_term_string}\"},\"query-input\":{\"@type\":\"PropertyValueSpecification\",\"valueRequired\":true,\"valueName\":\"search_term_string\"}}],\"inLanguage\":\"fr-FR\"},{\"@type\":\"Person\",\"@id\":\"https:\/\/www.1sante.com\/online\/#\/schema\/person\/741bb9b09bae031795a6c95550c70430\",\"name\":\"Redaction\",\"image\":{\"@type\":\"ImageObject\",\"inLanguage\":\"fr-FR\",\"@id\":\"https:\/\/www.1sante.com\/online\/#\/schema\/person\/image\/\",\"url\":\"https:\/\/secure.gravatar.com\/avatar\/74e5374845b7e78d6d398935ac5541e37b1ce37aab2f3f4092fef4ac231ba2c4?s=96&d=mm&r=g\",\"contentUrl\":\"https:\/\/secure.gravatar.com\/avatar\/74e5374845b7e78d6d398935ac5541e37b1ce37aab2f3f4092fef4ac231ba2c4?s=96&d=mm&r=g\",\"caption\":\"Redaction\"},\"url\":\"https:\/\/www.1sante.com\/online\/author\/redaction\/\"}]}<\/script>\n<!-- \/ Yoast SEO plugin. -->","yoast_head_json":{"title":"1sant\u00e9 - Appel \u00e0 acc\u00e9l\u00e9rer l'\u00e9laboration d'un plan national de nutrition","description":"1sant\u00e9 - Appel \u00e0 acc\u00e9l\u00e9rer l'\u00e9laboration d'un plan national de nutrition","robots":{"index":"index","follow":"follow","max-snippet":"max-snippet:-1","max-image-preview":"max-image-preview:large","max-video-preview":"max-video-preview:-1"},"canonical":"https:\/\/www.1sante.com\/online\/appel-a-accelerer-lelaboration-dun-plan-national-de-nutrition\/","og_locale":"fr_FR","og_type":"article","og_title":"1sant\u00e9 - Appel \u00e0 acc\u00e9l\u00e9rer l'\u00e9laboration d'un plan national de nutrition","og_description":"1sant\u00e9 - Appel \u00e0 acc\u00e9l\u00e9rer l'\u00e9laboration d'un plan national de nutrition","og_url":"https:\/\/www.1sante.com\/online\/appel-a-accelerer-lelaboration-dun-plan-national-de-nutrition\/","og_site_name":"1sant\u00e9","article_publisher":"https:\/\/web.facebook.com\/annuairemedical1sante\/","article_published_time":"2025-11-02T06:11:23+00:00","article_modified_time":"2025-11-10T15:23:49+00:00","og_image":[{"width":1080,"height":675,"url":"https:\/\/www.1sante.com\/online\/wp-content\/uploads\/2025\/11\/metabilisme.webp","type":"image\/webp"}],"author":"Redaction","twitter_card":"summary_large_image","twitter_misc":{"\u00c9crit par":"Redaction","Dur\u00e9e de lecture estim\u00e9e":"2 minutes"},"schema":{"@context":"https:\/\/schema.org","@graph":[{"@type":"Article","@id":"https:\/\/www.1sante.com\/online\/appel-a-accelerer-lelaboration-dun-plan-national-de-nutrition\/#article","isPartOf":{"@id":"https:\/\/www.1sante.com\/online\/appel-a-accelerer-lelaboration-dun-plan-national-de-nutrition\/"},"author":{"name":"Redaction","@id":"https:\/\/www.1sante.com\/online\/#\/schema\/person\/741bb9b09bae031795a6c95550c70430"},"headline":"Appel \u00e0 acc\u00e9l\u00e9rer l&#8217;\u00e9laboration d&#8217;un plan national de nutrition","datePublished":"2025-11-02T06:11:23+00:00","dateModified":"2025-11-10T15:23:49+00:00","mainEntityOfPage":{"@id":"https:\/\/www.1sante.com\/online\/appel-a-accelerer-lelaboration-dun-plan-national-de-nutrition\/"},"wordCount":371,"image":{"@id":"https:\/\/www.1sante.com\/online\/appel-a-accelerer-lelaboration-dun-plan-national-de-nutrition\/#primaryimage"},"thumbnailUrl":"https:\/\/www.1sante.com\/online\/wp-content\/uploads\/2025\/11\/metabilisme.webp","articleSection":["Actualit\u00e9"],"inLanguage":"fr-FR"},{"@type":"WebPage","@id":"https:\/\/www.1sante.com\/online\/appel-a-accelerer-lelaboration-dun-plan-national-de-nutrition\/","url":"https:\/\/www.1sante.com\/online\/appel-a-accelerer-lelaboration-dun-plan-national-de-nutrition\/","name":"1sant\u00e9 - Appel \u00e0 acc\u00e9l\u00e9rer l'\u00e9laboration d'un plan national de nutrition","isPartOf":{"@id":"https:\/\/www.1sante.com\/online\/#website"},"primaryImageOfPage":{"@id":"https:\/\/www.1sante.com\/online\/appel-a-accelerer-lelaboration-dun-plan-national-de-nutrition\/#primaryimage"},"image":{"@id":"https:\/\/www.1sante.com\/online\/appel-a-accelerer-lelaboration-dun-plan-national-de-nutrition\/#primaryimage"},"thumbnailUrl":"https:\/\/www.1sante.com\/online\/wp-content\/uploads\/2025\/11\/metabilisme.webp","datePublished":"2025-11-02T06:11:23+00:00","dateModified":"2025-11-10T15:23:49+00:00","author":{"@id":"https:\/\/www.1sante.com\/online\/#\/schema\/person\/741bb9b09bae031795a6c95550c70430"},"description":"1sant\u00e9 - Appel \u00e0 acc\u00e9l\u00e9rer l'\u00e9laboration d'un plan national de nutrition","breadcrumb":{"@id":"https:\/\/www.1sante.com\/online\/appel-a-accelerer-lelaboration-dun-plan-national-de-nutrition\/#breadcrumb"},"inLanguage":"fr-FR","potentialAction":[{"@type":"ReadAction","target":["https:\/\/www.1sante.com\/online\/appel-a-accelerer-lelaboration-dun-plan-national-de-nutrition\/"]}]},{"@type":"ImageObject","inLanguage":"fr-FR","@id":"https:\/\/www.1sante.com\/online\/appel-a-accelerer-lelaboration-dun-plan-national-de-nutrition\/#primaryimage","url":"https:\/\/www.1sante.com\/online\/wp-content\/uploads\/2025\/11\/metabilisme.webp","contentUrl":"https:\/\/www.1sante.com\/online\/wp-content\/uploads\/2025\/11\/metabilisme.webp","width":1080,"height":675},{"@type":"BreadcrumbList","@id":"https:\/\/www.1sante.com\/online\/appel-a-accelerer-lelaboration-dun-plan-national-de-nutrition\/#breadcrumb","itemListElement":[{"@type":"ListItem","position":1,"name":"Accueil","item":"https:\/\/www.1sante.com\/online\/"},{"@type":"ListItem","position":2,"name":"Appel \u00e0 acc\u00e9l\u00e9rer l&#8217;\u00e9laboration d&#8217;un plan national de nutrition"}]},{"@type":"WebSite","@id":"https:\/\/www.1sante.com\/online\/#website","url":"https:\/\/www.1sante.com\/online\/","name":"1sant\u00e9","description":"1er Annuaire m\u00e9dical en Alg\u00e9rie","potentialAction":[{"@type":"SearchAction","target":{"@type":"EntryPoint","urlTemplate":"https:\/\/www.1sante.com\/online\/?s={search_term_string}"},"query-input":{"@type":"PropertyValueSpecification","valueRequired":true,"valueName":"search_term_string"}}],"inLanguage":"fr-FR"},{"@type":"Person","@id":"https:\/\/www.1sante.com\/online\/#\/schema\/person\/741bb9b09bae031795a6c95550c70430","name":"Redaction","image":{"@type":"ImageObject","inLanguage":"fr-FR","@id":"https:\/\/www.1sante.com\/online\/#\/schema\/person\/image\/","url":"https:\/\/secure.gravatar.com\/avatar\/74e5374845b7e78d6d398935ac5541e37b1ce37aab2f3f4092fef4ac231ba2c4?s=96&d=mm&r=g","contentUrl":"https:\/\/secure.gravatar.com\/avatar\/74e5374845b7e78d6d398935ac5541e37b1ce37aab2f3f4092fef4ac231ba2c4?s=96&d=mm&r=g","caption":"Redaction"},"url":"https:\/\/www.1sante.com\/online\/author\/redaction\/"}]}},"_links":{"self":[{"href":"https:\/\/www.1sante.com\/online\/wp-json\/wp\/v2\/posts\/24842","targetHints":{"allow":["GET"]}}],"collection":[{"href":"https:\/\/www.1sante.com\/online\/wp-json\/wp\/v2\/posts"}],"about":[{"href":"https:\/\/www.1sante.com\/online\/wp-json\/wp\/v2\/types\/post"}],"author":[{"embeddable":true,"href":"https:\/\/www.1sante.com\/online\/wp-json\/wp\/v2\/users\/9"}],"replies":[{"embeddable":true,"href":"https:\/\/www.1sante.com\/online\/wp-json\/wp\/v2\/comments?post=24842"}],"version-history":[{"count":1,"href":"https:\/\/www.1sante.com\/online\/wp-json\/wp\/v2\/posts\/24842\/revisions"}],"predecessor-version":[{"id":24844,"href":"https:\/\/www.1sante.com\/online\/wp-json\/wp\/v2\/posts\/24842\/revisions\/24844"}],"wp:featuredmedia":[{"embeddable":true,"href":"https:\/\/www.1sante.com\/online\/wp-json\/wp\/v2\/media\/24843"}],"wp:attachment":[{"href":"https:\/\/www.1sante.com\/online\/wp-json\/wp\/v2\/media?parent=24842"}],"wp:term":[{"taxonomy":"category","embeddable":true,"href":"https:\/\/www.1sante.com\/online\/wp-json\/wp\/v2\/categories?post=24842"},{"taxonomy":"post_tag","embeddable":true,"href":"https:\/\/www.1sante.com\/online\/wp-json\/wp\/v2\/tags?post=24842"}],"curies":[{"name":"wp","href":"https:\/\/api.w.org\/{rel}","templated":true}]}}