{"id":24544,"date":"2025-10-14T07:12:46","date_gmt":"2025-10-14T06:12:46","guid":{"rendered":"https:\/\/www.1sante.com\/online\/?p=24544"},"modified":"2025-11-10T16:23:49","modified_gmt":"2025-11-10T15:23:49","slug":"le-ministre-de-la-sante-rencontre-les-membres-du-snccsp","status":"publish","type":"post","link":"https:\/\/www.1sante.com\/online\/le-ministre-de-la-sante-rencontre-les-membres-du-snccsp\/","title":{"rendered":"Le ministre de la Sant\u00e9 rencontre les membres du SNCCSP"},"content":{"rendered":"<p>\u00a0Le ministre de la Sant\u00e9, M. Mohamed Seddik Ait Messaoudene, a rencontr\u00e9, lundi \u00e0 Alger, les membres du Syndicat national des corps communs de la sant\u00e9 publique (SNCCSP), indique un communiqu\u00e9 du minist\u00e8re.<\/p>\n<p>Dans le cadre de &#8220;l&#8217;ancrage de la culture du dialogue et de la concertation avec les diff\u00e9rents partenaires sociaux, M. Ait Messaoudene a lanc\u00e9 une s\u00e9rie de rencontres de concertation, entam\u00e9es avec les membres du SNCCSP, pr\u00e9sid\u00e9 par M. Kessar Ayache&#8221;, pr\u00e9cise la m\u00eame source.<\/p>\n<p>Lors de cette r\u00e9union consacr\u00e9e \u00e0 l&#8217;\u00e9coute des pr\u00e9occupations socioprofessionnelles de ce syndicat, le ministre a &#8220;tenu \u00e0 rassurer les<\/p>\n<p>repr\u00e9sentants du syndicat des corps communs&#8221;, assurant que &#8220;leurs revendications b\u00e9n\u00e9ficieront d&#8217;un grand int\u00e9r\u00eat&#8221;, et r\u00e9affirmant &#8220;son engagement \u00e0 poursuivre le travail en vue d&#8217;am\u00e9liorer les conditions des personnels de la sant\u00e9&#8221;.<\/p>\n<p>Il a salu\u00e9, dans ce sillage, le r\u00f4le important de la commission centrale charg\u00e9e du dialogue, en tant que &#8220;maillon essentiel dans le processus de concertation avec les partenaires sociaux&#8221;, une d\u00e9marche qui vise \u00e0 &#8220;renforcer la confiance et \u00e0 promouvoir l&#8217;esprit de coop\u00e9ration et d&#8217;entente mutuelle entre les diff\u00e9rentes parties&#8221;, ajoute le communiqu\u00e9.<\/p>\n<p>Quant \u00e0 la prise en charge des patients, le ministre a soulign\u00e9 que cette question &#8220;reste au c\u0153ur de la politique sanitaire de l&#8217;Etat&#8221;, car l&#8217;am\u00e9lioration des performances de toutes les cat\u00e9gories du secteur constitue &#8220;une garantie fondamentale pour atteindre les objectifs escompt\u00e9s&#8221;.<\/p>\n<p>Cette rencontre sera suivie d&#8217;une s\u00e9rie de r\u00e9unions avec les autres partenaires sociaux, dans le cadre d&#8217;un programme global pour \u00e9couter les diff\u00e9rentes pr\u00e9occupations et les examiner dans le cadre d&#8217;une approche participative&#8221;, a expliqu\u00e9 M. Ait Messaoudene.<\/p>\n<p>Pour sa part, le pr\u00e9sident du SNCCSP a salu\u00e9 &#8220;l&#8217;esprit de coop\u00e9ration qui caract\u00e9rise les relations entre le syndicat et l&#8217;administration centrale&#8221;.<\/p>\n<p>Cette rencontre, a-t-il dit, refl\u00e8te &#8220;la volont\u00e9 commune de renforcer le dialogue constructif au service de l&#8217;int\u00e9r\u00eat g\u00e9n\u00e9ral&#8221;, de m\u00eame qu&#8217;elle traduit &#8220;la d\u00e9termination commune \u00e0 poursuivre la concertation et \u00e0 approfondir le dialogue social entre le minist\u00e8re de la Sant\u00e9 et ses partenaires du secteur&#8221;, selon la m\u00eame source.<\/p>\n<p>Source : https:\/\/www.aps.dz\/<\/p>\n","protected":false},"excerpt":{"rendered":"<p>\u00a0Le ministre de la Sant\u00e9, M. Mohamed Seddik Ait Messaoudene, a rencontr\u00e9, lundi \u00e0 Alger, les membres du Syndicat national des corps communs de la sant\u00e9 publique (SNCCSP), indique un communiqu\u00e9 du minist\u00e8re. Dans le cadre de &#8220;l&#8217;ancrage de la culture du dialogue et de la concertation avec les diff\u00e9rents partenaires sociaux, M. Ait Messaoudene &hellip;<\/p>\n","protected":false},"author":9,"featured_media":24545,"comment_status":"closed","ping_status":"closed","sticky":false,"template":"","format":"standard","meta":{"footnotes":""},"categories":[1],"tags":[],"class_list":["post-24544","post","type-post","status-publish","format-standard","has-post-thumbnail","hentry","category-actualite"],"yoast_head":"<!-- This site is optimized with the Yoast SEO plugin v27.0 - https:\/\/yoast.com\/product\/yoast-seo-wordpress\/ -->\n<title>1sant\u00e9 - Le ministre de la Sant\u00e9 rencontre les membres du SNCCSP<\/title>\n<meta name=\"description\" content=\"1sant\u00e9 - Le ministre de la Sant\u00e9 rencontre les membres du SNCCSP\" \/>\n<meta name=\"robots\" content=\"index, follow, max-snippet:-1, max-image-preview:large, max-video-preview:-1\" \/>\n<link rel=\"canonical\" href=\"https:\/\/www.1sante.com\/online\/le-ministre-de-la-sante-rencontre-les-membres-du-snccsp\/\" \/>\n<meta property=\"og:locale\" content=\"fr_FR\" \/>\n<meta property=\"og:type\" content=\"article\" \/>\n<meta property=\"og:title\" content=\"1sant\u00e9 - Le ministre de la Sant\u00e9 rencontre les membres du SNCCSP\" \/>\n<meta property=\"og:description\" content=\"1sant\u00e9 - Le ministre de la Sant\u00e9 rencontre les membres du SNCCSP\" \/>\n<meta property=\"og:url\" content=\"https:\/\/www.1sante.com\/online\/le-ministre-de-la-sante-rencontre-les-membres-du-snccsp\/\" \/>\n<meta property=\"og:site_name\" content=\"1sant\u00e9\" \/>\n<meta property=\"article:publisher\" content=\"https:\/\/web.facebook.com\/annuairemedical1sante\/\" \/>\n<meta property=\"article:published_time\" content=\"2025-10-14T06:12:46+00:00\" \/>\n<meta property=\"article:modified_time\" content=\"2025-11-10T15:23:49+00:00\" \/>\n<meta property=\"og:image\" content=\"https:\/\/www.1sante.com\/online\/wp-content\/uploads\/2025\/10\/sante2.webp\" \/>\n\t<meta property=\"og:image:width\" content=\"1080\" \/>\n\t<meta property=\"og:image:height\" content=\"809\" \/>\n\t<meta property=\"og:image:type\" content=\"image\/webp\" \/>\n<meta name=\"author\" content=\"Redaction\" \/>\n<meta name=\"twitter:card\" content=\"summary_large_image\" \/>\n<meta name=\"twitter:label1\" content=\"\u00c9crit par\" \/>\n\t<meta name=\"twitter:data1\" content=\"Redaction\" \/>\n\t<meta name=\"twitter:label2\" content=\"Dur\u00e9e de lecture estim\u00e9e\" \/>\n\t<meta name=\"twitter:data2\" content=\"2 minutes\" \/>\n<script type=\"application\/ld+json\" class=\"yoast-schema-graph\">{\"@context\":\"https:\/\/schema.org\",\"@graph\":[{\"@type\":\"Article\",\"@id\":\"https:\/\/www.1sante.com\/online\/le-ministre-de-la-sante-rencontre-les-membres-du-snccsp\/#article\",\"isPartOf\":{\"@id\":\"https:\/\/www.1sante.com\/online\/le-ministre-de-la-sante-rencontre-les-membres-du-snccsp\/\"},\"author\":{\"name\":\"Redaction\",\"@id\":\"https:\/\/www.1sante.com\/online\/#\/schema\/person\/741bb9b09bae031795a6c95550c70430\"},\"headline\":\"Le ministre de la Sant\u00e9 rencontre les membres du SNCCSP\",\"datePublished\":\"2025-10-14T06:12:46+00:00\",\"dateModified\":\"2025-11-10T15:23:49+00:00\",\"mainEntityOfPage\":{\"@id\":\"https:\/\/www.1sante.com\/online\/le-ministre-de-la-sante-rencontre-les-membres-du-snccsp\/\"},\"wordCount\":386,\"image\":{\"@id\":\"https:\/\/www.1sante.com\/online\/le-ministre-de-la-sante-rencontre-les-membres-du-snccsp\/#primaryimage\"},\"thumbnailUrl\":\"https:\/\/www.1sante.com\/online\/wp-content\/uploads\/2025\/10\/sante2.webp\",\"articleSection\":[\"Actualit\u00e9\"],\"inLanguage\":\"fr-FR\"},{\"@type\":\"WebPage\",\"@id\":\"https:\/\/www.1sante.com\/online\/le-ministre-de-la-sante-rencontre-les-membres-du-snccsp\/\",\"url\":\"https:\/\/www.1sante.com\/online\/le-ministre-de-la-sante-rencontre-les-membres-du-snccsp\/\",\"name\":\"1sant\u00e9 - Le ministre de la Sant\u00e9 rencontre les membres du SNCCSP\",\"isPartOf\":{\"@id\":\"https:\/\/www.1sante.com\/online\/#website\"},\"primaryImageOfPage\":{\"@id\":\"https:\/\/www.1sante.com\/online\/le-ministre-de-la-sante-rencontre-les-membres-du-snccsp\/#primaryimage\"},\"image\":{\"@id\":\"https:\/\/www.1sante.com\/online\/le-ministre-de-la-sante-rencontre-les-membres-du-snccsp\/#primaryimage\"},\"thumbnailUrl\":\"https:\/\/www.1sante.com\/online\/wp-content\/uploads\/2025\/10\/sante2.webp\",\"datePublished\":\"2025-10-14T06:12:46+00:00\",\"dateModified\":\"2025-11-10T15:23:49+00:00\",\"author\":{\"@id\":\"https:\/\/www.1sante.com\/online\/#\/schema\/person\/741bb9b09bae031795a6c95550c70430\"},\"description\":\"1sant\u00e9 - Le ministre de la Sant\u00e9 rencontre les membres du SNCCSP\",\"breadcrumb\":{\"@id\":\"https:\/\/www.1sante.com\/online\/le-ministre-de-la-sante-rencontre-les-membres-du-snccsp\/#breadcrumb\"},\"inLanguage\":\"fr-FR\",\"potentialAction\":[{\"@type\":\"ReadAction\",\"target\":[\"https:\/\/www.1sante.com\/online\/le-ministre-de-la-sante-rencontre-les-membres-du-snccsp\/\"]}]},{\"@type\":\"ImageObject\",\"inLanguage\":\"fr-FR\",\"@id\":\"https:\/\/www.1sante.com\/online\/le-ministre-de-la-sante-rencontre-les-membres-du-snccsp\/#primaryimage\",\"url\":\"https:\/\/www.1sante.com\/online\/wp-content\/uploads\/2025\/10\/sante2.webp\",\"contentUrl\":\"https:\/\/www.1sante.com\/online\/wp-content\/uploads\/2025\/10\/sante2.webp\",\"width\":1080,\"height\":809},{\"@type\":\"BreadcrumbList\",\"@id\":\"https:\/\/www.1sante.com\/online\/le-ministre-de-la-sante-rencontre-les-membres-du-snccsp\/#breadcrumb\",\"itemListElement\":[{\"@type\":\"ListItem\",\"position\":1,\"name\":\"Accueil\",\"item\":\"https:\/\/www.1sante.com\/online\/\"},{\"@type\":\"ListItem\",\"position\":2,\"name\":\"Le ministre de la Sant\u00e9 rencontre les membres du SNCCSP\"}]},{\"@type\":\"WebSite\",\"@id\":\"https:\/\/www.1sante.com\/online\/#website\",\"url\":\"https:\/\/www.1sante.com\/online\/\",\"name\":\"1sant\u00e9\",\"description\":\"1er Annuaire m\u00e9dical en Alg\u00e9rie\",\"potentialAction\":[{\"@type\":\"SearchAction\",\"target\":{\"@type\":\"EntryPoint\",\"urlTemplate\":\"https:\/\/www.1sante.com\/online\/?s={search_term_string}\"},\"query-input\":{\"@type\":\"PropertyValueSpecification\",\"valueRequired\":true,\"valueName\":\"search_term_string\"}}],\"inLanguage\":\"fr-FR\"},{\"@type\":\"Person\",\"@id\":\"https:\/\/www.1sante.com\/online\/#\/schema\/person\/741bb9b09bae031795a6c95550c70430\",\"name\":\"Redaction\",\"image\":{\"@type\":\"ImageObject\",\"inLanguage\":\"fr-FR\",\"@id\":\"https:\/\/www.1sante.com\/online\/#\/schema\/person\/image\/\",\"url\":\"https:\/\/secure.gravatar.com\/avatar\/74e5374845b7e78d6d398935ac5541e37b1ce37aab2f3f4092fef4ac231ba2c4?s=96&d=mm&r=g\",\"contentUrl\":\"https:\/\/secure.gravatar.com\/avatar\/74e5374845b7e78d6d398935ac5541e37b1ce37aab2f3f4092fef4ac231ba2c4?s=96&d=mm&r=g\",\"caption\":\"Redaction\"},\"url\":\"https:\/\/www.1sante.com\/online\/author\/redaction\/\"}]}<\/script>\n<!-- \/ Yoast SEO plugin. -->","yoast_head_json":{"title":"1sant\u00e9 - Le ministre de la Sant\u00e9 rencontre les membres du SNCCSP","description":"1sant\u00e9 - Le ministre de la Sant\u00e9 rencontre les membres du SNCCSP","robots":{"index":"index","follow":"follow","max-snippet":"max-snippet:-1","max-image-preview":"max-image-preview:large","max-video-preview":"max-video-preview:-1"},"canonical":"https:\/\/www.1sante.com\/online\/le-ministre-de-la-sante-rencontre-les-membres-du-snccsp\/","og_locale":"fr_FR","og_type":"article","og_title":"1sant\u00e9 - Le ministre de la Sant\u00e9 rencontre les membres du SNCCSP","og_description":"1sant\u00e9 - Le ministre de la Sant\u00e9 rencontre les membres du SNCCSP","og_url":"https:\/\/www.1sante.com\/online\/le-ministre-de-la-sante-rencontre-les-membres-du-snccsp\/","og_site_name":"1sant\u00e9","article_publisher":"https:\/\/web.facebook.com\/annuairemedical1sante\/","article_published_time":"2025-10-14T06:12:46+00:00","article_modified_time":"2025-11-10T15:23:49+00:00","og_image":[{"width":1080,"height":809,"url":"https:\/\/www.1sante.com\/online\/wp-content\/uploads\/2025\/10\/sante2.webp","type":"image\/webp"}],"author":"Redaction","twitter_card":"summary_large_image","twitter_misc":{"\u00c9crit par":"Redaction","Dur\u00e9e de lecture estim\u00e9e":"2 minutes"},"schema":{"@context":"https:\/\/schema.org","@graph":[{"@type":"Article","@id":"https:\/\/www.1sante.com\/online\/le-ministre-de-la-sante-rencontre-les-membres-du-snccsp\/#article","isPartOf":{"@id":"https:\/\/www.1sante.com\/online\/le-ministre-de-la-sante-rencontre-les-membres-du-snccsp\/"},"author":{"name":"Redaction","@id":"https:\/\/www.1sante.com\/online\/#\/schema\/person\/741bb9b09bae031795a6c95550c70430"},"headline":"Le ministre de la Sant\u00e9 rencontre les membres du SNCCSP","datePublished":"2025-10-14T06:12:46+00:00","dateModified":"2025-11-10T15:23:49+00:00","mainEntityOfPage":{"@id":"https:\/\/www.1sante.com\/online\/le-ministre-de-la-sante-rencontre-les-membres-du-snccsp\/"},"wordCount":386,"image":{"@id":"https:\/\/www.1sante.com\/online\/le-ministre-de-la-sante-rencontre-les-membres-du-snccsp\/#primaryimage"},"thumbnailUrl":"https:\/\/www.1sante.com\/online\/wp-content\/uploads\/2025\/10\/sante2.webp","articleSection":["Actualit\u00e9"],"inLanguage":"fr-FR"},{"@type":"WebPage","@id":"https:\/\/www.1sante.com\/online\/le-ministre-de-la-sante-rencontre-les-membres-du-snccsp\/","url":"https:\/\/www.1sante.com\/online\/le-ministre-de-la-sante-rencontre-les-membres-du-snccsp\/","name":"1sant\u00e9 - Le ministre de la Sant\u00e9 rencontre les membres du SNCCSP","isPartOf":{"@id":"https:\/\/www.1sante.com\/online\/#website"},"primaryImageOfPage":{"@id":"https:\/\/www.1sante.com\/online\/le-ministre-de-la-sante-rencontre-les-membres-du-snccsp\/#primaryimage"},"image":{"@id":"https:\/\/www.1sante.com\/online\/le-ministre-de-la-sante-rencontre-les-membres-du-snccsp\/#primaryimage"},"thumbnailUrl":"https:\/\/www.1sante.com\/online\/wp-content\/uploads\/2025\/10\/sante2.webp","datePublished":"2025-10-14T06:12:46+00:00","dateModified":"2025-11-10T15:23:49+00:00","author":{"@id":"https:\/\/www.1sante.com\/online\/#\/schema\/person\/741bb9b09bae031795a6c95550c70430"},"description":"1sant\u00e9 - Le ministre de la Sant\u00e9 rencontre les membres du SNCCSP","breadcrumb":{"@id":"https:\/\/www.1sante.com\/online\/le-ministre-de-la-sante-rencontre-les-membres-du-snccsp\/#breadcrumb"},"inLanguage":"fr-FR","potentialAction":[{"@type":"ReadAction","target":["https:\/\/www.1sante.com\/online\/le-ministre-de-la-sante-rencontre-les-membres-du-snccsp\/"]}]},{"@type":"ImageObject","inLanguage":"fr-FR","@id":"https:\/\/www.1sante.com\/online\/le-ministre-de-la-sante-rencontre-les-membres-du-snccsp\/#primaryimage","url":"https:\/\/www.1sante.com\/online\/wp-content\/uploads\/2025\/10\/sante2.webp","contentUrl":"https:\/\/www.1sante.com\/online\/wp-content\/uploads\/2025\/10\/sante2.webp","width":1080,"height":809},{"@type":"BreadcrumbList","@id":"https:\/\/www.1sante.com\/online\/le-ministre-de-la-sante-rencontre-les-membres-du-snccsp\/#breadcrumb","itemListElement":[{"@type":"ListItem","position":1,"name":"Accueil","item":"https:\/\/www.1sante.com\/online\/"},{"@type":"ListItem","position":2,"name":"Le ministre de la Sant\u00e9 rencontre les membres du SNCCSP"}]},{"@type":"WebSite","@id":"https:\/\/www.1sante.com\/online\/#website","url":"https:\/\/www.1sante.com\/online\/","name":"1sant\u00e9","description":"1er Annuaire m\u00e9dical en Alg\u00e9rie","potentialAction":[{"@type":"SearchAction","target":{"@type":"EntryPoint","urlTemplate":"https:\/\/www.1sante.com\/online\/?s={search_term_string}"},"query-input":{"@type":"PropertyValueSpecification","valueRequired":true,"valueName":"search_term_string"}}],"inLanguage":"fr-FR"},{"@type":"Person","@id":"https:\/\/www.1sante.com\/online\/#\/schema\/person\/741bb9b09bae031795a6c95550c70430","name":"Redaction","image":{"@type":"ImageObject","inLanguage":"fr-FR","@id":"https:\/\/www.1sante.com\/online\/#\/schema\/person\/image\/","url":"https:\/\/secure.gravatar.com\/avatar\/74e5374845b7e78d6d398935ac5541e37b1ce37aab2f3f4092fef4ac231ba2c4?s=96&d=mm&r=g","contentUrl":"https:\/\/secure.gravatar.com\/avatar\/74e5374845b7e78d6d398935ac5541e37b1ce37aab2f3f4092fef4ac231ba2c4?s=96&d=mm&r=g","caption":"Redaction"},"url":"https:\/\/www.1sante.com\/online\/author\/redaction\/"}]}},"_links":{"self":[{"href":"https:\/\/www.1sante.com\/online\/wp-json\/wp\/v2\/posts\/24544","targetHints":{"allow":["GET"]}}],"collection":[{"href":"https:\/\/www.1sante.com\/online\/wp-json\/wp\/v2\/posts"}],"about":[{"href":"https:\/\/www.1sante.com\/online\/wp-json\/wp\/v2\/types\/post"}],"author":[{"embeddable":true,"href":"https:\/\/www.1sante.com\/online\/wp-json\/wp\/v2\/users\/9"}],"replies":[{"embeddable":true,"href":"https:\/\/www.1sante.com\/online\/wp-json\/wp\/v2\/comments?post=24544"}],"version-history":[{"count":1,"href":"https:\/\/www.1sante.com\/online\/wp-json\/wp\/v2\/posts\/24544\/revisions"}],"predecessor-version":[{"id":24546,"href":"https:\/\/www.1sante.com\/online\/wp-json\/wp\/v2\/posts\/24544\/revisions\/24546"}],"wp:featuredmedia":[{"embeddable":true,"href":"https:\/\/www.1sante.com\/online\/wp-json\/wp\/v2\/media\/24545"}],"wp:attachment":[{"href":"https:\/\/www.1sante.com\/online\/wp-json\/wp\/v2\/media?parent=24544"}],"wp:term":[{"taxonomy":"category","embeddable":true,"href":"https:\/\/www.1sante.com\/online\/wp-json\/wp\/v2\/categories?post=24544"},{"taxonomy":"post_tag","embeddable":true,"href":"https:\/\/www.1sante.com\/online\/wp-json\/wp\/v2\/tags?post=24544"}],"curies":[{"name":"wp","href":"https:\/\/api.w.org\/{rel}","templated":true}]}}