{"id":24424,"date":"2025-10-02T07:10:11","date_gmt":"2025-10-02T06:10:11","guid":{"rendered":"https:\/\/www.1sante.com\/online\/?p=24424"},"modified":"2025-11-10T16:23:49","modified_gmt":"2025-11-10T15:23:49","slug":"journee-detude-a-alger-sur-la-maladie-dalzheimer","status":"publish","type":"post","link":"https:\/\/www.1sante.com\/online\/journee-detude-a-alger-sur-la-maladie-dalzheimer\/","title":{"rendered":"Journ\u00e9e d&#8217;\u00e9tude \u00e0 Alger sur la maladie d&#8217;Alzheimer"},"content":{"rendered":"<p>\u00a0L&#8217;Institut national de sant\u00e9 publique (INSP) a organis\u00e9, mercredi, une journ\u00e9e d&#8217;\u00e9tude et de sensibilisation sur la maladie d&#8217;Alzheimer, avec la participation de m\u00e9decins g\u00e9n\u00e9ralistes et sp\u00e9cialistes, en vue de conscientiser la soci\u00e9t\u00e9 et d&#8217;encourager le\u00a0<br \/>\ndiagnostic pr\u00e9coce de cette pathologie. \u00a0\u00a0<\/p>\n<p>S&#8217;exprimant \u00e0 cette occasion, le Directeur g\u00e9n\u00e9ral de l&#8217;INSP, Pr Abderrezak Bouamra, a fait savoir que cette journ\u00e9e d&#8217;\u00e9tude \u00e9tait principalement destin\u00e9e aux m\u00e9decins g\u00e9n\u00e9ralistes, \u00e9tant la &#8220;premi\u00e8re ligne de d\u00e9fense&#8221; et le premier rempart de la maladie, ajoutant que &#8220;ces m\u00e9decins jouent un r\u00f4le primordial dans la d\u00e9tection des premiers signes et l&#8217;orientation des malades \u00e2g\u00e9s vers les services sp\u00e9cialis\u00e9s pour un diagnostic pr\u00e9coce et une prise en charge m\u00e9dicale optimale&#8221;.<\/p>\n<p>Dans ce cadre, le Pr Bouamra a soulign\u00e9 que la formation des m\u00e9decins repr\u00e9sente &#8220;une priorit\u00e9 absolue&#8221;, notamment en ce qui concerne l&#8217;identification des signes pr\u00e9curseurs et sympt\u00f4mes de cette maladie ou \u00e0 travers l&#8217;actualisation des m\u00e9thodes de diagnostic et de prise en charge des patients, pr\u00e9cisant que ce type de formations vise \u00e0 &#8220;renforcer les comp\u00e9tences m\u00e9dicales, \u00e0 am\u00e9liorer la qualit\u00e9 des soins prodigu\u00e9s aux patients en milieu hospitalier et \u00e0 consolider la coordination entre les m\u00e9decins g\u00e9n\u00e9ralistes et sp\u00e9cialistes&#8221;.<\/p>\n<p>Dans leurs interventions, les experts ont insist\u00e9 sur l&#8217;importance de former les m\u00e9decins g\u00e9n\u00e9ralistes dans ce domaine, forme la plus r\u00e9pandue de d\u00e9mence, et sur l&#8217;intensification des efforts de sensibilisation soci\u00e9tale pour faire face \u00e0 cette maladie qui repr\u00e9sente &#8220;un d\u00e9fi sanitaire croissant&#8221;.<\/p>\n<p>L&#8217;accent a \u00e9galement \u00e9t\u00e9 mis sur l&#8217;importance du &#8220;d\u00e9pistage pr\u00e9coce&#8221;, qui constitue une \u00e9tape d\u00e9terminante dans la protection et l&#8217;am\u00e9lioration de l&#8217;\u00e9tat de sant\u00e9 du patient, regrettant que de nombreux cas ne soient pris en charge qu&#8217;\u00e0 des stades avanc\u00e9s, limitant ainsi l&#8217;efficacit\u00e9 des traitements disponibles.<\/p>\n<p>Les m\u00e9decins ont, par ailleurs, estim\u00e9 n\u00e9cessaire de faire la distinction entre les oublis ordinaires et ceux jug\u00e9s &#8220;suspects&#8221;, citant les cas d&#8217;oubli ordinaires les plus fr\u00e9quents, tels que l&#8217;oubli de num\u00e9ros de t\u00e9l\u00e9phone, de l&#8217;endroit des objets ou de noms de personnes, soulignant que les proches doivent rester attentifs aux signes pr\u00e9curseurs de cette maladie notamment la difficult\u00e9 pour le patient \u00e0 se concentrer et \u00e0 s&#8217;exprimer (aphasie), des troubles de la m\u00e9moire et une impression de vide mental, des sympt\u00f4mes, ont-ils expliqu\u00e9, pouvant pr\u00e9senter des troubles cognitifs li\u00e9s aux premiers stades de la maladie d&#8217;Alzheimer.<br \/>\n\u00a0<\/p>\n<p>Source : https:\/\/www.aps.dz\/<\/p>\n","protected":false},"excerpt":{"rendered":"<p>\u00a0L&#8217;Institut national de sant\u00e9 publique (INSP) a organis\u00e9, mercredi, une journ\u00e9e d&#8217;\u00e9tude et de sensibilisation sur la maladie d&#8217;Alzheimer, avec la participation de m\u00e9decins g\u00e9n\u00e9ralistes et sp\u00e9cialistes, en vue de conscientiser la soci\u00e9t\u00e9 et d&#8217;encourager le\u00a0 diagnostic pr\u00e9coce de cette pathologie. \u00a0\u00a0 S&#8217;exprimant \u00e0 cette occasion, le Directeur g\u00e9n\u00e9ral de l&#8217;INSP, Pr Abderrezak Bouamra, a &hellip;<\/p>\n","protected":false},"author":9,"featured_media":24426,"comment_status":"closed","ping_status":"closed","sticky":false,"template":"","format":"standard","meta":{"footnotes":""},"categories":[1],"tags":[],"class_list":["post-24424","post","type-post","status-publish","format-standard","has-post-thumbnail","hentry","category-actualite"],"yoast_head":"<!-- This site is optimized with the Yoast SEO plugin v27.0 - https:\/\/yoast.com\/product\/yoast-seo-wordpress\/ -->\n<title>1sant\u00e9 - Journ\u00e9e d&#039;\u00e9tude \u00e0 Alger sur la maladie d&#039;Alzheimer<\/title>\n<meta name=\"description\" content=\"1sant\u00e9 - Journ\u00e9e d&#039;\u00e9tude \u00e0 Alger sur la maladie d&#039;Alzheimer\" \/>\n<meta name=\"robots\" content=\"index, follow, max-snippet:-1, max-image-preview:large, max-video-preview:-1\" \/>\n<link rel=\"canonical\" href=\"https:\/\/www.1sante.com\/online\/journee-detude-a-alger-sur-la-maladie-dalzheimer\/\" \/>\n<meta property=\"og:locale\" content=\"fr_FR\" \/>\n<meta property=\"og:type\" content=\"article\" \/>\n<meta property=\"og:title\" content=\"1sant\u00e9 - Journ\u00e9e d&#039;\u00e9tude \u00e0 Alger sur la maladie d&#039;Alzheimer\" \/>\n<meta property=\"og:description\" content=\"1sant\u00e9 - Journ\u00e9e d&#039;\u00e9tude \u00e0 Alger sur la maladie d&#039;Alzheimer\" \/>\n<meta property=\"og:url\" content=\"https:\/\/www.1sante.com\/online\/journee-detude-a-alger-sur-la-maladie-dalzheimer\/\" \/>\n<meta property=\"og:site_name\" content=\"1sant\u00e9\" \/>\n<meta property=\"article:publisher\" content=\"https:\/\/web.facebook.com\/annuairemedical1sante\/\" \/>\n<meta property=\"article:published_time\" content=\"2025-10-02T06:10:11+00:00\" \/>\n<meta property=\"article:modified_time\" content=\"2025-11-10T15:23:49+00:00\" \/>\n<meta property=\"og:image\" content=\"https:\/\/www.1sante.com\/online\/wp-content\/uploads\/2025\/10\/uuu.webp\" \/>\n\t<meta property=\"og:image:width\" content=\"1012\" \/>\n\t<meta property=\"og:image:height\" content=\"687\" \/>\n\t<meta property=\"og:image:type\" content=\"image\/webp\" \/>\n<meta name=\"author\" content=\"Redaction\" \/>\n<meta name=\"twitter:card\" content=\"summary_large_image\" \/>\n<meta name=\"twitter:label1\" content=\"\u00c9crit par\" \/>\n\t<meta name=\"twitter:data1\" content=\"Redaction\" \/>\n\t<meta name=\"twitter:label2\" content=\"Dur\u00e9e de lecture estim\u00e9e\" \/>\n\t<meta name=\"twitter:data2\" content=\"2 minutes\" \/>\n<script type=\"application\/ld+json\" class=\"yoast-schema-graph\">{\"@context\":\"https:\/\/schema.org\",\"@graph\":[{\"@type\":\"Article\",\"@id\":\"https:\/\/www.1sante.com\/online\/journee-detude-a-alger-sur-la-maladie-dalzheimer\/#article\",\"isPartOf\":{\"@id\":\"https:\/\/www.1sante.com\/online\/journee-detude-a-alger-sur-la-maladie-dalzheimer\/\"},\"author\":{\"name\":\"Redaction\",\"@id\":\"https:\/\/www.1sante.com\/online\/#\/schema\/person\/741bb9b09bae031795a6c95550c70430\"},\"headline\":\"Journ\u00e9e d&#8217;\u00e9tude \u00e0 Alger sur la maladie d&#8217;Alzheimer\",\"datePublished\":\"2025-10-02T06:10:11+00:00\",\"dateModified\":\"2025-11-10T15:23:49+00:00\",\"mainEntityOfPage\":{\"@id\":\"https:\/\/www.1sante.com\/online\/journee-detude-a-alger-sur-la-maladie-dalzheimer\/\"},\"wordCount\":452,\"image\":{\"@id\":\"https:\/\/www.1sante.com\/online\/journee-detude-a-alger-sur-la-maladie-dalzheimer\/#primaryimage\"},\"thumbnailUrl\":\"https:\/\/www.1sante.com\/online\/wp-content\/uploads\/2025\/10\/uuu.webp\",\"articleSection\":[\"Actualit\u00e9\"],\"inLanguage\":\"fr-FR\"},{\"@type\":\"WebPage\",\"@id\":\"https:\/\/www.1sante.com\/online\/journee-detude-a-alger-sur-la-maladie-dalzheimer\/\",\"url\":\"https:\/\/www.1sante.com\/online\/journee-detude-a-alger-sur-la-maladie-dalzheimer\/\",\"name\":\"1sant\u00e9 - Journ\u00e9e d'\u00e9tude \u00e0 Alger sur la maladie d'Alzheimer\",\"isPartOf\":{\"@id\":\"https:\/\/www.1sante.com\/online\/#website\"},\"primaryImageOfPage\":{\"@id\":\"https:\/\/www.1sante.com\/online\/journee-detude-a-alger-sur-la-maladie-dalzheimer\/#primaryimage\"},\"image\":{\"@id\":\"https:\/\/www.1sante.com\/online\/journee-detude-a-alger-sur-la-maladie-dalzheimer\/#primaryimage\"},\"thumbnailUrl\":\"https:\/\/www.1sante.com\/online\/wp-content\/uploads\/2025\/10\/uuu.webp\",\"datePublished\":\"2025-10-02T06:10:11+00:00\",\"dateModified\":\"2025-11-10T15:23:49+00:00\",\"author\":{\"@id\":\"https:\/\/www.1sante.com\/online\/#\/schema\/person\/741bb9b09bae031795a6c95550c70430\"},\"description\":\"1sant\u00e9 - Journ\u00e9e d'\u00e9tude \u00e0 Alger sur la maladie d'Alzheimer\",\"breadcrumb\":{\"@id\":\"https:\/\/www.1sante.com\/online\/journee-detude-a-alger-sur-la-maladie-dalzheimer\/#breadcrumb\"},\"inLanguage\":\"fr-FR\",\"potentialAction\":[{\"@type\":\"ReadAction\",\"target\":[\"https:\/\/www.1sante.com\/online\/journee-detude-a-alger-sur-la-maladie-dalzheimer\/\"]}]},{\"@type\":\"ImageObject\",\"inLanguage\":\"fr-FR\",\"@id\":\"https:\/\/www.1sante.com\/online\/journee-detude-a-alger-sur-la-maladie-dalzheimer\/#primaryimage\",\"url\":\"https:\/\/www.1sante.com\/online\/wp-content\/uploads\/2025\/10\/uuu.webp\",\"contentUrl\":\"https:\/\/www.1sante.com\/online\/wp-content\/uploads\/2025\/10\/uuu.webp\",\"width\":1012,\"height\":687},{\"@type\":\"BreadcrumbList\",\"@id\":\"https:\/\/www.1sante.com\/online\/journee-detude-a-alger-sur-la-maladie-dalzheimer\/#breadcrumb\",\"itemListElement\":[{\"@type\":\"ListItem\",\"position\":1,\"name\":\"Accueil\",\"item\":\"https:\/\/www.1sante.com\/online\/\"},{\"@type\":\"ListItem\",\"position\":2,\"name\":\"Journ\u00e9e d&#8217;\u00e9tude \u00e0 Alger sur la maladie d&#8217;Alzheimer\"}]},{\"@type\":\"WebSite\",\"@id\":\"https:\/\/www.1sante.com\/online\/#website\",\"url\":\"https:\/\/www.1sante.com\/online\/\",\"name\":\"1sant\u00e9\",\"description\":\"1er Annuaire m\u00e9dical en Alg\u00e9rie\",\"potentialAction\":[{\"@type\":\"SearchAction\",\"target\":{\"@type\":\"EntryPoint\",\"urlTemplate\":\"https:\/\/www.1sante.com\/online\/?s={search_term_string}\"},\"query-input\":{\"@type\":\"PropertyValueSpecification\",\"valueRequired\":true,\"valueName\":\"search_term_string\"}}],\"inLanguage\":\"fr-FR\"},{\"@type\":\"Person\",\"@id\":\"https:\/\/www.1sante.com\/online\/#\/schema\/person\/741bb9b09bae031795a6c95550c70430\",\"name\":\"Redaction\",\"image\":{\"@type\":\"ImageObject\",\"inLanguage\":\"fr-FR\",\"@id\":\"https:\/\/www.1sante.com\/online\/#\/schema\/person\/image\/\",\"url\":\"https:\/\/secure.gravatar.com\/avatar\/74e5374845b7e78d6d398935ac5541e37b1ce37aab2f3f4092fef4ac231ba2c4?s=96&d=mm&r=g\",\"contentUrl\":\"https:\/\/secure.gravatar.com\/avatar\/74e5374845b7e78d6d398935ac5541e37b1ce37aab2f3f4092fef4ac231ba2c4?s=96&d=mm&r=g\",\"caption\":\"Redaction\"},\"url\":\"https:\/\/www.1sante.com\/online\/author\/redaction\/\"}]}<\/script>\n<!-- \/ Yoast SEO plugin. -->","yoast_head_json":{"title":"1sant\u00e9 - Journ\u00e9e d'\u00e9tude \u00e0 Alger sur la maladie d'Alzheimer","description":"1sant\u00e9 - Journ\u00e9e d'\u00e9tude \u00e0 Alger sur la maladie d'Alzheimer","robots":{"index":"index","follow":"follow","max-snippet":"max-snippet:-1","max-image-preview":"max-image-preview:large","max-video-preview":"max-video-preview:-1"},"canonical":"https:\/\/www.1sante.com\/online\/journee-detude-a-alger-sur-la-maladie-dalzheimer\/","og_locale":"fr_FR","og_type":"article","og_title":"1sant\u00e9 - Journ\u00e9e d'\u00e9tude \u00e0 Alger sur la maladie d'Alzheimer","og_description":"1sant\u00e9 - Journ\u00e9e d'\u00e9tude \u00e0 Alger sur la maladie d'Alzheimer","og_url":"https:\/\/www.1sante.com\/online\/journee-detude-a-alger-sur-la-maladie-dalzheimer\/","og_site_name":"1sant\u00e9","article_publisher":"https:\/\/web.facebook.com\/annuairemedical1sante\/","article_published_time":"2025-10-02T06:10:11+00:00","article_modified_time":"2025-11-10T15:23:49+00:00","og_image":[{"width":1012,"height":687,"url":"https:\/\/www.1sante.com\/online\/wp-content\/uploads\/2025\/10\/uuu.webp","type":"image\/webp"}],"author":"Redaction","twitter_card":"summary_large_image","twitter_misc":{"\u00c9crit par":"Redaction","Dur\u00e9e de lecture estim\u00e9e":"2 minutes"},"schema":{"@context":"https:\/\/schema.org","@graph":[{"@type":"Article","@id":"https:\/\/www.1sante.com\/online\/journee-detude-a-alger-sur-la-maladie-dalzheimer\/#article","isPartOf":{"@id":"https:\/\/www.1sante.com\/online\/journee-detude-a-alger-sur-la-maladie-dalzheimer\/"},"author":{"name":"Redaction","@id":"https:\/\/www.1sante.com\/online\/#\/schema\/person\/741bb9b09bae031795a6c95550c70430"},"headline":"Journ\u00e9e d&#8217;\u00e9tude \u00e0 Alger sur la maladie d&#8217;Alzheimer","datePublished":"2025-10-02T06:10:11+00:00","dateModified":"2025-11-10T15:23:49+00:00","mainEntityOfPage":{"@id":"https:\/\/www.1sante.com\/online\/journee-detude-a-alger-sur-la-maladie-dalzheimer\/"},"wordCount":452,"image":{"@id":"https:\/\/www.1sante.com\/online\/journee-detude-a-alger-sur-la-maladie-dalzheimer\/#primaryimage"},"thumbnailUrl":"https:\/\/www.1sante.com\/online\/wp-content\/uploads\/2025\/10\/uuu.webp","articleSection":["Actualit\u00e9"],"inLanguage":"fr-FR"},{"@type":"WebPage","@id":"https:\/\/www.1sante.com\/online\/journee-detude-a-alger-sur-la-maladie-dalzheimer\/","url":"https:\/\/www.1sante.com\/online\/journee-detude-a-alger-sur-la-maladie-dalzheimer\/","name":"1sant\u00e9 - Journ\u00e9e d'\u00e9tude \u00e0 Alger sur la maladie d'Alzheimer","isPartOf":{"@id":"https:\/\/www.1sante.com\/online\/#website"},"primaryImageOfPage":{"@id":"https:\/\/www.1sante.com\/online\/journee-detude-a-alger-sur-la-maladie-dalzheimer\/#primaryimage"},"image":{"@id":"https:\/\/www.1sante.com\/online\/journee-detude-a-alger-sur-la-maladie-dalzheimer\/#primaryimage"},"thumbnailUrl":"https:\/\/www.1sante.com\/online\/wp-content\/uploads\/2025\/10\/uuu.webp","datePublished":"2025-10-02T06:10:11+00:00","dateModified":"2025-11-10T15:23:49+00:00","author":{"@id":"https:\/\/www.1sante.com\/online\/#\/schema\/person\/741bb9b09bae031795a6c95550c70430"},"description":"1sant\u00e9 - Journ\u00e9e d'\u00e9tude \u00e0 Alger sur la maladie d'Alzheimer","breadcrumb":{"@id":"https:\/\/www.1sante.com\/online\/journee-detude-a-alger-sur-la-maladie-dalzheimer\/#breadcrumb"},"inLanguage":"fr-FR","potentialAction":[{"@type":"ReadAction","target":["https:\/\/www.1sante.com\/online\/journee-detude-a-alger-sur-la-maladie-dalzheimer\/"]}]},{"@type":"ImageObject","inLanguage":"fr-FR","@id":"https:\/\/www.1sante.com\/online\/journee-detude-a-alger-sur-la-maladie-dalzheimer\/#primaryimage","url":"https:\/\/www.1sante.com\/online\/wp-content\/uploads\/2025\/10\/uuu.webp","contentUrl":"https:\/\/www.1sante.com\/online\/wp-content\/uploads\/2025\/10\/uuu.webp","width":1012,"height":687},{"@type":"BreadcrumbList","@id":"https:\/\/www.1sante.com\/online\/journee-detude-a-alger-sur-la-maladie-dalzheimer\/#breadcrumb","itemListElement":[{"@type":"ListItem","position":1,"name":"Accueil","item":"https:\/\/www.1sante.com\/online\/"},{"@type":"ListItem","position":2,"name":"Journ\u00e9e d&#8217;\u00e9tude \u00e0 Alger sur la maladie d&#8217;Alzheimer"}]},{"@type":"WebSite","@id":"https:\/\/www.1sante.com\/online\/#website","url":"https:\/\/www.1sante.com\/online\/","name":"1sant\u00e9","description":"1er Annuaire m\u00e9dical en Alg\u00e9rie","potentialAction":[{"@type":"SearchAction","target":{"@type":"EntryPoint","urlTemplate":"https:\/\/www.1sante.com\/online\/?s={search_term_string}"},"query-input":{"@type":"PropertyValueSpecification","valueRequired":true,"valueName":"search_term_string"}}],"inLanguage":"fr-FR"},{"@type":"Person","@id":"https:\/\/www.1sante.com\/online\/#\/schema\/person\/741bb9b09bae031795a6c95550c70430","name":"Redaction","image":{"@type":"ImageObject","inLanguage":"fr-FR","@id":"https:\/\/www.1sante.com\/online\/#\/schema\/person\/image\/","url":"https:\/\/secure.gravatar.com\/avatar\/74e5374845b7e78d6d398935ac5541e37b1ce37aab2f3f4092fef4ac231ba2c4?s=96&d=mm&r=g","contentUrl":"https:\/\/secure.gravatar.com\/avatar\/74e5374845b7e78d6d398935ac5541e37b1ce37aab2f3f4092fef4ac231ba2c4?s=96&d=mm&r=g","caption":"Redaction"},"url":"https:\/\/www.1sante.com\/online\/author\/redaction\/"}]}},"_links":{"self":[{"href":"https:\/\/www.1sante.com\/online\/wp-json\/wp\/v2\/posts\/24424","targetHints":{"allow":["GET"]}}],"collection":[{"href":"https:\/\/www.1sante.com\/online\/wp-json\/wp\/v2\/posts"}],"about":[{"href":"https:\/\/www.1sante.com\/online\/wp-json\/wp\/v2\/types\/post"}],"author":[{"embeddable":true,"href":"https:\/\/www.1sante.com\/online\/wp-json\/wp\/v2\/users\/9"}],"replies":[{"embeddable":true,"href":"https:\/\/www.1sante.com\/online\/wp-json\/wp\/v2\/comments?post=24424"}],"version-history":[{"count":1,"href":"https:\/\/www.1sante.com\/online\/wp-json\/wp\/v2\/posts\/24424\/revisions"}],"predecessor-version":[{"id":24425,"href":"https:\/\/www.1sante.com\/online\/wp-json\/wp\/v2\/posts\/24424\/revisions\/24425"}],"wp:featuredmedia":[{"embeddable":true,"href":"https:\/\/www.1sante.com\/online\/wp-json\/wp\/v2\/media\/24426"}],"wp:attachment":[{"href":"https:\/\/www.1sante.com\/online\/wp-json\/wp\/v2\/media?parent=24424"}],"wp:term":[{"taxonomy":"category","embeddable":true,"href":"https:\/\/www.1sante.com\/online\/wp-json\/wp\/v2\/categories?post=24424"},{"taxonomy":"post_tag","embeddable":true,"href":"https:\/\/www.1sante.com\/online\/wp-json\/wp\/v2\/tags?post=24424"}],"curies":[{"name":"wp","href":"https:\/\/api.w.org\/{rel}","templated":true}]}}