{"id":24141,"date":"2025-09-16T17:59:03","date_gmt":"2025-09-16T16:59:03","guid":{"rendered":"https:\/\/www.1sante.com\/online\/?p=24141"},"modified":"2025-11-10T16:23:49","modified_gmt":"2025-11-10T15:23:49","slug":"mohamed-seddik-ait-messaoudene-prend-ses-fonctions-de-ministre-de-la-sante","status":"publish","type":"post","link":"https:\/\/www.1sante.com\/online\/mohamed-seddik-ait-messaoudene-prend-ses-fonctions-de-ministre-de-la-sante\/","title":{"rendered":"Mohamed Seddik Ait Messaoudene prend ses fonctions de ministre de la Sant\u00e9"},"content":{"rendered":"<p>M. Mohamed Seddik Ait Messaoudene a pris, lundi, ses fonctions de ministre de la Sant\u00e9, en remplacement de M. Abdelhak Saihi, nomm\u00e9 ministre du Travail, de l&#8217;Emploi et de la S\u00e9curit\u00e9 sociale, dans le cadre de la nomination du nouveau Gouvernement, dimanche, par le pr\u00e9sident de la R\u00e9publique, M. Abdelmadjid Tebboune.<\/p>\n<p>Dans son allocution lors de la c\u00e9r\u00e9monie de passation de pouvoirs, M. Ait Messaoudene a indiqu\u00e9 que la confiance plac\u00e9e en sa personne par le pr\u00e9sident de la R\u00e9publique est une &#8220;grande responsabilit\u00e9&#8221;, s&#8217;engageant \u00e0 &#8220;travailler avec d\u00e9vouement, pour \u00eatre \u00e0 la hauteur des aspirations de l&#8217;Etat alg\u00e9rien et de son peuple&#8221;.<\/p>\n<p>Le ministre a rappel\u00e9 que le syst\u00e8me sanitaire en Alg\u00e9rie est &#8220;social par excellence&#8221;, \u00e9tant &#8220;l&#8217;un des principaux acquis de la glorieuse R\u00e9volution de lib\u00e9ration&#8221;.<\/p>\n<p>Dans le m\u00eame sillage, il a indiqu\u00e9 que le secteur de la sant\u00e9 en Alg\u00e9rie &#8220;rec\u00e8le des comp\u00e9tences reconnues \u00e0 l&#8217;\u00e9chelle nationale et internationale&#8221;, r\u00e9affirmant sa d\u00e9termination \u00e0 les valoriser gr\u00e2ce \u00e0 la conjugaison des efforts de tous les acteurs.<\/p>\n<p>A son tour, M. Saihi a exprim\u00e9 ses remerciements aux cadres du secteur pour les efforts consentis en vue de d\u00e9velopper le syst\u00e8me national de sant\u00e9.<\/p>\n<p>A noter que M. Ait Messaoudene avait occup\u00e9, avant sa nomination \u00e0 la t\u00eate du minist\u00e8re de la Sant\u00e9, les postes de chef de service de cardiologie au CHU Mustapha Pacha et de directeur de la formation au minist\u00e8re, ainsi que de pr\u00e9sident du Conseil scientifique de l&#8217;Agence nationale de s\u00e9curit\u00e9 sanitaire (ANSS).<\/p>\n<p>Source : https:\/\/www.aps.dz\/<\/p>\n","protected":false},"excerpt":{"rendered":"<p>M. Mohamed Seddik Ait Messaoudene a pris, lundi, ses fonctions de ministre de la Sant\u00e9, en remplacement de M. Abdelhak Saihi, nomm\u00e9 ministre du Travail, de l&#8217;Emploi et de la S\u00e9curit\u00e9 sociale, dans le cadre de la nomination du nouveau Gouvernement, dimanche, par le pr\u00e9sident de la R\u00e9publique, M. Abdelmadjid Tebboune. Dans son allocution lors &hellip;<\/p>\n","protected":false},"author":9,"featured_media":24142,"comment_status":"closed","ping_status":"closed","sticky":false,"template":"","format":"standard","meta":{"footnotes":""},"categories":[1],"tags":[],"class_list":["post-24141","post","type-post","status-publish","format-standard","has-post-thumbnail","hentry","category-actualite"],"yoast_head":"<!-- This site is optimized with the Yoast SEO plugin v27.0 - https:\/\/yoast.com\/product\/yoast-seo-wordpress\/ -->\n<title>1sant\u00e9 - Mohamed Seddik Ait Messaoudene prend ses fonctions de ministre de la Sant\u00e9<\/title>\n<meta name=\"description\" content=\"1sant\u00e9 - Mohamed Seddik Ait Messaoudene prend ses fonctions de ministre de la Sant\u00e9\" \/>\n<meta name=\"robots\" content=\"index, follow, max-snippet:-1, max-image-preview:large, max-video-preview:-1\" \/>\n<link rel=\"canonical\" href=\"https:\/\/www.1sante.com\/online\/mohamed-seddik-ait-messaoudene-prend-ses-fonctions-de-ministre-de-la-sante\/\" \/>\n<meta property=\"og:locale\" content=\"fr_FR\" \/>\n<meta property=\"og:type\" content=\"article\" \/>\n<meta property=\"og:title\" content=\"1sant\u00e9 - Mohamed Seddik Ait Messaoudene prend ses fonctions de ministre de la Sant\u00e9\" \/>\n<meta property=\"og:description\" content=\"1sant\u00e9 - Mohamed Seddik Ait Messaoudene prend ses fonctions de ministre de la Sant\u00e9\" \/>\n<meta property=\"og:url\" content=\"https:\/\/www.1sante.com\/online\/mohamed-seddik-ait-messaoudene-prend-ses-fonctions-de-ministre-de-la-sante\/\" \/>\n<meta property=\"og:site_name\" content=\"1sant\u00e9\" \/>\n<meta property=\"article:publisher\" content=\"https:\/\/web.facebook.com\/annuairemedical1sante\/\" \/>\n<meta property=\"article:published_time\" content=\"2025-09-16T16:59:03+00:00\" \/>\n<meta property=\"article:modified_time\" content=\"2025-11-10T15:23:49+00:00\" \/>\n<meta property=\"og:image\" content=\"https:\/\/www.1sante.com\/online\/wp-content\/uploads\/2025\/09\/AIT-MESSAOUDENE.jpg\" \/>\n\t<meta property=\"og:image:width\" content=\"580\" \/>\n\t<meta property=\"og:image:height\" content=\"350\" \/>\n\t<meta property=\"og:image:type\" content=\"image\/jpeg\" \/>\n<meta name=\"author\" content=\"Redaction\" \/>\n<meta name=\"twitter:card\" content=\"summary_large_image\" \/>\n<meta name=\"twitter:label1\" content=\"\u00c9crit par\" \/>\n\t<meta name=\"twitter:data1\" content=\"Redaction\" \/>\n\t<meta name=\"twitter:label2\" content=\"Dur\u00e9e de lecture estim\u00e9e\" \/>\n\t<meta name=\"twitter:data2\" content=\"1 minute\" \/>\n<script type=\"application\/ld+json\" class=\"yoast-schema-graph\">{\"@context\":\"https:\/\/schema.org\",\"@graph\":[{\"@type\":\"Article\",\"@id\":\"https:\/\/www.1sante.com\/online\/mohamed-seddik-ait-messaoudene-prend-ses-fonctions-de-ministre-de-la-sante\/#article\",\"isPartOf\":{\"@id\":\"https:\/\/www.1sante.com\/online\/mohamed-seddik-ait-messaoudene-prend-ses-fonctions-de-ministre-de-la-sante\/\"},\"author\":{\"name\":\"Redaction\",\"@id\":\"https:\/\/www.1sante.com\/online\/#\/schema\/person\/741bb9b09bae031795a6c95550c70430\"},\"headline\":\"Mohamed Seddik Ait Messaoudene prend ses fonctions de ministre de la Sant\u00e9\",\"datePublished\":\"2025-09-16T16:59:03+00:00\",\"dateModified\":\"2025-11-10T15:23:49+00:00\",\"mainEntityOfPage\":{\"@id\":\"https:\/\/www.1sante.com\/online\/mohamed-seddik-ait-messaoudene-prend-ses-fonctions-de-ministre-de-la-sante\/\"},\"wordCount\":287,\"image\":{\"@id\":\"https:\/\/www.1sante.com\/online\/mohamed-seddik-ait-messaoudene-prend-ses-fonctions-de-ministre-de-la-sante\/#primaryimage\"},\"thumbnailUrl\":\"https:\/\/www.1sante.com\/online\/wp-content\/uploads\/2025\/09\/AIT-MESSAOUDENE.jpg\",\"articleSection\":[\"Actualit\u00e9\"],\"inLanguage\":\"fr-FR\"},{\"@type\":\"WebPage\",\"@id\":\"https:\/\/www.1sante.com\/online\/mohamed-seddik-ait-messaoudene-prend-ses-fonctions-de-ministre-de-la-sante\/\",\"url\":\"https:\/\/www.1sante.com\/online\/mohamed-seddik-ait-messaoudene-prend-ses-fonctions-de-ministre-de-la-sante\/\",\"name\":\"1sant\u00e9 - Mohamed Seddik Ait Messaoudene prend ses fonctions de ministre de la Sant\u00e9\",\"isPartOf\":{\"@id\":\"https:\/\/www.1sante.com\/online\/#website\"},\"primaryImageOfPage\":{\"@id\":\"https:\/\/www.1sante.com\/online\/mohamed-seddik-ait-messaoudene-prend-ses-fonctions-de-ministre-de-la-sante\/#primaryimage\"},\"image\":{\"@id\":\"https:\/\/www.1sante.com\/online\/mohamed-seddik-ait-messaoudene-prend-ses-fonctions-de-ministre-de-la-sante\/#primaryimage\"},\"thumbnailUrl\":\"https:\/\/www.1sante.com\/online\/wp-content\/uploads\/2025\/09\/AIT-MESSAOUDENE.jpg\",\"datePublished\":\"2025-09-16T16:59:03+00:00\",\"dateModified\":\"2025-11-10T15:23:49+00:00\",\"author\":{\"@id\":\"https:\/\/www.1sante.com\/online\/#\/schema\/person\/741bb9b09bae031795a6c95550c70430\"},\"description\":\"1sant\u00e9 - Mohamed Seddik Ait Messaoudene prend ses fonctions de ministre de la Sant\u00e9\",\"breadcrumb\":{\"@id\":\"https:\/\/www.1sante.com\/online\/mohamed-seddik-ait-messaoudene-prend-ses-fonctions-de-ministre-de-la-sante\/#breadcrumb\"},\"inLanguage\":\"fr-FR\",\"potentialAction\":[{\"@type\":\"ReadAction\",\"target\":[\"https:\/\/www.1sante.com\/online\/mohamed-seddik-ait-messaoudene-prend-ses-fonctions-de-ministre-de-la-sante\/\"]}]},{\"@type\":\"ImageObject\",\"inLanguage\":\"fr-FR\",\"@id\":\"https:\/\/www.1sante.com\/online\/mohamed-seddik-ait-messaoudene-prend-ses-fonctions-de-ministre-de-la-sante\/#primaryimage\",\"url\":\"https:\/\/www.1sante.com\/online\/wp-content\/uploads\/2025\/09\/AIT-MESSAOUDENE.jpg\",\"contentUrl\":\"https:\/\/www.1sante.com\/online\/wp-content\/uploads\/2025\/09\/AIT-MESSAOUDENE.jpg\",\"width\":580,\"height\":350},{\"@type\":\"BreadcrumbList\",\"@id\":\"https:\/\/www.1sante.com\/online\/mohamed-seddik-ait-messaoudene-prend-ses-fonctions-de-ministre-de-la-sante\/#breadcrumb\",\"itemListElement\":[{\"@type\":\"ListItem\",\"position\":1,\"name\":\"Accueil\",\"item\":\"https:\/\/www.1sante.com\/online\/\"},{\"@type\":\"ListItem\",\"position\":2,\"name\":\"Mohamed Seddik Ait Messaoudene prend ses fonctions de ministre de la Sant\u00e9\"}]},{\"@type\":\"WebSite\",\"@id\":\"https:\/\/www.1sante.com\/online\/#website\",\"url\":\"https:\/\/www.1sante.com\/online\/\",\"name\":\"1sant\u00e9\",\"description\":\"1er Annuaire m\u00e9dical en Alg\u00e9rie\",\"potentialAction\":[{\"@type\":\"SearchAction\",\"target\":{\"@type\":\"EntryPoint\",\"urlTemplate\":\"https:\/\/www.1sante.com\/online\/?s={search_term_string}\"},\"query-input\":{\"@type\":\"PropertyValueSpecification\",\"valueRequired\":true,\"valueName\":\"search_term_string\"}}],\"inLanguage\":\"fr-FR\"},{\"@type\":\"Person\",\"@id\":\"https:\/\/www.1sante.com\/online\/#\/schema\/person\/741bb9b09bae031795a6c95550c70430\",\"name\":\"Redaction\",\"image\":{\"@type\":\"ImageObject\",\"inLanguage\":\"fr-FR\",\"@id\":\"https:\/\/www.1sante.com\/online\/#\/schema\/person\/image\/\",\"url\":\"https:\/\/secure.gravatar.com\/avatar\/74e5374845b7e78d6d398935ac5541e37b1ce37aab2f3f4092fef4ac231ba2c4?s=96&d=mm&r=g\",\"contentUrl\":\"https:\/\/secure.gravatar.com\/avatar\/74e5374845b7e78d6d398935ac5541e37b1ce37aab2f3f4092fef4ac231ba2c4?s=96&d=mm&r=g\",\"caption\":\"Redaction\"},\"url\":\"https:\/\/www.1sante.com\/online\/author\/redaction\/\"}]}<\/script>\n<!-- \/ Yoast SEO plugin. -->","yoast_head_json":{"title":"1sant\u00e9 - Mohamed Seddik Ait Messaoudene prend ses fonctions de ministre de la Sant\u00e9","description":"1sant\u00e9 - Mohamed Seddik Ait Messaoudene prend ses fonctions de ministre de la Sant\u00e9","robots":{"index":"index","follow":"follow","max-snippet":"max-snippet:-1","max-image-preview":"max-image-preview:large","max-video-preview":"max-video-preview:-1"},"canonical":"https:\/\/www.1sante.com\/online\/mohamed-seddik-ait-messaoudene-prend-ses-fonctions-de-ministre-de-la-sante\/","og_locale":"fr_FR","og_type":"article","og_title":"1sant\u00e9 - Mohamed Seddik Ait Messaoudene prend ses fonctions de ministre de la Sant\u00e9","og_description":"1sant\u00e9 - Mohamed Seddik Ait Messaoudene prend ses fonctions de ministre de la Sant\u00e9","og_url":"https:\/\/www.1sante.com\/online\/mohamed-seddik-ait-messaoudene-prend-ses-fonctions-de-ministre-de-la-sante\/","og_site_name":"1sant\u00e9","article_publisher":"https:\/\/web.facebook.com\/annuairemedical1sante\/","article_published_time":"2025-09-16T16:59:03+00:00","article_modified_time":"2025-11-10T15:23:49+00:00","og_image":[{"width":580,"height":350,"url":"https:\/\/www.1sante.com\/online\/wp-content\/uploads\/2025\/09\/AIT-MESSAOUDENE.jpg","type":"image\/jpeg"}],"author":"Redaction","twitter_card":"summary_large_image","twitter_misc":{"\u00c9crit par":"Redaction","Dur\u00e9e de lecture estim\u00e9e":"1 minute"},"schema":{"@context":"https:\/\/schema.org","@graph":[{"@type":"Article","@id":"https:\/\/www.1sante.com\/online\/mohamed-seddik-ait-messaoudene-prend-ses-fonctions-de-ministre-de-la-sante\/#article","isPartOf":{"@id":"https:\/\/www.1sante.com\/online\/mohamed-seddik-ait-messaoudene-prend-ses-fonctions-de-ministre-de-la-sante\/"},"author":{"name":"Redaction","@id":"https:\/\/www.1sante.com\/online\/#\/schema\/person\/741bb9b09bae031795a6c95550c70430"},"headline":"Mohamed Seddik Ait Messaoudene prend ses fonctions de ministre de la Sant\u00e9","datePublished":"2025-09-16T16:59:03+00:00","dateModified":"2025-11-10T15:23:49+00:00","mainEntityOfPage":{"@id":"https:\/\/www.1sante.com\/online\/mohamed-seddik-ait-messaoudene-prend-ses-fonctions-de-ministre-de-la-sante\/"},"wordCount":287,"image":{"@id":"https:\/\/www.1sante.com\/online\/mohamed-seddik-ait-messaoudene-prend-ses-fonctions-de-ministre-de-la-sante\/#primaryimage"},"thumbnailUrl":"https:\/\/www.1sante.com\/online\/wp-content\/uploads\/2025\/09\/AIT-MESSAOUDENE.jpg","articleSection":["Actualit\u00e9"],"inLanguage":"fr-FR"},{"@type":"WebPage","@id":"https:\/\/www.1sante.com\/online\/mohamed-seddik-ait-messaoudene-prend-ses-fonctions-de-ministre-de-la-sante\/","url":"https:\/\/www.1sante.com\/online\/mohamed-seddik-ait-messaoudene-prend-ses-fonctions-de-ministre-de-la-sante\/","name":"1sant\u00e9 - Mohamed Seddik Ait Messaoudene prend ses fonctions de ministre de la Sant\u00e9","isPartOf":{"@id":"https:\/\/www.1sante.com\/online\/#website"},"primaryImageOfPage":{"@id":"https:\/\/www.1sante.com\/online\/mohamed-seddik-ait-messaoudene-prend-ses-fonctions-de-ministre-de-la-sante\/#primaryimage"},"image":{"@id":"https:\/\/www.1sante.com\/online\/mohamed-seddik-ait-messaoudene-prend-ses-fonctions-de-ministre-de-la-sante\/#primaryimage"},"thumbnailUrl":"https:\/\/www.1sante.com\/online\/wp-content\/uploads\/2025\/09\/AIT-MESSAOUDENE.jpg","datePublished":"2025-09-16T16:59:03+00:00","dateModified":"2025-11-10T15:23:49+00:00","author":{"@id":"https:\/\/www.1sante.com\/online\/#\/schema\/person\/741bb9b09bae031795a6c95550c70430"},"description":"1sant\u00e9 - Mohamed Seddik Ait Messaoudene prend ses fonctions de ministre de la Sant\u00e9","breadcrumb":{"@id":"https:\/\/www.1sante.com\/online\/mohamed-seddik-ait-messaoudene-prend-ses-fonctions-de-ministre-de-la-sante\/#breadcrumb"},"inLanguage":"fr-FR","potentialAction":[{"@type":"ReadAction","target":["https:\/\/www.1sante.com\/online\/mohamed-seddik-ait-messaoudene-prend-ses-fonctions-de-ministre-de-la-sante\/"]}]},{"@type":"ImageObject","inLanguage":"fr-FR","@id":"https:\/\/www.1sante.com\/online\/mohamed-seddik-ait-messaoudene-prend-ses-fonctions-de-ministre-de-la-sante\/#primaryimage","url":"https:\/\/www.1sante.com\/online\/wp-content\/uploads\/2025\/09\/AIT-MESSAOUDENE.jpg","contentUrl":"https:\/\/www.1sante.com\/online\/wp-content\/uploads\/2025\/09\/AIT-MESSAOUDENE.jpg","width":580,"height":350},{"@type":"BreadcrumbList","@id":"https:\/\/www.1sante.com\/online\/mohamed-seddik-ait-messaoudene-prend-ses-fonctions-de-ministre-de-la-sante\/#breadcrumb","itemListElement":[{"@type":"ListItem","position":1,"name":"Accueil","item":"https:\/\/www.1sante.com\/online\/"},{"@type":"ListItem","position":2,"name":"Mohamed Seddik Ait Messaoudene prend ses fonctions de ministre de la Sant\u00e9"}]},{"@type":"WebSite","@id":"https:\/\/www.1sante.com\/online\/#website","url":"https:\/\/www.1sante.com\/online\/","name":"1sant\u00e9","description":"1er Annuaire m\u00e9dical en Alg\u00e9rie","potentialAction":[{"@type":"SearchAction","target":{"@type":"EntryPoint","urlTemplate":"https:\/\/www.1sante.com\/online\/?s={search_term_string}"},"query-input":{"@type":"PropertyValueSpecification","valueRequired":true,"valueName":"search_term_string"}}],"inLanguage":"fr-FR"},{"@type":"Person","@id":"https:\/\/www.1sante.com\/online\/#\/schema\/person\/741bb9b09bae031795a6c95550c70430","name":"Redaction","image":{"@type":"ImageObject","inLanguage":"fr-FR","@id":"https:\/\/www.1sante.com\/online\/#\/schema\/person\/image\/","url":"https:\/\/secure.gravatar.com\/avatar\/74e5374845b7e78d6d398935ac5541e37b1ce37aab2f3f4092fef4ac231ba2c4?s=96&d=mm&r=g","contentUrl":"https:\/\/secure.gravatar.com\/avatar\/74e5374845b7e78d6d398935ac5541e37b1ce37aab2f3f4092fef4ac231ba2c4?s=96&d=mm&r=g","caption":"Redaction"},"url":"https:\/\/www.1sante.com\/online\/author\/redaction\/"}]}},"_links":{"self":[{"href":"https:\/\/www.1sante.com\/online\/wp-json\/wp\/v2\/posts\/24141","targetHints":{"allow":["GET"]}}],"collection":[{"href":"https:\/\/www.1sante.com\/online\/wp-json\/wp\/v2\/posts"}],"about":[{"href":"https:\/\/www.1sante.com\/online\/wp-json\/wp\/v2\/types\/post"}],"author":[{"embeddable":true,"href":"https:\/\/www.1sante.com\/online\/wp-json\/wp\/v2\/users\/9"}],"replies":[{"embeddable":true,"href":"https:\/\/www.1sante.com\/online\/wp-json\/wp\/v2\/comments?post=24141"}],"version-history":[{"count":1,"href":"https:\/\/www.1sante.com\/online\/wp-json\/wp\/v2\/posts\/24141\/revisions"}],"predecessor-version":[{"id":24143,"href":"https:\/\/www.1sante.com\/online\/wp-json\/wp\/v2\/posts\/24141\/revisions\/24143"}],"wp:featuredmedia":[{"embeddable":true,"href":"https:\/\/www.1sante.com\/online\/wp-json\/wp\/v2\/media\/24142"}],"wp:attachment":[{"href":"https:\/\/www.1sante.com\/online\/wp-json\/wp\/v2\/media?parent=24141"}],"wp:term":[{"taxonomy":"category","embeddable":true,"href":"https:\/\/www.1sante.com\/online\/wp-json\/wp\/v2\/categories?post=24141"},{"taxonomy":"post_tag","embeddable":true,"href":"https:\/\/www.1sante.com\/online\/wp-json\/wp\/v2\/tags?post=24141"}],"curies":[{"name":"wp","href":"https:\/\/api.w.org\/{rel}","templated":true}]}}