{"id":24100,"date":"2025-09-14T08:06:59","date_gmt":"2025-09-14T07:06:59","guid":{"rendered":"https:\/\/www.1sante.com\/online\/?p=24100"},"modified":"2025-11-10T16:23:49","modified_gmt":"2025-11-10T15:23:49","slug":"rentree-scolaire-semaine-nationale-de-la-sante-scolaire-en-septembre","status":"publish","type":"post","link":"https:\/\/www.1sante.com\/online\/rentree-scolaire-semaine-nationale-de-la-sante-scolaire-en-septembre\/","title":{"rendered":"Rentr\u00e9e scolaire: semaine nationale de la sant\u00e9 scolaire en septembre"},"content":{"rendered":"<p>Le minist\u00e8re de la Sant\u00e9 organise du 21 au 25 septembre, en coordination avec le minist\u00e8re de l&#8217;Education nationale, la semaine nationale de la sant\u00e9 scolaire, dans le but de renforcer la conscience sanitaire en milieu scolaire, indique un communiqu\u00e9 du minist\u00e8re de la Sant\u00e9.<\/p>\n<p>A l&#8217;occasion de la rentr\u00e9e scolaire 2025-2026, le minist\u00e8re de la Sant\u00e9 organise, en coordination avec le minist\u00e8re de l&#8217;Education nationale, la semaine nationale de la sant\u00e9 scolaire (21-25 septembre), dans le but de &#8220;renforcer la conscience sanitaire chez les \u00e9coliers, \u00e0 travers des campagnes de sensibilisation, des activit\u00e9s \u00e9ducatives et des ateliers pratiques&#8221;, pr\u00e9cise le communiqu\u00e9.<\/p>\n<p>A cet effet, le minist\u00e8re a &#8220;appel\u00e9 les directeurs de la sant\u00e9 et de la population au niveau des wilayas \u00e0 se mobiliser et \u00e0 contribuer activement \u00e0 la r\u00e9ussite de cette initiative nationale participant de la promotion de la sant\u00e9 en milieu scolaire, en renfor\u00e7ant la coordination avec les directions de l&#8217;\u00e9ducation au niveau local et en mobilisant les \u00e9quipes de sant\u00e9 scolaire pour un accompagnement efficace des activit\u00e9s programm\u00e9es&#8221;.<\/p>\n<p>Le minist\u00e8re a \u00e9galement appel\u00e9 les directeurs de la sant\u00e9 et de la population \u00e0 &#8220;veiller \u00e0 la mise en \u0153uvre du programme de sensibilisation trac\u00e9 par le minist\u00e8re de l&#8217;Education nationale, en coordination avec le minist\u00e8re de la Sant\u00e9&#8221; et \u00e0 &#8220;encourager toutes les initiatives compl\u00e9mentaires (conf\u00e9rences, interventions sp\u00e9cialis\u00e9es, ateliers pratiques et activit\u00e9s \u00e9ducatives) \u00e0 m\u00eame de concourir \u00e0 la r\u00e9ussite de cette initiative nationale&#8221;.<\/p>\n<p>Source : https:\/\/www.aps.dz\/<\/p>\n","protected":false},"excerpt":{"rendered":"<p>Le minist\u00e8re de la Sant\u00e9 organise du 21 au 25 septembre, en coordination avec le minist\u00e8re de l&#8217;Education nationale, la semaine nationale de la sant\u00e9 scolaire, dans le but de renforcer la conscience sanitaire en milieu scolaire, indique un communiqu\u00e9 du minist\u00e8re de la Sant\u00e9. A l&#8217;occasion de la rentr\u00e9e scolaire 2025-2026, le minist\u00e8re de &hellip;<\/p>\n","protected":false},"author":9,"featured_media":14609,"comment_status":"closed","ping_status":"closed","sticky":false,"template":"","format":"standard","meta":{"footnotes":""},"categories":[1],"tags":[],"class_list":["post-24100","post","type-post","status-publish","format-standard","has-post-thumbnail","hentry","category-actualite"],"yoast_head":"<!-- This site is optimized with the Yoast SEO plugin v27.0 - https:\/\/yoast.com\/product\/yoast-seo-wordpress\/ -->\n<title>1sant\u00e9 - Rentr\u00e9e scolaire: semaine nationale de la sant\u00e9 scolaire en septembre<\/title>\n<meta name=\"description\" content=\"1sant\u00e9 - Rentr\u00e9e scolaire: semaine nationale de la sant\u00e9 scolaire en septembre\" \/>\n<meta name=\"robots\" content=\"index, follow, max-snippet:-1, max-image-preview:large, max-video-preview:-1\" \/>\n<link rel=\"canonical\" href=\"https:\/\/www.1sante.com\/online\/rentree-scolaire-semaine-nationale-de-la-sante-scolaire-en-septembre\/\" \/>\n<meta property=\"og:locale\" content=\"fr_FR\" \/>\n<meta property=\"og:type\" content=\"article\" \/>\n<meta property=\"og:title\" content=\"1sant\u00e9 - Rentr\u00e9e scolaire: semaine nationale de la sant\u00e9 scolaire en septembre\" \/>\n<meta property=\"og:description\" content=\"1sant\u00e9 - Rentr\u00e9e scolaire: semaine nationale de la sant\u00e9 scolaire en septembre\" \/>\n<meta property=\"og:url\" content=\"https:\/\/www.1sante.com\/online\/rentree-scolaire-semaine-nationale-de-la-sante-scolaire-en-septembre\/\" \/>\n<meta property=\"og:site_name\" content=\"1sant\u00e9\" \/>\n<meta property=\"article:publisher\" content=\"https:\/\/web.facebook.com\/annuairemedical1sante\/\" \/>\n<meta property=\"article:published_time\" content=\"2025-09-14T07:06:59+00:00\" \/>\n<meta property=\"article:modified_time\" content=\"2025-11-10T15:23:49+00:00\" \/>\n<meta property=\"og:image\" content=\"https:\/\/www.1sante.com\/online\/wp-content\/uploads\/2023\/10\/1sante.com_02102023.jpg\" \/>\n\t<meta property=\"og:image:width\" content=\"580\" \/>\n\t<meta property=\"og:image:height\" content=\"350\" \/>\n\t<meta property=\"og:image:type\" content=\"image\/jpeg\" \/>\n<meta name=\"author\" content=\"Redaction\" \/>\n<meta name=\"twitter:card\" content=\"summary_large_image\" \/>\n<meta name=\"twitter:label1\" content=\"\u00c9crit par\" \/>\n\t<meta name=\"twitter:data1\" content=\"Redaction\" \/>\n\t<meta name=\"twitter:label2\" content=\"Dur\u00e9e de lecture estim\u00e9e\" \/>\n\t<meta name=\"twitter:data2\" content=\"1 minute\" \/>\n<script type=\"application\/ld+json\" class=\"yoast-schema-graph\">{\"@context\":\"https:\/\/schema.org\",\"@graph\":[{\"@type\":\"Article\",\"@id\":\"https:\/\/www.1sante.com\/online\/rentree-scolaire-semaine-nationale-de-la-sante-scolaire-en-septembre\/#article\",\"isPartOf\":{\"@id\":\"https:\/\/www.1sante.com\/online\/rentree-scolaire-semaine-nationale-de-la-sante-scolaire-en-septembre\/\"},\"author\":{\"name\":\"Redaction\",\"@id\":\"https:\/\/www.1sante.com\/online\/#\/schema\/person\/741bb9b09bae031795a6c95550c70430\"},\"headline\":\"Rentr\u00e9e scolaire: semaine nationale de la sant\u00e9 scolaire en septembre\",\"datePublished\":\"2025-09-14T07:06:59+00:00\",\"dateModified\":\"2025-11-10T15:23:49+00:00\",\"mainEntityOfPage\":{\"@id\":\"https:\/\/www.1sante.com\/online\/rentree-scolaire-semaine-nationale-de-la-sante-scolaire-en-septembre\/\"},\"wordCount\":268,\"image\":{\"@id\":\"https:\/\/www.1sante.com\/online\/rentree-scolaire-semaine-nationale-de-la-sante-scolaire-en-septembre\/#primaryimage\"},\"thumbnailUrl\":\"https:\/\/www.1sante.com\/online\/wp-content\/uploads\/2023\/10\/1sante.com_02102023.jpg\",\"articleSection\":[\"Actualit\u00e9\"],\"inLanguage\":\"fr-FR\"},{\"@type\":\"WebPage\",\"@id\":\"https:\/\/www.1sante.com\/online\/rentree-scolaire-semaine-nationale-de-la-sante-scolaire-en-septembre\/\",\"url\":\"https:\/\/www.1sante.com\/online\/rentree-scolaire-semaine-nationale-de-la-sante-scolaire-en-septembre\/\",\"name\":\"1sant\u00e9 - Rentr\u00e9e scolaire: semaine nationale de la sant\u00e9 scolaire en septembre\",\"isPartOf\":{\"@id\":\"https:\/\/www.1sante.com\/online\/#website\"},\"primaryImageOfPage\":{\"@id\":\"https:\/\/www.1sante.com\/online\/rentree-scolaire-semaine-nationale-de-la-sante-scolaire-en-septembre\/#primaryimage\"},\"image\":{\"@id\":\"https:\/\/www.1sante.com\/online\/rentree-scolaire-semaine-nationale-de-la-sante-scolaire-en-septembre\/#primaryimage\"},\"thumbnailUrl\":\"https:\/\/www.1sante.com\/online\/wp-content\/uploads\/2023\/10\/1sante.com_02102023.jpg\",\"datePublished\":\"2025-09-14T07:06:59+00:00\",\"dateModified\":\"2025-11-10T15:23:49+00:00\",\"author\":{\"@id\":\"https:\/\/www.1sante.com\/online\/#\/schema\/person\/741bb9b09bae031795a6c95550c70430\"},\"description\":\"1sant\u00e9 - Rentr\u00e9e scolaire: semaine nationale de la sant\u00e9 scolaire en septembre\",\"breadcrumb\":{\"@id\":\"https:\/\/www.1sante.com\/online\/rentree-scolaire-semaine-nationale-de-la-sante-scolaire-en-septembre\/#breadcrumb\"},\"inLanguage\":\"fr-FR\",\"potentialAction\":[{\"@type\":\"ReadAction\",\"target\":[\"https:\/\/www.1sante.com\/online\/rentree-scolaire-semaine-nationale-de-la-sante-scolaire-en-septembre\/\"]}]},{\"@type\":\"ImageObject\",\"inLanguage\":\"fr-FR\",\"@id\":\"https:\/\/www.1sante.com\/online\/rentree-scolaire-semaine-nationale-de-la-sante-scolaire-en-septembre\/#primaryimage\",\"url\":\"https:\/\/www.1sante.com\/online\/wp-content\/uploads\/2023\/10\/1sante.com_02102023.jpg\",\"contentUrl\":\"https:\/\/www.1sante.com\/online\/wp-content\/uploads\/2023\/10\/1sante.com_02102023.jpg\",\"width\":580,\"height\":350},{\"@type\":\"BreadcrumbList\",\"@id\":\"https:\/\/www.1sante.com\/online\/rentree-scolaire-semaine-nationale-de-la-sante-scolaire-en-septembre\/#breadcrumb\",\"itemListElement\":[{\"@type\":\"ListItem\",\"position\":1,\"name\":\"Accueil\",\"item\":\"https:\/\/www.1sante.com\/online\/\"},{\"@type\":\"ListItem\",\"position\":2,\"name\":\"Rentr\u00e9e scolaire: semaine nationale de la sant\u00e9 scolaire en septembre\"}]},{\"@type\":\"WebSite\",\"@id\":\"https:\/\/www.1sante.com\/online\/#website\",\"url\":\"https:\/\/www.1sante.com\/online\/\",\"name\":\"1sant\u00e9\",\"description\":\"1er Annuaire m\u00e9dical en Alg\u00e9rie\",\"potentialAction\":[{\"@type\":\"SearchAction\",\"target\":{\"@type\":\"EntryPoint\",\"urlTemplate\":\"https:\/\/www.1sante.com\/online\/?s={search_term_string}\"},\"query-input\":{\"@type\":\"PropertyValueSpecification\",\"valueRequired\":true,\"valueName\":\"search_term_string\"}}],\"inLanguage\":\"fr-FR\"},{\"@type\":\"Person\",\"@id\":\"https:\/\/www.1sante.com\/online\/#\/schema\/person\/741bb9b09bae031795a6c95550c70430\",\"name\":\"Redaction\",\"image\":{\"@type\":\"ImageObject\",\"inLanguage\":\"fr-FR\",\"@id\":\"https:\/\/www.1sante.com\/online\/#\/schema\/person\/image\/\",\"url\":\"https:\/\/secure.gravatar.com\/avatar\/74e5374845b7e78d6d398935ac5541e37b1ce37aab2f3f4092fef4ac231ba2c4?s=96&d=mm&r=g\",\"contentUrl\":\"https:\/\/secure.gravatar.com\/avatar\/74e5374845b7e78d6d398935ac5541e37b1ce37aab2f3f4092fef4ac231ba2c4?s=96&d=mm&r=g\",\"caption\":\"Redaction\"},\"url\":\"https:\/\/www.1sante.com\/online\/author\/redaction\/\"}]}<\/script>\n<!-- \/ Yoast SEO plugin. -->","yoast_head_json":{"title":"1sant\u00e9 - Rentr\u00e9e scolaire: semaine nationale de la sant\u00e9 scolaire en septembre","description":"1sant\u00e9 - Rentr\u00e9e scolaire: semaine nationale de la sant\u00e9 scolaire en septembre","robots":{"index":"index","follow":"follow","max-snippet":"max-snippet:-1","max-image-preview":"max-image-preview:large","max-video-preview":"max-video-preview:-1"},"canonical":"https:\/\/www.1sante.com\/online\/rentree-scolaire-semaine-nationale-de-la-sante-scolaire-en-septembre\/","og_locale":"fr_FR","og_type":"article","og_title":"1sant\u00e9 - Rentr\u00e9e scolaire: semaine nationale de la sant\u00e9 scolaire en septembre","og_description":"1sant\u00e9 - Rentr\u00e9e scolaire: semaine nationale de la sant\u00e9 scolaire en septembre","og_url":"https:\/\/www.1sante.com\/online\/rentree-scolaire-semaine-nationale-de-la-sante-scolaire-en-septembre\/","og_site_name":"1sant\u00e9","article_publisher":"https:\/\/web.facebook.com\/annuairemedical1sante\/","article_published_time":"2025-09-14T07:06:59+00:00","article_modified_time":"2025-11-10T15:23:49+00:00","og_image":[{"width":580,"height":350,"url":"https:\/\/www.1sante.com\/online\/wp-content\/uploads\/2023\/10\/1sante.com_02102023.jpg","type":"image\/jpeg"}],"author":"Redaction","twitter_card":"summary_large_image","twitter_misc":{"\u00c9crit par":"Redaction","Dur\u00e9e de lecture estim\u00e9e":"1 minute"},"schema":{"@context":"https:\/\/schema.org","@graph":[{"@type":"Article","@id":"https:\/\/www.1sante.com\/online\/rentree-scolaire-semaine-nationale-de-la-sante-scolaire-en-septembre\/#article","isPartOf":{"@id":"https:\/\/www.1sante.com\/online\/rentree-scolaire-semaine-nationale-de-la-sante-scolaire-en-septembre\/"},"author":{"name":"Redaction","@id":"https:\/\/www.1sante.com\/online\/#\/schema\/person\/741bb9b09bae031795a6c95550c70430"},"headline":"Rentr\u00e9e scolaire: semaine nationale de la sant\u00e9 scolaire en septembre","datePublished":"2025-09-14T07:06:59+00:00","dateModified":"2025-11-10T15:23:49+00:00","mainEntityOfPage":{"@id":"https:\/\/www.1sante.com\/online\/rentree-scolaire-semaine-nationale-de-la-sante-scolaire-en-septembre\/"},"wordCount":268,"image":{"@id":"https:\/\/www.1sante.com\/online\/rentree-scolaire-semaine-nationale-de-la-sante-scolaire-en-septembre\/#primaryimage"},"thumbnailUrl":"https:\/\/www.1sante.com\/online\/wp-content\/uploads\/2023\/10\/1sante.com_02102023.jpg","articleSection":["Actualit\u00e9"],"inLanguage":"fr-FR"},{"@type":"WebPage","@id":"https:\/\/www.1sante.com\/online\/rentree-scolaire-semaine-nationale-de-la-sante-scolaire-en-septembre\/","url":"https:\/\/www.1sante.com\/online\/rentree-scolaire-semaine-nationale-de-la-sante-scolaire-en-septembre\/","name":"1sant\u00e9 - Rentr\u00e9e scolaire: semaine nationale de la sant\u00e9 scolaire en septembre","isPartOf":{"@id":"https:\/\/www.1sante.com\/online\/#website"},"primaryImageOfPage":{"@id":"https:\/\/www.1sante.com\/online\/rentree-scolaire-semaine-nationale-de-la-sante-scolaire-en-septembre\/#primaryimage"},"image":{"@id":"https:\/\/www.1sante.com\/online\/rentree-scolaire-semaine-nationale-de-la-sante-scolaire-en-septembre\/#primaryimage"},"thumbnailUrl":"https:\/\/www.1sante.com\/online\/wp-content\/uploads\/2023\/10\/1sante.com_02102023.jpg","datePublished":"2025-09-14T07:06:59+00:00","dateModified":"2025-11-10T15:23:49+00:00","author":{"@id":"https:\/\/www.1sante.com\/online\/#\/schema\/person\/741bb9b09bae031795a6c95550c70430"},"description":"1sant\u00e9 - Rentr\u00e9e scolaire: semaine nationale de la sant\u00e9 scolaire en septembre","breadcrumb":{"@id":"https:\/\/www.1sante.com\/online\/rentree-scolaire-semaine-nationale-de-la-sante-scolaire-en-septembre\/#breadcrumb"},"inLanguage":"fr-FR","potentialAction":[{"@type":"ReadAction","target":["https:\/\/www.1sante.com\/online\/rentree-scolaire-semaine-nationale-de-la-sante-scolaire-en-septembre\/"]}]},{"@type":"ImageObject","inLanguage":"fr-FR","@id":"https:\/\/www.1sante.com\/online\/rentree-scolaire-semaine-nationale-de-la-sante-scolaire-en-septembre\/#primaryimage","url":"https:\/\/www.1sante.com\/online\/wp-content\/uploads\/2023\/10\/1sante.com_02102023.jpg","contentUrl":"https:\/\/www.1sante.com\/online\/wp-content\/uploads\/2023\/10\/1sante.com_02102023.jpg","width":580,"height":350},{"@type":"BreadcrumbList","@id":"https:\/\/www.1sante.com\/online\/rentree-scolaire-semaine-nationale-de-la-sante-scolaire-en-septembre\/#breadcrumb","itemListElement":[{"@type":"ListItem","position":1,"name":"Accueil","item":"https:\/\/www.1sante.com\/online\/"},{"@type":"ListItem","position":2,"name":"Rentr\u00e9e scolaire: semaine nationale de la sant\u00e9 scolaire en septembre"}]},{"@type":"WebSite","@id":"https:\/\/www.1sante.com\/online\/#website","url":"https:\/\/www.1sante.com\/online\/","name":"1sant\u00e9","description":"1er Annuaire m\u00e9dical en Alg\u00e9rie","potentialAction":[{"@type":"SearchAction","target":{"@type":"EntryPoint","urlTemplate":"https:\/\/www.1sante.com\/online\/?s={search_term_string}"},"query-input":{"@type":"PropertyValueSpecification","valueRequired":true,"valueName":"search_term_string"}}],"inLanguage":"fr-FR"},{"@type":"Person","@id":"https:\/\/www.1sante.com\/online\/#\/schema\/person\/741bb9b09bae031795a6c95550c70430","name":"Redaction","image":{"@type":"ImageObject","inLanguage":"fr-FR","@id":"https:\/\/www.1sante.com\/online\/#\/schema\/person\/image\/","url":"https:\/\/secure.gravatar.com\/avatar\/74e5374845b7e78d6d398935ac5541e37b1ce37aab2f3f4092fef4ac231ba2c4?s=96&d=mm&r=g","contentUrl":"https:\/\/secure.gravatar.com\/avatar\/74e5374845b7e78d6d398935ac5541e37b1ce37aab2f3f4092fef4ac231ba2c4?s=96&d=mm&r=g","caption":"Redaction"},"url":"https:\/\/www.1sante.com\/online\/author\/redaction\/"}]}},"_links":{"self":[{"href":"https:\/\/www.1sante.com\/online\/wp-json\/wp\/v2\/posts\/24100","targetHints":{"allow":["GET"]}}],"collection":[{"href":"https:\/\/www.1sante.com\/online\/wp-json\/wp\/v2\/posts"}],"about":[{"href":"https:\/\/www.1sante.com\/online\/wp-json\/wp\/v2\/types\/post"}],"author":[{"embeddable":true,"href":"https:\/\/www.1sante.com\/online\/wp-json\/wp\/v2\/users\/9"}],"replies":[{"embeddable":true,"href":"https:\/\/www.1sante.com\/online\/wp-json\/wp\/v2\/comments?post=24100"}],"version-history":[{"count":1,"href":"https:\/\/www.1sante.com\/online\/wp-json\/wp\/v2\/posts\/24100\/revisions"}],"predecessor-version":[{"id":24101,"href":"https:\/\/www.1sante.com\/online\/wp-json\/wp\/v2\/posts\/24100\/revisions\/24101"}],"wp:featuredmedia":[{"embeddable":true,"href":"https:\/\/www.1sante.com\/online\/wp-json\/wp\/v2\/media\/14609"}],"wp:attachment":[{"href":"https:\/\/www.1sante.com\/online\/wp-json\/wp\/v2\/media?parent=24100"}],"wp:term":[{"taxonomy":"category","embeddable":true,"href":"https:\/\/www.1sante.com\/online\/wp-json\/wp\/v2\/categories?post=24100"},{"taxonomy":"post_tag","embeddable":true,"href":"https:\/\/www.1sante.com\/online\/wp-json\/wp\/v2\/tags?post=24100"}],"curies":[{"name":"wp","href":"https:\/\/api.w.org\/{rel}","templated":true}]}}