{"id":20536,"date":"2024-11-24T06:35:46","date_gmt":"2024-11-24T05:35:46","guid":{"rendered":"https:\/\/www.1sante.com\/?p=20536"},"modified":"2025-02-16T08:15:50","modified_gmt":"2025-02-16T07:15:50","slug":"le-ministre-de-la-sante-met-en-avant-les-progres-accomplis-par-lalgerie-dans-la-lutte-contre-la-resistance-aux-antimicrobiens","status":"publish","type":"post","link":"https:\/\/www.1sante.com\/online\/le-ministre-de-la-sante-met-en-avant-les-progres-accomplis-par-lalgerie-dans-la-lutte-contre-la-resistance-aux-antimicrobiens\/","title":{"rendered":"Le ministre de la Sant\u00e9 met en avant les progr\u00e8s accomplis par l&#8217;Alg\u00e9rie dans la lutte contre la r\u00e9sistance aux antimicrobiens"},"content":{"rendered":"<p>Le ministre de la Sant\u00e9, Abdelhak Saihi, a mis en avant, jeudi, les progr\u00e8s accomplis par l&#8217;Alg\u00e9rie dans la lutte contre la r\u00e9sistance aux antimicrobiens, et ce, lors d&#8217;une rencontre organis\u00e9e \u00e0 l&#8217;occasion de la Journ\u00e9e nationale de lutte contre la r\u00e9sistance aux antimicrobiens.<\/p>\n<p>Dans une allocution lue en son nom par le Directeur g\u00e9n\u00e9ral de la pr\u00e9vention et de la promotion de la sant\u00e9 au minist\u00e8re de la Sant\u00e9, Dr Djamel Fourar, le ministre a mis en exergue &#8220;les efforts consentis et les progr\u00e8s accomplis par l&#8217;Alg\u00e9rie dans ce domaine&#8221;, saluant &#8220;tous ceux qui contribuent \u00e0 la lutte contre la r\u00e9sistance aux antimicrobiens \u00e0 travers le suivi et l&#8217;\u00e9laboration de protocoles th\u00e9rapeutiques&#8221;. <\/p>\n<p>L&#8217;Alg\u00e9rie &#8220;r\u00e9affirme son engagement \u00e0 faire face \u00e0 ce risque \u00e0 travers la mise en \u0153uvre du Plan d&#8217;action national de lutte contre la r\u00e9sistance aux antimicrobiens et sa participation active au syst\u00e8me mondial de surveillance&#8221;, a-t-il dit, expliquant que la r\u00e9sistance aux antibiotiques constituait &#8220;l&#8217;une des plus graves menaces pour la sant\u00e9 mondiale, la s\u00e9curit\u00e9 alimentaire et le d\u00e9veloppement&#8221;.<\/p>\n<p>La c\u00e9l\u00e9bration de cette Journ\u00e9e nationale participe de &#8220;l&#8217;engagement de l&#8217;Alg\u00e9rie dans la mise en \u0153uvre du Plan d&#8217;action national de lutte contre la r\u00e9sistance aux antimicrobiens&#8221;, a soutenu le ministre.<\/p>\n<p>De son c\u00f4t\u00e9, Mme Houria Khelifi, charg\u00e9e de programme \u00e0 l&#8217;Organisation mondiale de la sant\u00e9 (OMS), a salu\u00e9 les r\u00e9alisations de l&#8217;Alg\u00e9rie dans ce domaine, notamment la publication, en septembre dernier, de son Plan d&#8217;action national de lutte contre la r\u00e9sistance aux antimicrobiens sur le site officiel de l&#8217;OMS. Elle a \u00e9galement salu\u00e9 la participation &#8220;active&#8221; de l&#8217;Alg\u00e9rie au syst\u00e8me mondial de surveillance de la r\u00e9sistance aux antimicrobiens.<\/p>\n<p>Source : https:\/\/www.aps.dz\/<\/p>\n","protected":false},"excerpt":{"rendered":"<p>Le ministre de la Sant\u00e9, Abdelhak Saihi, a mis en avant, jeudi, les progr\u00e8s accomplis par l&#8217;Alg\u00e9rie dans la lutte contre la r\u00e9sistance aux antimicrobiens, et ce, lors d&#8217;une rencontre organis\u00e9e \u00e0 l&#8217;occasion de la Journ\u00e9e nationale de lutte contre la r\u00e9sistance aux antimicrobiens. Dans une allocution lue en son nom par le Directeur g\u00e9n\u00e9ral &hellip;<\/p>\n","protected":false},"author":9,"featured_media":20537,"comment_status":"closed","ping_status":"closed","sticky":false,"template":"","format":"standard","meta":{"footnotes":""},"categories":[1],"tags":[],"class_list":["post-20536","post","type-post","status-publish","format-standard","has-post-thumbnail","hentry","category-actualite"],"yoast_head":"<!-- This site is optimized with the Yoast SEO plugin v27.0 - https:\/\/yoast.com\/product\/yoast-seo-wordpress\/ -->\n<title>1sant\u00e9 - Le ministre de la Sant\u00e9 met en avant les progr\u00e8s accomplis par l&#039;Alg\u00e9rie dans la lutte contre la r\u00e9sistance aux antimicrobiens<\/title>\n<meta name=\"description\" content=\"1sant\u00e9 - Le ministre de la Sant\u00e9 met en avant les progr\u00e8s accomplis par l&#039;Alg\u00e9rie dans la lutte contre la r\u00e9sistance aux antimicrobiens\" \/>\n<meta name=\"robots\" content=\"index, follow, max-snippet:-1, max-image-preview:large, max-video-preview:-1\" \/>\n<link rel=\"canonical\" href=\"https:\/\/www.1sante.com\/online\/le-ministre-de-la-sante-met-en-avant-les-progres-accomplis-par-lalgerie-dans-la-lutte-contre-la-resistance-aux-antimicrobiens\/\" \/>\n<meta property=\"og:locale\" content=\"fr_FR\" \/>\n<meta property=\"og:type\" content=\"article\" \/>\n<meta property=\"og:title\" content=\"1sant\u00e9 - Le ministre de la Sant\u00e9 met en avant les progr\u00e8s accomplis par l&#039;Alg\u00e9rie dans la lutte contre la r\u00e9sistance aux antimicrobiens\" \/>\n<meta property=\"og:description\" content=\"1sant\u00e9 - Le ministre de la Sant\u00e9 met en avant les progr\u00e8s accomplis par l&#039;Alg\u00e9rie dans la lutte contre la r\u00e9sistance aux antimicrobiens\" \/>\n<meta property=\"og:url\" content=\"https:\/\/www.1sante.com\/online\/le-ministre-de-la-sante-met-en-avant-les-progres-accomplis-par-lalgerie-dans-la-lutte-contre-la-resistance-aux-antimicrobiens\/\" \/>\n<meta property=\"og:site_name\" content=\"1sant\u00e9\" \/>\n<meta property=\"article:publisher\" content=\"https:\/\/web.facebook.com\/annuairemedical1sante\/\" \/>\n<meta property=\"article:published_time\" content=\"2024-11-24T05:35:46+00:00\" \/>\n<meta property=\"article:modified_time\" content=\"2025-02-16T07:15:50+00:00\" \/>\n<meta property=\"og:image\" content=\"https:\/\/www.1sante.com\/online\/wp-content\/uploads\/2024\/11\/sante3333.jpg\" \/>\n\t<meta property=\"og:image:width\" content=\"580\" \/>\n\t<meta property=\"og:image:height\" content=\"350\" \/>\n\t<meta property=\"og:image:type\" content=\"image\/jpeg\" \/>\n<meta name=\"author\" content=\"Redaction\" \/>\n<meta name=\"twitter:card\" content=\"summary_large_image\" \/>\n<meta name=\"twitter:label1\" content=\"\u00c9crit par\" \/>\n\t<meta name=\"twitter:data1\" content=\"Redaction\" \/>\n\t<meta name=\"twitter:label2\" content=\"Dur\u00e9e de lecture estim\u00e9e\" \/>\n\t<meta name=\"twitter:data2\" content=\"2 minutes\" \/>\n<script type=\"application\/ld+json\" class=\"yoast-schema-graph\">{\"@context\":\"https:\/\/schema.org\",\"@graph\":[{\"@type\":\"Article\",\"@id\":\"https:\/\/www.1sante.com\/online\/le-ministre-de-la-sante-met-en-avant-les-progres-accomplis-par-lalgerie-dans-la-lutte-contre-la-resistance-aux-antimicrobiens\/#article\",\"isPartOf\":{\"@id\":\"https:\/\/www.1sante.com\/online\/le-ministre-de-la-sante-met-en-avant-les-progres-accomplis-par-lalgerie-dans-la-lutte-contre-la-resistance-aux-antimicrobiens\/\"},\"author\":{\"name\":\"Redaction\",\"@id\":\"https:\/\/www.1sante.com\/online\/#\/schema\/person\/741bb9b09bae031795a6c95550c70430\"},\"headline\":\"Le ministre de la Sant\u00e9 met en avant les progr\u00e8s accomplis par l&#8217;Alg\u00e9rie dans la lutte contre la r\u00e9sistance aux antimicrobiens\",\"datePublished\":\"2024-11-24T05:35:46+00:00\",\"dateModified\":\"2025-02-16T07:15:50+00:00\",\"mainEntityOfPage\":{\"@id\":\"https:\/\/www.1sante.com\/online\/le-ministre-de-la-sante-met-en-avant-les-progres-accomplis-par-lalgerie-dans-la-lutte-contre-la-resistance-aux-antimicrobiens\/\"},\"wordCount\":329,\"image\":{\"@id\":\"https:\/\/www.1sante.com\/online\/le-ministre-de-la-sante-met-en-avant-les-progres-accomplis-par-lalgerie-dans-la-lutte-contre-la-resistance-aux-antimicrobiens\/#primaryimage\"},\"thumbnailUrl\":\"https:\/\/www.1sante.com\/online\/wp-content\/uploads\/2024\/11\/sante3333.jpg\",\"articleSection\":[\"Actualit\u00e9\"],\"inLanguage\":\"fr-FR\"},{\"@type\":\"WebPage\",\"@id\":\"https:\/\/www.1sante.com\/online\/le-ministre-de-la-sante-met-en-avant-les-progres-accomplis-par-lalgerie-dans-la-lutte-contre-la-resistance-aux-antimicrobiens\/\",\"url\":\"https:\/\/www.1sante.com\/online\/le-ministre-de-la-sante-met-en-avant-les-progres-accomplis-par-lalgerie-dans-la-lutte-contre-la-resistance-aux-antimicrobiens\/\",\"name\":\"1sant\u00e9 - Le ministre de la Sant\u00e9 met en avant les progr\u00e8s accomplis par l'Alg\u00e9rie dans la lutte contre la r\u00e9sistance aux antimicrobiens\",\"isPartOf\":{\"@id\":\"https:\/\/www.1sante.com\/online\/#website\"},\"primaryImageOfPage\":{\"@id\":\"https:\/\/www.1sante.com\/online\/le-ministre-de-la-sante-met-en-avant-les-progres-accomplis-par-lalgerie-dans-la-lutte-contre-la-resistance-aux-antimicrobiens\/#primaryimage\"},\"image\":{\"@id\":\"https:\/\/www.1sante.com\/online\/le-ministre-de-la-sante-met-en-avant-les-progres-accomplis-par-lalgerie-dans-la-lutte-contre-la-resistance-aux-antimicrobiens\/#primaryimage\"},\"thumbnailUrl\":\"https:\/\/www.1sante.com\/online\/wp-content\/uploads\/2024\/11\/sante3333.jpg\",\"datePublished\":\"2024-11-24T05:35:46+00:00\",\"dateModified\":\"2025-02-16T07:15:50+00:00\",\"author\":{\"@id\":\"https:\/\/www.1sante.com\/online\/#\/schema\/person\/741bb9b09bae031795a6c95550c70430\"},\"description\":\"1sant\u00e9 - Le ministre de la Sant\u00e9 met en avant les progr\u00e8s accomplis par l'Alg\u00e9rie dans la lutte contre la r\u00e9sistance aux antimicrobiens\",\"breadcrumb\":{\"@id\":\"https:\/\/www.1sante.com\/online\/le-ministre-de-la-sante-met-en-avant-les-progres-accomplis-par-lalgerie-dans-la-lutte-contre-la-resistance-aux-antimicrobiens\/#breadcrumb\"},\"inLanguage\":\"fr-FR\",\"potentialAction\":[{\"@type\":\"ReadAction\",\"target\":[\"https:\/\/www.1sante.com\/online\/le-ministre-de-la-sante-met-en-avant-les-progres-accomplis-par-lalgerie-dans-la-lutte-contre-la-resistance-aux-antimicrobiens\/\"]}]},{\"@type\":\"ImageObject\",\"inLanguage\":\"fr-FR\",\"@id\":\"https:\/\/www.1sante.com\/online\/le-ministre-de-la-sante-met-en-avant-les-progres-accomplis-par-lalgerie-dans-la-lutte-contre-la-resistance-aux-antimicrobiens\/#primaryimage\",\"url\":\"https:\/\/www.1sante.com\/online\/wp-content\/uploads\/2024\/11\/sante3333.jpg\",\"contentUrl\":\"https:\/\/www.1sante.com\/online\/wp-content\/uploads\/2024\/11\/sante3333.jpg\",\"width\":580,\"height\":350},{\"@type\":\"BreadcrumbList\",\"@id\":\"https:\/\/www.1sante.com\/online\/le-ministre-de-la-sante-met-en-avant-les-progres-accomplis-par-lalgerie-dans-la-lutte-contre-la-resistance-aux-antimicrobiens\/#breadcrumb\",\"itemListElement\":[{\"@type\":\"ListItem\",\"position\":1,\"name\":\"Accueil\",\"item\":\"https:\/\/www.1sante.com\/online\/\"},{\"@type\":\"ListItem\",\"position\":2,\"name\":\"Le ministre de la Sant\u00e9 met en avant les progr\u00e8s accomplis par l&#8217;Alg\u00e9rie dans la lutte contre la r\u00e9sistance aux antimicrobiens\"}]},{\"@type\":\"WebSite\",\"@id\":\"https:\/\/www.1sante.com\/online\/#website\",\"url\":\"https:\/\/www.1sante.com\/online\/\",\"name\":\"1sant\u00e9\",\"description\":\"1er Annuaire m\u00e9dical en Alg\u00e9rie\",\"potentialAction\":[{\"@type\":\"SearchAction\",\"target\":{\"@type\":\"EntryPoint\",\"urlTemplate\":\"https:\/\/www.1sante.com\/online\/?s={search_term_string}\"},\"query-input\":{\"@type\":\"PropertyValueSpecification\",\"valueRequired\":true,\"valueName\":\"search_term_string\"}}],\"inLanguage\":\"fr-FR\"},{\"@type\":\"Person\",\"@id\":\"https:\/\/www.1sante.com\/online\/#\/schema\/person\/741bb9b09bae031795a6c95550c70430\",\"name\":\"Redaction\",\"image\":{\"@type\":\"ImageObject\",\"inLanguage\":\"fr-FR\",\"@id\":\"https:\/\/www.1sante.com\/online\/#\/schema\/person\/image\/\",\"url\":\"https:\/\/secure.gravatar.com\/avatar\/74e5374845b7e78d6d398935ac5541e37b1ce37aab2f3f4092fef4ac231ba2c4?s=96&d=mm&r=g\",\"contentUrl\":\"https:\/\/secure.gravatar.com\/avatar\/74e5374845b7e78d6d398935ac5541e37b1ce37aab2f3f4092fef4ac231ba2c4?s=96&d=mm&r=g\",\"caption\":\"Redaction\"},\"url\":\"https:\/\/www.1sante.com\/online\/author\/redaction\/\"}]}<\/script>\n<!-- \/ Yoast SEO plugin. -->","yoast_head_json":{"title":"1sant\u00e9 - Le ministre de la Sant\u00e9 met en avant les progr\u00e8s accomplis par l'Alg\u00e9rie dans la lutte contre la r\u00e9sistance aux antimicrobiens","description":"1sant\u00e9 - Le ministre de la Sant\u00e9 met en avant les progr\u00e8s accomplis par l'Alg\u00e9rie dans la lutte contre la r\u00e9sistance aux antimicrobiens","robots":{"index":"index","follow":"follow","max-snippet":"max-snippet:-1","max-image-preview":"max-image-preview:large","max-video-preview":"max-video-preview:-1"},"canonical":"https:\/\/www.1sante.com\/online\/le-ministre-de-la-sante-met-en-avant-les-progres-accomplis-par-lalgerie-dans-la-lutte-contre-la-resistance-aux-antimicrobiens\/","og_locale":"fr_FR","og_type":"article","og_title":"1sant\u00e9 - Le ministre de la Sant\u00e9 met en avant les progr\u00e8s accomplis par l'Alg\u00e9rie dans la lutte contre la r\u00e9sistance aux antimicrobiens","og_description":"1sant\u00e9 - Le ministre de la Sant\u00e9 met en avant les progr\u00e8s accomplis par l'Alg\u00e9rie dans la lutte contre la r\u00e9sistance aux antimicrobiens","og_url":"https:\/\/www.1sante.com\/online\/le-ministre-de-la-sante-met-en-avant-les-progres-accomplis-par-lalgerie-dans-la-lutte-contre-la-resistance-aux-antimicrobiens\/","og_site_name":"1sant\u00e9","article_publisher":"https:\/\/web.facebook.com\/annuairemedical1sante\/","article_published_time":"2024-11-24T05:35:46+00:00","article_modified_time":"2025-02-16T07:15:50+00:00","og_image":[{"width":580,"height":350,"url":"https:\/\/www.1sante.com\/online\/wp-content\/uploads\/2024\/11\/sante3333.jpg","type":"image\/jpeg"}],"author":"Redaction","twitter_card":"summary_large_image","twitter_misc":{"\u00c9crit par":"Redaction","Dur\u00e9e de lecture estim\u00e9e":"2 minutes"},"schema":{"@context":"https:\/\/schema.org","@graph":[{"@type":"Article","@id":"https:\/\/www.1sante.com\/online\/le-ministre-de-la-sante-met-en-avant-les-progres-accomplis-par-lalgerie-dans-la-lutte-contre-la-resistance-aux-antimicrobiens\/#article","isPartOf":{"@id":"https:\/\/www.1sante.com\/online\/le-ministre-de-la-sante-met-en-avant-les-progres-accomplis-par-lalgerie-dans-la-lutte-contre-la-resistance-aux-antimicrobiens\/"},"author":{"name":"Redaction","@id":"https:\/\/www.1sante.com\/online\/#\/schema\/person\/741bb9b09bae031795a6c95550c70430"},"headline":"Le ministre de la Sant\u00e9 met en avant les progr\u00e8s accomplis par l&#8217;Alg\u00e9rie dans la lutte contre la r\u00e9sistance aux antimicrobiens","datePublished":"2024-11-24T05:35:46+00:00","dateModified":"2025-02-16T07:15:50+00:00","mainEntityOfPage":{"@id":"https:\/\/www.1sante.com\/online\/le-ministre-de-la-sante-met-en-avant-les-progres-accomplis-par-lalgerie-dans-la-lutte-contre-la-resistance-aux-antimicrobiens\/"},"wordCount":329,"image":{"@id":"https:\/\/www.1sante.com\/online\/le-ministre-de-la-sante-met-en-avant-les-progres-accomplis-par-lalgerie-dans-la-lutte-contre-la-resistance-aux-antimicrobiens\/#primaryimage"},"thumbnailUrl":"https:\/\/www.1sante.com\/online\/wp-content\/uploads\/2024\/11\/sante3333.jpg","articleSection":["Actualit\u00e9"],"inLanguage":"fr-FR"},{"@type":"WebPage","@id":"https:\/\/www.1sante.com\/online\/le-ministre-de-la-sante-met-en-avant-les-progres-accomplis-par-lalgerie-dans-la-lutte-contre-la-resistance-aux-antimicrobiens\/","url":"https:\/\/www.1sante.com\/online\/le-ministre-de-la-sante-met-en-avant-les-progres-accomplis-par-lalgerie-dans-la-lutte-contre-la-resistance-aux-antimicrobiens\/","name":"1sant\u00e9 - Le ministre de la Sant\u00e9 met en avant les progr\u00e8s accomplis par l'Alg\u00e9rie dans la lutte contre la r\u00e9sistance aux antimicrobiens","isPartOf":{"@id":"https:\/\/www.1sante.com\/online\/#website"},"primaryImageOfPage":{"@id":"https:\/\/www.1sante.com\/online\/le-ministre-de-la-sante-met-en-avant-les-progres-accomplis-par-lalgerie-dans-la-lutte-contre-la-resistance-aux-antimicrobiens\/#primaryimage"},"image":{"@id":"https:\/\/www.1sante.com\/online\/le-ministre-de-la-sante-met-en-avant-les-progres-accomplis-par-lalgerie-dans-la-lutte-contre-la-resistance-aux-antimicrobiens\/#primaryimage"},"thumbnailUrl":"https:\/\/www.1sante.com\/online\/wp-content\/uploads\/2024\/11\/sante3333.jpg","datePublished":"2024-11-24T05:35:46+00:00","dateModified":"2025-02-16T07:15:50+00:00","author":{"@id":"https:\/\/www.1sante.com\/online\/#\/schema\/person\/741bb9b09bae031795a6c95550c70430"},"description":"1sant\u00e9 - Le ministre de la Sant\u00e9 met en avant les progr\u00e8s accomplis par l'Alg\u00e9rie dans la lutte contre la r\u00e9sistance aux antimicrobiens","breadcrumb":{"@id":"https:\/\/www.1sante.com\/online\/le-ministre-de-la-sante-met-en-avant-les-progres-accomplis-par-lalgerie-dans-la-lutte-contre-la-resistance-aux-antimicrobiens\/#breadcrumb"},"inLanguage":"fr-FR","potentialAction":[{"@type":"ReadAction","target":["https:\/\/www.1sante.com\/online\/le-ministre-de-la-sante-met-en-avant-les-progres-accomplis-par-lalgerie-dans-la-lutte-contre-la-resistance-aux-antimicrobiens\/"]}]},{"@type":"ImageObject","inLanguage":"fr-FR","@id":"https:\/\/www.1sante.com\/online\/le-ministre-de-la-sante-met-en-avant-les-progres-accomplis-par-lalgerie-dans-la-lutte-contre-la-resistance-aux-antimicrobiens\/#primaryimage","url":"https:\/\/www.1sante.com\/online\/wp-content\/uploads\/2024\/11\/sante3333.jpg","contentUrl":"https:\/\/www.1sante.com\/online\/wp-content\/uploads\/2024\/11\/sante3333.jpg","width":580,"height":350},{"@type":"BreadcrumbList","@id":"https:\/\/www.1sante.com\/online\/le-ministre-de-la-sante-met-en-avant-les-progres-accomplis-par-lalgerie-dans-la-lutte-contre-la-resistance-aux-antimicrobiens\/#breadcrumb","itemListElement":[{"@type":"ListItem","position":1,"name":"Accueil","item":"https:\/\/www.1sante.com\/online\/"},{"@type":"ListItem","position":2,"name":"Le ministre de la Sant\u00e9 met en avant les progr\u00e8s accomplis par l&#8217;Alg\u00e9rie dans la lutte contre la r\u00e9sistance aux antimicrobiens"}]},{"@type":"WebSite","@id":"https:\/\/www.1sante.com\/online\/#website","url":"https:\/\/www.1sante.com\/online\/","name":"1sant\u00e9","description":"1er Annuaire m\u00e9dical en Alg\u00e9rie","potentialAction":[{"@type":"SearchAction","target":{"@type":"EntryPoint","urlTemplate":"https:\/\/www.1sante.com\/online\/?s={search_term_string}"},"query-input":{"@type":"PropertyValueSpecification","valueRequired":true,"valueName":"search_term_string"}}],"inLanguage":"fr-FR"},{"@type":"Person","@id":"https:\/\/www.1sante.com\/online\/#\/schema\/person\/741bb9b09bae031795a6c95550c70430","name":"Redaction","image":{"@type":"ImageObject","inLanguage":"fr-FR","@id":"https:\/\/www.1sante.com\/online\/#\/schema\/person\/image\/","url":"https:\/\/secure.gravatar.com\/avatar\/74e5374845b7e78d6d398935ac5541e37b1ce37aab2f3f4092fef4ac231ba2c4?s=96&d=mm&r=g","contentUrl":"https:\/\/secure.gravatar.com\/avatar\/74e5374845b7e78d6d398935ac5541e37b1ce37aab2f3f4092fef4ac231ba2c4?s=96&d=mm&r=g","caption":"Redaction"},"url":"https:\/\/www.1sante.com\/online\/author\/redaction\/"}]}},"_links":{"self":[{"href":"https:\/\/www.1sante.com\/online\/wp-json\/wp\/v2\/posts\/20536","targetHints":{"allow":["GET"]}}],"collection":[{"href":"https:\/\/www.1sante.com\/online\/wp-json\/wp\/v2\/posts"}],"about":[{"href":"https:\/\/www.1sante.com\/online\/wp-json\/wp\/v2\/types\/post"}],"author":[{"embeddable":true,"href":"https:\/\/www.1sante.com\/online\/wp-json\/wp\/v2\/users\/9"}],"replies":[{"embeddable":true,"href":"https:\/\/www.1sante.com\/online\/wp-json\/wp\/v2\/comments?post=20536"}],"version-history":[{"count":1,"href":"https:\/\/www.1sante.com\/online\/wp-json\/wp\/v2\/posts\/20536\/revisions"}],"predecessor-version":[{"id":20538,"href":"https:\/\/www.1sante.com\/online\/wp-json\/wp\/v2\/posts\/20536\/revisions\/20538"}],"wp:featuredmedia":[{"embeddable":true,"href":"https:\/\/www.1sante.com\/online\/wp-json\/wp\/v2\/media\/20537"}],"wp:attachment":[{"href":"https:\/\/www.1sante.com\/online\/wp-json\/wp\/v2\/media?parent=20536"}],"wp:term":[{"taxonomy":"category","embeddable":true,"href":"https:\/\/www.1sante.com\/online\/wp-json\/wp\/v2\/categories?post=20536"},{"taxonomy":"post_tag","embeddable":true,"href":"https:\/\/www.1sante.com\/online\/wp-json\/wp\/v2\/tags?post=20536"}],"curies":[{"name":"wp","href":"https:\/\/api.w.org\/{rel}","templated":true}]}}