{"id":20468,"date":"2024-11-08T07:34:22","date_gmt":"2024-11-08T06:34:22","guid":{"rendered":"https:\/\/www.1sante.com\/?p=20468"},"modified":"2024-11-09T10:41:01","modified_gmt":"2024-11-09T09:41:01","slug":"les-personnels-de-la-sante-beneficieront-dun-statut-particulier-avantageux","status":"publish","type":"post","link":"https:\/\/www.1sante.com\/online\/les-personnels-de-la-sante-beneficieront-dun-statut-particulier-avantageux\/","title":{"rendered":"Les personnels de la sant\u00e9 b\u00e9n\u00e9ficieront d&#8217;un statut particulier avantageux"},"content":{"rendered":"<p>Le ministre de la Sant\u00e9, Abdelhak Saihi, a indiqu\u00e9, jeudi \u00e0 Alger, que le statut particulier des personnels de la sant\u00e9 comportera des mesures avantageuses, notamment en ce qui concerne la valorisation de la carri\u00e8re professionnelle des personnels du secteur.<\/p>\n<p>Lors d&#8217;une s\u00e9ance pl\u00e9ni\u00e8re \u00e0 l&#8217;Assembl\u00e9e populaire nationale (APN) consacr\u00e9e aux questions orales, M. Saihi a pr\u00e9cis\u00e9 que &#8220;les personnels du secteur de la sant\u00e9 b\u00e9n\u00e9ficieront d&#8217;un statut particulier pr\u00e9voyant des mesures avantageuses qui permettront la valorisation de leurs carri\u00e8res professionnelles&#8221;.<\/p>\n<p>&#8220;Nous t\u00e2cherons d&#8217;augmenter le nombre de m\u00e9decins sp\u00e9cialistes, notamment les radiologues, les r\u00e9animateurs et les gyn\u00e9cologues&#8221;, a dit le ministre, assurant qu'&#8221;ils b\u00e9n\u00e9ficieront d&#8217;avantages et d&#8217;incitations dans le cadre du nouveau statut particulier du secteur&#8221;.<\/p>\n<p>A des questions concernant la r\u00e9alisation de structures de sant\u00e9 dans certaines communes de M&#8217;Sila, Mostaganem et T\u00e9bessa, M. Saihi a rappel\u00e9 les efforts consentis par l&#8217;Etat dans ce sens, notamment \u00e0 travers la r\u00e9alisation d&#8217;h\u00f4pitaux et de cliniques sp\u00e9cialis\u00e9es.<\/p>\n<p>Il a \u00e9galement \u00e9voqu\u00e9 l&#8217;inscription de nouveaux projets, en plus des projets actuellement \u00e0 un stade avanc\u00e9 de r\u00e9alisation.<\/p>\n<p>Source : https:\/\/www.aps.dz\/<\/p>\n","protected":false},"excerpt":{"rendered":"<p>Le ministre de la Sant\u00e9, Abdelhak Saihi, a indiqu\u00e9, jeudi \u00e0 Alger, que le statut particulier des personnels de la sant\u00e9 comportera des mesures avantageuses, notamment en ce qui concerne la valorisation de la carri\u00e8re professionnelle des personnels du secteur. Lors d&#8217;une s\u00e9ance pl\u00e9ni\u00e8re \u00e0 l&#8217;Assembl\u00e9e populaire nationale (APN) consacr\u00e9e aux questions orales, M. Saihi &hellip;<\/p>\n","protected":false},"author":9,"featured_media":20469,"comment_status":"closed","ping_status":"closed","sticky":false,"template":"","format":"standard","meta":{"footnotes":""},"categories":[1],"tags":[],"class_list":["post-20468","post","type-post","status-publish","format-standard","has-post-thumbnail","hentry","category-actualite"],"yoast_head":"<!-- This site is optimized with the Yoast SEO plugin v27.0 - https:\/\/yoast.com\/product\/yoast-seo-wordpress\/ -->\n<title>1sant\u00e9 - Les personnels de la sant\u00e9 b\u00e9n\u00e9ficieront d&#039;un statut particulier avantageux<\/title>\n<meta name=\"description\" content=\"1sant\u00e9 - Les personnels de la sant\u00e9 b\u00e9n\u00e9ficieront d&#039;un statut particulier avantageux\" \/>\n<meta name=\"robots\" content=\"index, follow, max-snippet:-1, max-image-preview:large, max-video-preview:-1\" \/>\n<link rel=\"canonical\" href=\"https:\/\/www.1sante.com\/online\/les-personnels-de-la-sante-beneficieront-dun-statut-particulier-avantageux\/\" \/>\n<meta property=\"og:locale\" content=\"fr_FR\" \/>\n<meta property=\"og:type\" content=\"article\" \/>\n<meta property=\"og:title\" content=\"1sant\u00e9 - Les personnels de la sant\u00e9 b\u00e9n\u00e9ficieront d&#039;un statut particulier avantageux\" \/>\n<meta property=\"og:description\" content=\"1sant\u00e9 - Les personnels de la sant\u00e9 b\u00e9n\u00e9ficieront d&#039;un statut particulier avantageux\" \/>\n<meta property=\"og:url\" content=\"https:\/\/www.1sante.com\/online\/les-personnels-de-la-sante-beneficieront-dun-statut-particulier-avantageux\/\" \/>\n<meta property=\"og:site_name\" content=\"1sant\u00e9\" \/>\n<meta property=\"article:publisher\" content=\"https:\/\/web.facebook.com\/annuairemedical1sante\/\" \/>\n<meta property=\"article:published_time\" content=\"2024-11-08T06:34:22+00:00\" \/>\n<meta property=\"article:modified_time\" content=\"2024-11-09T09:41:01+00:00\" \/>\n<meta property=\"og:image\" content=\"https:\/\/www.1sante.com\/online\/wp-content\/uploads\/2024\/11\/sante.jpg\" \/>\n\t<meta property=\"og:image:width\" content=\"580\" \/>\n\t<meta property=\"og:image:height\" content=\"350\" \/>\n\t<meta property=\"og:image:type\" content=\"image\/jpeg\" \/>\n<meta name=\"author\" content=\"Redaction\" \/>\n<meta name=\"twitter:card\" content=\"summary_large_image\" \/>\n<meta name=\"twitter:label1\" content=\"\u00c9crit par\" \/>\n\t<meta name=\"twitter:data1\" content=\"Redaction\" \/>\n\t<meta name=\"twitter:label2\" content=\"Dur\u00e9e de lecture estim\u00e9e\" \/>\n\t<meta name=\"twitter:data2\" content=\"1 minute\" \/>\n<script type=\"application\/ld+json\" class=\"yoast-schema-graph\">{\"@context\":\"https:\/\/schema.org\",\"@graph\":[{\"@type\":\"Article\",\"@id\":\"https:\/\/www.1sante.com\/online\/les-personnels-de-la-sante-beneficieront-dun-statut-particulier-avantageux\/#article\",\"isPartOf\":{\"@id\":\"https:\/\/www.1sante.com\/online\/les-personnels-de-la-sante-beneficieront-dun-statut-particulier-avantageux\/\"},\"author\":{\"name\":\"Redaction\",\"@id\":\"https:\/\/www.1sante.com\/online\/#\/schema\/person\/741bb9b09bae031795a6c95550c70430\"},\"headline\":\"Les personnels de la sant\u00e9 b\u00e9n\u00e9ficieront d&#8217;un statut particulier avantageux\",\"datePublished\":\"2024-11-08T06:34:22+00:00\",\"dateModified\":\"2024-11-09T09:41:01+00:00\",\"mainEntityOfPage\":{\"@id\":\"https:\/\/www.1sante.com\/online\/les-personnels-de-la-sante-beneficieront-dun-statut-particulier-avantageux\/\"},\"wordCount\":214,\"image\":{\"@id\":\"https:\/\/www.1sante.com\/online\/les-personnels-de-la-sante-beneficieront-dun-statut-particulier-avantageux\/#primaryimage\"},\"thumbnailUrl\":\"https:\/\/www.1sante.com\/online\/wp-content\/uploads\/2024\/11\/sante.jpg\",\"articleSection\":[\"Actualit\u00e9\"],\"inLanguage\":\"fr-FR\"},{\"@type\":\"WebPage\",\"@id\":\"https:\/\/www.1sante.com\/online\/les-personnels-de-la-sante-beneficieront-dun-statut-particulier-avantageux\/\",\"url\":\"https:\/\/www.1sante.com\/online\/les-personnels-de-la-sante-beneficieront-dun-statut-particulier-avantageux\/\",\"name\":\"1sant\u00e9 - Les personnels de la sant\u00e9 b\u00e9n\u00e9ficieront d'un statut particulier avantageux\",\"isPartOf\":{\"@id\":\"https:\/\/www.1sante.com\/online\/#website\"},\"primaryImageOfPage\":{\"@id\":\"https:\/\/www.1sante.com\/online\/les-personnels-de-la-sante-beneficieront-dun-statut-particulier-avantageux\/#primaryimage\"},\"image\":{\"@id\":\"https:\/\/www.1sante.com\/online\/les-personnels-de-la-sante-beneficieront-dun-statut-particulier-avantageux\/#primaryimage\"},\"thumbnailUrl\":\"https:\/\/www.1sante.com\/online\/wp-content\/uploads\/2024\/11\/sante.jpg\",\"datePublished\":\"2024-11-08T06:34:22+00:00\",\"dateModified\":\"2024-11-09T09:41:01+00:00\",\"author\":{\"@id\":\"https:\/\/www.1sante.com\/online\/#\/schema\/person\/741bb9b09bae031795a6c95550c70430\"},\"description\":\"1sant\u00e9 - Les personnels de la sant\u00e9 b\u00e9n\u00e9ficieront d'un statut particulier avantageux\",\"breadcrumb\":{\"@id\":\"https:\/\/www.1sante.com\/online\/les-personnels-de-la-sante-beneficieront-dun-statut-particulier-avantageux\/#breadcrumb\"},\"inLanguage\":\"fr-FR\",\"potentialAction\":[{\"@type\":\"ReadAction\",\"target\":[\"https:\/\/www.1sante.com\/online\/les-personnels-de-la-sante-beneficieront-dun-statut-particulier-avantageux\/\"]}]},{\"@type\":\"ImageObject\",\"inLanguage\":\"fr-FR\",\"@id\":\"https:\/\/www.1sante.com\/online\/les-personnels-de-la-sante-beneficieront-dun-statut-particulier-avantageux\/#primaryimage\",\"url\":\"https:\/\/www.1sante.com\/online\/wp-content\/uploads\/2024\/11\/sante.jpg\",\"contentUrl\":\"https:\/\/www.1sante.com\/online\/wp-content\/uploads\/2024\/11\/sante.jpg\",\"width\":580,\"height\":350},{\"@type\":\"BreadcrumbList\",\"@id\":\"https:\/\/www.1sante.com\/online\/les-personnels-de-la-sante-beneficieront-dun-statut-particulier-avantageux\/#breadcrumb\",\"itemListElement\":[{\"@type\":\"ListItem\",\"position\":1,\"name\":\"Accueil\",\"item\":\"https:\/\/www.1sante.com\/online\/\"},{\"@type\":\"ListItem\",\"position\":2,\"name\":\"Les personnels de la sant\u00e9 b\u00e9n\u00e9ficieront d&#8217;un statut particulier avantageux\"}]},{\"@type\":\"WebSite\",\"@id\":\"https:\/\/www.1sante.com\/online\/#website\",\"url\":\"https:\/\/www.1sante.com\/online\/\",\"name\":\"1sant\u00e9\",\"description\":\"1er Annuaire m\u00e9dical en Alg\u00e9rie\",\"potentialAction\":[{\"@type\":\"SearchAction\",\"target\":{\"@type\":\"EntryPoint\",\"urlTemplate\":\"https:\/\/www.1sante.com\/online\/?s={search_term_string}\"},\"query-input\":{\"@type\":\"PropertyValueSpecification\",\"valueRequired\":true,\"valueName\":\"search_term_string\"}}],\"inLanguage\":\"fr-FR\"},{\"@type\":\"Person\",\"@id\":\"https:\/\/www.1sante.com\/online\/#\/schema\/person\/741bb9b09bae031795a6c95550c70430\",\"name\":\"Redaction\",\"image\":{\"@type\":\"ImageObject\",\"inLanguage\":\"fr-FR\",\"@id\":\"https:\/\/www.1sante.com\/online\/#\/schema\/person\/image\/\",\"url\":\"https:\/\/secure.gravatar.com\/avatar\/74e5374845b7e78d6d398935ac5541e37b1ce37aab2f3f4092fef4ac231ba2c4?s=96&d=mm&r=g\",\"contentUrl\":\"https:\/\/secure.gravatar.com\/avatar\/74e5374845b7e78d6d398935ac5541e37b1ce37aab2f3f4092fef4ac231ba2c4?s=96&d=mm&r=g\",\"caption\":\"Redaction\"},\"url\":\"https:\/\/www.1sante.com\/online\/author\/redaction\/\"}]}<\/script>\n<!-- \/ Yoast SEO plugin. -->","yoast_head_json":{"title":"1sant\u00e9 - Les personnels de la sant\u00e9 b\u00e9n\u00e9ficieront d'un statut particulier avantageux","description":"1sant\u00e9 - Les personnels de la sant\u00e9 b\u00e9n\u00e9ficieront d'un statut particulier avantageux","robots":{"index":"index","follow":"follow","max-snippet":"max-snippet:-1","max-image-preview":"max-image-preview:large","max-video-preview":"max-video-preview:-1"},"canonical":"https:\/\/www.1sante.com\/online\/les-personnels-de-la-sante-beneficieront-dun-statut-particulier-avantageux\/","og_locale":"fr_FR","og_type":"article","og_title":"1sant\u00e9 - Les personnels de la sant\u00e9 b\u00e9n\u00e9ficieront d'un statut particulier avantageux","og_description":"1sant\u00e9 - Les personnels de la sant\u00e9 b\u00e9n\u00e9ficieront d'un statut particulier avantageux","og_url":"https:\/\/www.1sante.com\/online\/les-personnels-de-la-sante-beneficieront-dun-statut-particulier-avantageux\/","og_site_name":"1sant\u00e9","article_publisher":"https:\/\/web.facebook.com\/annuairemedical1sante\/","article_published_time":"2024-11-08T06:34:22+00:00","article_modified_time":"2024-11-09T09:41:01+00:00","og_image":[{"width":580,"height":350,"url":"https:\/\/www.1sante.com\/online\/wp-content\/uploads\/2024\/11\/sante.jpg","type":"image\/jpeg"}],"author":"Redaction","twitter_card":"summary_large_image","twitter_misc":{"\u00c9crit par":"Redaction","Dur\u00e9e de lecture estim\u00e9e":"1 minute"},"schema":{"@context":"https:\/\/schema.org","@graph":[{"@type":"Article","@id":"https:\/\/www.1sante.com\/online\/les-personnels-de-la-sante-beneficieront-dun-statut-particulier-avantageux\/#article","isPartOf":{"@id":"https:\/\/www.1sante.com\/online\/les-personnels-de-la-sante-beneficieront-dun-statut-particulier-avantageux\/"},"author":{"name":"Redaction","@id":"https:\/\/www.1sante.com\/online\/#\/schema\/person\/741bb9b09bae031795a6c95550c70430"},"headline":"Les personnels de la sant\u00e9 b\u00e9n\u00e9ficieront d&#8217;un statut particulier avantageux","datePublished":"2024-11-08T06:34:22+00:00","dateModified":"2024-11-09T09:41:01+00:00","mainEntityOfPage":{"@id":"https:\/\/www.1sante.com\/online\/les-personnels-de-la-sante-beneficieront-dun-statut-particulier-avantageux\/"},"wordCount":214,"image":{"@id":"https:\/\/www.1sante.com\/online\/les-personnels-de-la-sante-beneficieront-dun-statut-particulier-avantageux\/#primaryimage"},"thumbnailUrl":"https:\/\/www.1sante.com\/online\/wp-content\/uploads\/2024\/11\/sante.jpg","articleSection":["Actualit\u00e9"],"inLanguage":"fr-FR"},{"@type":"WebPage","@id":"https:\/\/www.1sante.com\/online\/les-personnels-de-la-sante-beneficieront-dun-statut-particulier-avantageux\/","url":"https:\/\/www.1sante.com\/online\/les-personnels-de-la-sante-beneficieront-dun-statut-particulier-avantageux\/","name":"1sant\u00e9 - Les personnels de la sant\u00e9 b\u00e9n\u00e9ficieront d'un statut particulier avantageux","isPartOf":{"@id":"https:\/\/www.1sante.com\/online\/#website"},"primaryImageOfPage":{"@id":"https:\/\/www.1sante.com\/online\/les-personnels-de-la-sante-beneficieront-dun-statut-particulier-avantageux\/#primaryimage"},"image":{"@id":"https:\/\/www.1sante.com\/online\/les-personnels-de-la-sante-beneficieront-dun-statut-particulier-avantageux\/#primaryimage"},"thumbnailUrl":"https:\/\/www.1sante.com\/online\/wp-content\/uploads\/2024\/11\/sante.jpg","datePublished":"2024-11-08T06:34:22+00:00","dateModified":"2024-11-09T09:41:01+00:00","author":{"@id":"https:\/\/www.1sante.com\/online\/#\/schema\/person\/741bb9b09bae031795a6c95550c70430"},"description":"1sant\u00e9 - Les personnels de la sant\u00e9 b\u00e9n\u00e9ficieront d'un statut particulier avantageux","breadcrumb":{"@id":"https:\/\/www.1sante.com\/online\/les-personnels-de-la-sante-beneficieront-dun-statut-particulier-avantageux\/#breadcrumb"},"inLanguage":"fr-FR","potentialAction":[{"@type":"ReadAction","target":["https:\/\/www.1sante.com\/online\/les-personnels-de-la-sante-beneficieront-dun-statut-particulier-avantageux\/"]}]},{"@type":"ImageObject","inLanguage":"fr-FR","@id":"https:\/\/www.1sante.com\/online\/les-personnels-de-la-sante-beneficieront-dun-statut-particulier-avantageux\/#primaryimage","url":"https:\/\/www.1sante.com\/online\/wp-content\/uploads\/2024\/11\/sante.jpg","contentUrl":"https:\/\/www.1sante.com\/online\/wp-content\/uploads\/2024\/11\/sante.jpg","width":580,"height":350},{"@type":"BreadcrumbList","@id":"https:\/\/www.1sante.com\/online\/les-personnels-de-la-sante-beneficieront-dun-statut-particulier-avantageux\/#breadcrumb","itemListElement":[{"@type":"ListItem","position":1,"name":"Accueil","item":"https:\/\/www.1sante.com\/online\/"},{"@type":"ListItem","position":2,"name":"Les personnels de la sant\u00e9 b\u00e9n\u00e9ficieront d&#8217;un statut particulier avantageux"}]},{"@type":"WebSite","@id":"https:\/\/www.1sante.com\/online\/#website","url":"https:\/\/www.1sante.com\/online\/","name":"1sant\u00e9","description":"1er Annuaire m\u00e9dical en Alg\u00e9rie","potentialAction":[{"@type":"SearchAction","target":{"@type":"EntryPoint","urlTemplate":"https:\/\/www.1sante.com\/online\/?s={search_term_string}"},"query-input":{"@type":"PropertyValueSpecification","valueRequired":true,"valueName":"search_term_string"}}],"inLanguage":"fr-FR"},{"@type":"Person","@id":"https:\/\/www.1sante.com\/online\/#\/schema\/person\/741bb9b09bae031795a6c95550c70430","name":"Redaction","image":{"@type":"ImageObject","inLanguage":"fr-FR","@id":"https:\/\/www.1sante.com\/online\/#\/schema\/person\/image\/","url":"https:\/\/secure.gravatar.com\/avatar\/74e5374845b7e78d6d398935ac5541e37b1ce37aab2f3f4092fef4ac231ba2c4?s=96&d=mm&r=g","contentUrl":"https:\/\/secure.gravatar.com\/avatar\/74e5374845b7e78d6d398935ac5541e37b1ce37aab2f3f4092fef4ac231ba2c4?s=96&d=mm&r=g","caption":"Redaction"},"url":"https:\/\/www.1sante.com\/online\/author\/redaction\/"}]}},"_links":{"self":[{"href":"https:\/\/www.1sante.com\/online\/wp-json\/wp\/v2\/posts\/20468","targetHints":{"allow":["GET"]}}],"collection":[{"href":"https:\/\/www.1sante.com\/online\/wp-json\/wp\/v2\/posts"}],"about":[{"href":"https:\/\/www.1sante.com\/online\/wp-json\/wp\/v2\/types\/post"}],"author":[{"embeddable":true,"href":"https:\/\/www.1sante.com\/online\/wp-json\/wp\/v2\/users\/9"}],"replies":[{"embeddable":true,"href":"https:\/\/www.1sante.com\/online\/wp-json\/wp\/v2\/comments?post=20468"}],"version-history":[{"count":1,"href":"https:\/\/www.1sante.com\/online\/wp-json\/wp\/v2\/posts\/20468\/revisions"}],"predecessor-version":[{"id":20470,"href":"https:\/\/www.1sante.com\/online\/wp-json\/wp\/v2\/posts\/20468\/revisions\/20470"}],"wp:featuredmedia":[{"embeddable":true,"href":"https:\/\/www.1sante.com\/online\/wp-json\/wp\/v2\/media\/20469"}],"wp:attachment":[{"href":"https:\/\/www.1sante.com\/online\/wp-json\/wp\/v2\/media?parent=20468"}],"wp:term":[{"taxonomy":"category","embeddable":true,"href":"https:\/\/www.1sante.com\/online\/wp-json\/wp\/v2\/categories?post=20468"},{"taxonomy":"post_tag","embeddable":true,"href":"https:\/\/www.1sante.com\/online\/wp-json\/wp\/v2\/tags?post=20468"}],"curies":[{"name":"wp","href":"https:\/\/api.w.org\/{rel}","templated":true}]}}