{"id":18087,"date":"2024-01-03T10:13:05","date_gmt":"2024-01-03T09:13:05","guid":{"rendered":"https:\/\/www.1sante.com\/?p=18087"},"modified":"2024-05-10T18:49:09","modified_gmt":"2024-05-10T17:49:09","slug":"industrie-aoun-appelle-les-cadres-du-ministere-au-renforcement-de-la-production-locale-en-2024","status":"publish","type":"post","link":"https:\/\/www.1sante.com\/online\/industrie-aoun-appelle-les-cadres-du-ministere-au-renforcement-de-la-production-locale-en-2024\/","title":{"rendered":"Industrie: Aoun appelle les cadres du minist\u00e8re au renforcement de la production locale en 2024"},"content":{"rendered":"<div id=\"k2Container\" class=\"itemView itemIsFeatured\">\n<div class=\"itemBody\">\n<div class=\"itemIntroText col-xs-hidden \">\n<p><strong>ALGER &#8211; Le ministre de l&#8217;Industrie et de la Production pharmaceutique, Ali Aoun, a appel\u00e9 mardi \u00e0 Alger, les cadres de son minist\u00e8re \u00e0 renforcer et \u00e0 diversifier la production locale en 2024, d&#8217;autant que l&#8217;Alg\u00e9rie dispose de tous les atouts lui permettant de devenir un p\u00f4le \u00e9conomique industriel par excellence, indique un communiqu\u00e9 du minist\u00e8re.<\/strong><\/p>\n<\/div>\n<div class=\"itemFullText\">\n<p>M. Aoun a donn\u00e9 ces orientations lors d&#8217;une r\u00e9union qu&#8217;il a tenue avec les directeurs centraux et les cadres du minist\u00e8re pour leur adresser ses v\u0153ux \u00e0 l&#8217;occasion de la nouvelle ann\u00e9e. La r\u00e9union a \u00e9t\u00e9 \u00e9galement consacr\u00e9e \u00e0 la d\u00e9finition de la strat\u00e9gie et des objectifs du minist\u00e8re de l&#8217;Industrie et de la Production pharmaceutique pour l&#8217;ann\u00e9e en cours.<\/p>\n<blockquote><p><em><strong>A cette occasion, le ministre a affirm\u00e9 que le secteur de l&#8217;industrie, en 2023, \u00e9tait &#8220;riche en r\u00e9alisations&#8221;. Cependant, poursuit-il, &#8220;plusieurs orientations doivent \u00eatre suivies en 2024 conform\u00e9ment aux instructions du pr\u00e9sident de la R\u00e9publique, M. Abdelmadjid Tebboune&#8221;.<\/strong><\/em><\/p><\/blockquote>\n<p>A ce propos, M. Aoun a estim\u00e9 qu&#8217;il n&#8217;\u00e9tait pas facile d&#8217;\u00e9riger l&#8217;industrie en un secteur pionnier dans plusieurs domaines sans identifier les probl\u00e8mes majeurs auxquels est confront\u00e9 le secteur dans le souci d&#8217;y rem\u00e9dier.<\/p>\n<p>A cet effet, le ministre a instruit les cadres notamment pour &#8220;renforcer toutes les fili\u00e8res \u00e0 valeur ajout\u00e9e g\u00e9n\u00e9r\u00e9e par les op\u00e9rations de production et les industries manufacturi\u00e8res&#8221;.<\/p>\n<blockquote><p><em><strong>Le ministre a \u00e9galement appel\u00e9 \u00e0 l&#8217;intensification des r\u00e9unions avec les directeurs et les cadres et au renforcement des fili\u00e8res industrielles en mettant en place des m\u00e9canismes sp\u00e9ciaux au niveau du minist\u00e8re.<\/strong><\/em><\/p><\/blockquote>\n<p>Concernant le secteur de la Production pharmaceutique, M. Aoun a soulign\u00e9 la n\u00e9cessit\u00e9 &#8220;d&#8217;intensifier la surveillance et les op\u00e9rations d&#8217;inspection au niveau de toutes les filiales&#8221;.<\/p>\n<p>Le ministre a \u00e9galement appel\u00e9 tout un chacun \u00e0 redoubler d&#8217;efforts dans le but d&#8217;atteindre l&#8217;objectif escompt\u00e9 consistant en la contribution du secteur de l&#8217;industrie \u00e0 la relance \u00e9conomique, dont les contours ont \u00e9t\u00e9 trac\u00e9s durant l&#8217;ann\u00e9e \u00e9coul\u00e9e, outre le renforcement et la diversification de la production locale dans tous les domaines afin de couvrir le march\u00e9 national et d&#8217;aller de l&#8217;avant vers l&#8217;importation pour la diversification des importations hors hydrocarbures, d&#8217;autant que l&#8217;Alg\u00e9rie dispose de tous les atouts lui permettant de devenir un p\u00f4le \u00e9conomique industriel par excellence&#8221;, conclut le communiqu\u00e9.<\/p>\n<\/div>\n<\/div>\n<\/div>\n<div class=\"navbar-collapse-article-fixed-top affix\" data-spy=\"affix\" data-offset-top=\"500\">\n<div><strong>Source https:\/\/www.aps.dz<\/strong><\/div>\n<\/div>\n","protected":false},"excerpt":{"rendered":"<p>ALGER &#8211; Le ministre de l&#8217;Industrie et de la Production pharmaceutique, Ali Aoun, a appel\u00e9 mardi \u00e0 Alger, les cadres de son minist\u00e8re \u00e0 renforcer et \u00e0 diversifier la production locale en 2024, d&#8217;autant que l&#8217;Alg\u00e9rie dispose de tous les atouts lui permettant de devenir un p\u00f4le \u00e9conomique industriel par excellence, indique un communiqu\u00e9 du &hellip;<\/p>\n","protected":false},"author":9,"featured_media":18088,"comment_status":"closed","ping_status":"closed","sticky":false,"template":"","format":"standard","meta":{"footnotes":""},"categories":[1],"tags":[],"class_list":["post-18087","post","type-post","status-publish","format-standard","has-post-thumbnail","hentry","category-actualite"],"yoast_head":"<!-- This site is optimized with the Yoast SEO plugin v27.0 - https:\/\/yoast.com\/product\/yoast-seo-wordpress\/ -->\n<title>1sant\u00e9 - Industrie: Aoun appelle les cadres du minist\u00e8re au renforcement de la production locale en 2024<\/title>\n<meta name=\"description\" content=\"1sant\u00e9 - Industrie: Aoun appelle les cadres du minist\u00e8re au renforcement de la production locale en 2024\" \/>\n<meta name=\"robots\" content=\"index, follow, max-snippet:-1, max-image-preview:large, max-video-preview:-1\" \/>\n<link rel=\"canonical\" href=\"https:\/\/www.1sante.com\/online\/industrie-aoun-appelle-les-cadres-du-ministere-au-renforcement-de-la-production-locale-en-2024\/\" \/>\n<meta property=\"og:locale\" content=\"fr_FR\" \/>\n<meta property=\"og:type\" content=\"article\" \/>\n<meta property=\"og:title\" content=\"1sant\u00e9 - Industrie: Aoun appelle les cadres du minist\u00e8re au renforcement de la production locale en 2024\" \/>\n<meta property=\"og:description\" content=\"1sant\u00e9 - Industrie: Aoun appelle les cadres du minist\u00e8re au renforcement de la production locale en 2024\" \/>\n<meta property=\"og:url\" content=\"https:\/\/www.1sante.com\/online\/industrie-aoun-appelle-les-cadres-du-ministere-au-renforcement-de-la-production-locale-en-2024\/\" \/>\n<meta property=\"og:site_name\" content=\"1sant\u00e9\" \/>\n<meta property=\"article:publisher\" content=\"https:\/\/web.facebook.com\/annuairemedical1sante\/\" \/>\n<meta property=\"article:published_time\" content=\"2024-01-03T09:13:05+00:00\" \/>\n<meta property=\"article:modified_time\" content=\"2024-05-10T17:49:09+00:00\" \/>\n<meta property=\"og:image\" content=\"https:\/\/www.1sante.com\/online\/wp-content\/uploads\/2024\/01\/1sante.com_03012024.jpg\" \/>\n\t<meta property=\"og:image:width\" content=\"580\" \/>\n\t<meta property=\"og:image:height\" content=\"350\" \/>\n\t<meta property=\"og:image:type\" content=\"image\/jpeg\" \/>\n<meta name=\"author\" content=\"Redaction\" \/>\n<meta name=\"twitter:card\" content=\"summary_large_image\" \/>\n<meta name=\"twitter:label1\" content=\"\u00c9crit par\" \/>\n\t<meta name=\"twitter:data1\" content=\"Redaction\" \/>\n\t<meta name=\"twitter:label2\" content=\"Dur\u00e9e de lecture estim\u00e9e\" \/>\n\t<meta name=\"twitter:data2\" content=\"2 minutes\" \/>\n<script type=\"application\/ld+json\" class=\"yoast-schema-graph\">{\"@context\":\"https:\/\/schema.org\",\"@graph\":[{\"@type\":\"Article\",\"@id\":\"https:\/\/www.1sante.com\/online\/industrie-aoun-appelle-les-cadres-du-ministere-au-renforcement-de-la-production-locale-en-2024\/#article\",\"isPartOf\":{\"@id\":\"https:\/\/www.1sante.com\/online\/industrie-aoun-appelle-les-cadres-du-ministere-au-renforcement-de-la-production-locale-en-2024\/\"},\"author\":{\"name\":\"Redaction\",\"@id\":\"https:\/\/www.1sante.com\/online\/#\/schema\/person\/741bb9b09bae031795a6c95550c70430\"},\"headline\":\"Industrie: Aoun appelle les cadres du minist\u00e8re au renforcement de la production locale en 2024\",\"datePublished\":\"2024-01-03T09:13:05+00:00\",\"dateModified\":\"2024-05-10T17:49:09+00:00\",\"mainEntityOfPage\":{\"@id\":\"https:\/\/www.1sante.com\/online\/industrie-aoun-appelle-les-cadres-du-ministere-au-renforcement-de-la-production-locale-en-2024\/\"},\"wordCount\":416,\"image\":{\"@id\":\"https:\/\/www.1sante.com\/online\/industrie-aoun-appelle-les-cadres-du-ministere-au-renforcement-de-la-production-locale-en-2024\/#primaryimage\"},\"thumbnailUrl\":\"https:\/\/www.1sante.com\/online\/wp-content\/uploads\/2024\/01\/1sante.com_03012024.jpg\",\"articleSection\":[\"Actualit\u00e9\"],\"inLanguage\":\"fr-FR\"},{\"@type\":\"WebPage\",\"@id\":\"https:\/\/www.1sante.com\/online\/industrie-aoun-appelle-les-cadres-du-ministere-au-renforcement-de-la-production-locale-en-2024\/\",\"url\":\"https:\/\/www.1sante.com\/online\/industrie-aoun-appelle-les-cadres-du-ministere-au-renforcement-de-la-production-locale-en-2024\/\",\"name\":\"1sant\u00e9 - Industrie: Aoun appelle les cadres du minist\u00e8re au renforcement de la production locale en 2024\",\"isPartOf\":{\"@id\":\"https:\/\/www.1sante.com\/online\/#website\"},\"primaryImageOfPage\":{\"@id\":\"https:\/\/www.1sante.com\/online\/industrie-aoun-appelle-les-cadres-du-ministere-au-renforcement-de-la-production-locale-en-2024\/#primaryimage\"},\"image\":{\"@id\":\"https:\/\/www.1sante.com\/online\/industrie-aoun-appelle-les-cadres-du-ministere-au-renforcement-de-la-production-locale-en-2024\/#primaryimage\"},\"thumbnailUrl\":\"https:\/\/www.1sante.com\/online\/wp-content\/uploads\/2024\/01\/1sante.com_03012024.jpg\",\"datePublished\":\"2024-01-03T09:13:05+00:00\",\"dateModified\":\"2024-05-10T17:49:09+00:00\",\"author\":{\"@id\":\"https:\/\/www.1sante.com\/online\/#\/schema\/person\/741bb9b09bae031795a6c95550c70430\"},\"description\":\"1sant\u00e9 - Industrie: Aoun appelle les cadres du minist\u00e8re au renforcement de la production locale en 2024\",\"breadcrumb\":{\"@id\":\"https:\/\/www.1sante.com\/online\/industrie-aoun-appelle-les-cadres-du-ministere-au-renforcement-de-la-production-locale-en-2024\/#breadcrumb\"},\"inLanguage\":\"fr-FR\",\"potentialAction\":[{\"@type\":\"ReadAction\",\"target\":[\"https:\/\/www.1sante.com\/online\/industrie-aoun-appelle-les-cadres-du-ministere-au-renforcement-de-la-production-locale-en-2024\/\"]}]},{\"@type\":\"ImageObject\",\"inLanguage\":\"fr-FR\",\"@id\":\"https:\/\/www.1sante.com\/online\/industrie-aoun-appelle-les-cadres-du-ministere-au-renforcement-de-la-production-locale-en-2024\/#primaryimage\",\"url\":\"https:\/\/www.1sante.com\/online\/wp-content\/uploads\/2024\/01\/1sante.com_03012024.jpg\",\"contentUrl\":\"https:\/\/www.1sante.com\/online\/wp-content\/uploads\/2024\/01\/1sante.com_03012024.jpg\",\"width\":580,\"height\":350},{\"@type\":\"BreadcrumbList\",\"@id\":\"https:\/\/www.1sante.com\/online\/industrie-aoun-appelle-les-cadres-du-ministere-au-renforcement-de-la-production-locale-en-2024\/#breadcrumb\",\"itemListElement\":[{\"@type\":\"ListItem\",\"position\":1,\"name\":\"Accueil\",\"item\":\"https:\/\/www.1sante.com\/online\/\"},{\"@type\":\"ListItem\",\"position\":2,\"name\":\"Industrie: Aoun appelle les cadres du minist\u00e8re au renforcement de la production locale en 2024\"}]},{\"@type\":\"WebSite\",\"@id\":\"https:\/\/www.1sante.com\/online\/#website\",\"url\":\"https:\/\/www.1sante.com\/online\/\",\"name\":\"1sant\u00e9\",\"description\":\"1er Annuaire m\u00e9dical en Alg\u00e9rie\",\"potentialAction\":[{\"@type\":\"SearchAction\",\"target\":{\"@type\":\"EntryPoint\",\"urlTemplate\":\"https:\/\/www.1sante.com\/online\/?s={search_term_string}\"},\"query-input\":{\"@type\":\"PropertyValueSpecification\",\"valueRequired\":true,\"valueName\":\"search_term_string\"}}],\"inLanguage\":\"fr-FR\"},{\"@type\":\"Person\",\"@id\":\"https:\/\/www.1sante.com\/online\/#\/schema\/person\/741bb9b09bae031795a6c95550c70430\",\"name\":\"Redaction\",\"image\":{\"@type\":\"ImageObject\",\"inLanguage\":\"fr-FR\",\"@id\":\"https:\/\/www.1sante.com\/online\/#\/schema\/person\/image\/\",\"url\":\"https:\/\/secure.gravatar.com\/avatar\/74e5374845b7e78d6d398935ac5541e37b1ce37aab2f3f4092fef4ac231ba2c4?s=96&d=mm&r=g\",\"contentUrl\":\"https:\/\/secure.gravatar.com\/avatar\/74e5374845b7e78d6d398935ac5541e37b1ce37aab2f3f4092fef4ac231ba2c4?s=96&d=mm&r=g\",\"caption\":\"Redaction\"},\"url\":\"https:\/\/www.1sante.com\/online\/author\/redaction\/\"}]}<\/script>\n<!-- \/ Yoast SEO plugin. -->","yoast_head_json":{"title":"1sant\u00e9 - Industrie: Aoun appelle les cadres du minist\u00e8re au renforcement de la production locale en 2024","description":"1sant\u00e9 - Industrie: Aoun appelle les cadres du minist\u00e8re au renforcement de la production locale en 2024","robots":{"index":"index","follow":"follow","max-snippet":"max-snippet:-1","max-image-preview":"max-image-preview:large","max-video-preview":"max-video-preview:-1"},"canonical":"https:\/\/www.1sante.com\/online\/industrie-aoun-appelle-les-cadres-du-ministere-au-renforcement-de-la-production-locale-en-2024\/","og_locale":"fr_FR","og_type":"article","og_title":"1sant\u00e9 - Industrie: Aoun appelle les cadres du minist\u00e8re au renforcement de la production locale en 2024","og_description":"1sant\u00e9 - Industrie: Aoun appelle les cadres du minist\u00e8re au renforcement de la production locale en 2024","og_url":"https:\/\/www.1sante.com\/online\/industrie-aoun-appelle-les-cadres-du-ministere-au-renforcement-de-la-production-locale-en-2024\/","og_site_name":"1sant\u00e9","article_publisher":"https:\/\/web.facebook.com\/annuairemedical1sante\/","article_published_time":"2024-01-03T09:13:05+00:00","article_modified_time":"2024-05-10T17:49:09+00:00","og_image":[{"width":580,"height":350,"url":"https:\/\/www.1sante.com\/online\/wp-content\/uploads\/2024\/01\/1sante.com_03012024.jpg","type":"image\/jpeg"}],"author":"Redaction","twitter_card":"summary_large_image","twitter_misc":{"\u00c9crit par":"Redaction","Dur\u00e9e de lecture estim\u00e9e":"2 minutes"},"schema":{"@context":"https:\/\/schema.org","@graph":[{"@type":"Article","@id":"https:\/\/www.1sante.com\/online\/industrie-aoun-appelle-les-cadres-du-ministere-au-renforcement-de-la-production-locale-en-2024\/#article","isPartOf":{"@id":"https:\/\/www.1sante.com\/online\/industrie-aoun-appelle-les-cadres-du-ministere-au-renforcement-de-la-production-locale-en-2024\/"},"author":{"name":"Redaction","@id":"https:\/\/www.1sante.com\/online\/#\/schema\/person\/741bb9b09bae031795a6c95550c70430"},"headline":"Industrie: Aoun appelle les cadres du minist\u00e8re au renforcement de la production locale en 2024","datePublished":"2024-01-03T09:13:05+00:00","dateModified":"2024-05-10T17:49:09+00:00","mainEntityOfPage":{"@id":"https:\/\/www.1sante.com\/online\/industrie-aoun-appelle-les-cadres-du-ministere-au-renforcement-de-la-production-locale-en-2024\/"},"wordCount":416,"image":{"@id":"https:\/\/www.1sante.com\/online\/industrie-aoun-appelle-les-cadres-du-ministere-au-renforcement-de-la-production-locale-en-2024\/#primaryimage"},"thumbnailUrl":"https:\/\/www.1sante.com\/online\/wp-content\/uploads\/2024\/01\/1sante.com_03012024.jpg","articleSection":["Actualit\u00e9"],"inLanguage":"fr-FR"},{"@type":"WebPage","@id":"https:\/\/www.1sante.com\/online\/industrie-aoun-appelle-les-cadres-du-ministere-au-renforcement-de-la-production-locale-en-2024\/","url":"https:\/\/www.1sante.com\/online\/industrie-aoun-appelle-les-cadres-du-ministere-au-renforcement-de-la-production-locale-en-2024\/","name":"1sant\u00e9 - Industrie: Aoun appelle les cadres du minist\u00e8re au renforcement de la production locale en 2024","isPartOf":{"@id":"https:\/\/www.1sante.com\/online\/#website"},"primaryImageOfPage":{"@id":"https:\/\/www.1sante.com\/online\/industrie-aoun-appelle-les-cadres-du-ministere-au-renforcement-de-la-production-locale-en-2024\/#primaryimage"},"image":{"@id":"https:\/\/www.1sante.com\/online\/industrie-aoun-appelle-les-cadres-du-ministere-au-renforcement-de-la-production-locale-en-2024\/#primaryimage"},"thumbnailUrl":"https:\/\/www.1sante.com\/online\/wp-content\/uploads\/2024\/01\/1sante.com_03012024.jpg","datePublished":"2024-01-03T09:13:05+00:00","dateModified":"2024-05-10T17:49:09+00:00","author":{"@id":"https:\/\/www.1sante.com\/online\/#\/schema\/person\/741bb9b09bae031795a6c95550c70430"},"description":"1sant\u00e9 - Industrie: Aoun appelle les cadres du minist\u00e8re au renforcement de la production locale en 2024","breadcrumb":{"@id":"https:\/\/www.1sante.com\/online\/industrie-aoun-appelle-les-cadres-du-ministere-au-renforcement-de-la-production-locale-en-2024\/#breadcrumb"},"inLanguage":"fr-FR","potentialAction":[{"@type":"ReadAction","target":["https:\/\/www.1sante.com\/online\/industrie-aoun-appelle-les-cadres-du-ministere-au-renforcement-de-la-production-locale-en-2024\/"]}]},{"@type":"ImageObject","inLanguage":"fr-FR","@id":"https:\/\/www.1sante.com\/online\/industrie-aoun-appelle-les-cadres-du-ministere-au-renforcement-de-la-production-locale-en-2024\/#primaryimage","url":"https:\/\/www.1sante.com\/online\/wp-content\/uploads\/2024\/01\/1sante.com_03012024.jpg","contentUrl":"https:\/\/www.1sante.com\/online\/wp-content\/uploads\/2024\/01\/1sante.com_03012024.jpg","width":580,"height":350},{"@type":"BreadcrumbList","@id":"https:\/\/www.1sante.com\/online\/industrie-aoun-appelle-les-cadres-du-ministere-au-renforcement-de-la-production-locale-en-2024\/#breadcrumb","itemListElement":[{"@type":"ListItem","position":1,"name":"Accueil","item":"https:\/\/www.1sante.com\/online\/"},{"@type":"ListItem","position":2,"name":"Industrie: Aoun appelle les cadres du minist\u00e8re au renforcement de la production locale en 2024"}]},{"@type":"WebSite","@id":"https:\/\/www.1sante.com\/online\/#website","url":"https:\/\/www.1sante.com\/online\/","name":"1sant\u00e9","description":"1er Annuaire m\u00e9dical en Alg\u00e9rie","potentialAction":[{"@type":"SearchAction","target":{"@type":"EntryPoint","urlTemplate":"https:\/\/www.1sante.com\/online\/?s={search_term_string}"},"query-input":{"@type":"PropertyValueSpecification","valueRequired":true,"valueName":"search_term_string"}}],"inLanguage":"fr-FR"},{"@type":"Person","@id":"https:\/\/www.1sante.com\/online\/#\/schema\/person\/741bb9b09bae031795a6c95550c70430","name":"Redaction","image":{"@type":"ImageObject","inLanguage":"fr-FR","@id":"https:\/\/www.1sante.com\/online\/#\/schema\/person\/image\/","url":"https:\/\/secure.gravatar.com\/avatar\/74e5374845b7e78d6d398935ac5541e37b1ce37aab2f3f4092fef4ac231ba2c4?s=96&d=mm&r=g","contentUrl":"https:\/\/secure.gravatar.com\/avatar\/74e5374845b7e78d6d398935ac5541e37b1ce37aab2f3f4092fef4ac231ba2c4?s=96&d=mm&r=g","caption":"Redaction"},"url":"https:\/\/www.1sante.com\/online\/author\/redaction\/"}]}},"_links":{"self":[{"href":"https:\/\/www.1sante.com\/online\/wp-json\/wp\/v2\/posts\/18087","targetHints":{"allow":["GET"]}}],"collection":[{"href":"https:\/\/www.1sante.com\/online\/wp-json\/wp\/v2\/posts"}],"about":[{"href":"https:\/\/www.1sante.com\/online\/wp-json\/wp\/v2\/types\/post"}],"author":[{"embeddable":true,"href":"https:\/\/www.1sante.com\/online\/wp-json\/wp\/v2\/users\/9"}],"replies":[{"embeddable":true,"href":"https:\/\/www.1sante.com\/online\/wp-json\/wp\/v2\/comments?post=18087"}],"version-history":[{"count":1,"href":"https:\/\/www.1sante.com\/online\/wp-json\/wp\/v2\/posts\/18087\/revisions"}],"predecessor-version":[{"id":18089,"href":"https:\/\/www.1sante.com\/online\/wp-json\/wp\/v2\/posts\/18087\/revisions\/18089"}],"wp:featuredmedia":[{"embeddable":true,"href":"https:\/\/www.1sante.com\/online\/wp-json\/wp\/v2\/media\/18088"}],"wp:attachment":[{"href":"https:\/\/www.1sante.com\/online\/wp-json\/wp\/v2\/media?parent=18087"}],"wp:term":[{"taxonomy":"category","embeddable":true,"href":"https:\/\/www.1sante.com\/online\/wp-json\/wp\/v2\/categories?post=18087"},{"taxonomy":"post_tag","embeddable":true,"href":"https:\/\/www.1sante.com\/online\/wp-json\/wp\/v2\/tags?post=18087"}],"curies":[{"name":"wp","href":"https:\/\/api.w.org\/{rel}","templated":true}]}}