{"id":16985,"date":"2023-12-01T10:04:39","date_gmt":"2023-12-01T09:04:39","guid":{"rendered":"https:\/\/www.1sante.com\/?p=16985"},"modified":"2024-05-10T18:50:04","modified_gmt":"2024-05-10T17:50:04","slug":"une-cinquantaine-de-participants-au-salon-international-de-la-pharmacie","status":"publish","type":"post","link":"https:\/\/www.1sante.com\/online\/une-cinquantaine-de-participants-au-salon-international-de-la-pharmacie\/","title":{"rendered":"Une cinquantaine de participants au Salon international de la pharmacie"},"content":{"rendered":"<div id=\"k2Container\" class=\"itemView itemIsFeatured\">\n<div class=\"itemBody\">\n<div class=\"itemIntroText col-xs-hidden \">\n<p><strong>CHLEF- Une cinquantaine d\u2019exposants ont pris part \u00e0 la premi\u00e8re \u00e9dition du Salon international de la pharmacie et de la parapharmacie de la wilaya de Chlef, inaugur\u00e9e jeudi par un repr\u00e9sentant du ministre de l\u2019industrie et de la production pharmaceutique.<\/strong><\/p>\n<\/div>\n<div class=\"itemFullText\">\n<p>Des producteurs et distributeurs de produits pharmaceutiques et parapharmaceutiques venus de toutes les r\u00e9gions du pays, et d&#8217;autres pays, ont particip\u00e9 \u00e0 ce Salon qui se tient du 30 novembre au 2 d\u00e9cembre.<\/p>\n<p>Le directeur des activit\u00e9s pharmaceutiques et de la r\u00e9gulation du minist\u00e8re de l&#8217;industrie et de la production pharmaceutique, Bachir Allouache, a soulign\u00e9 que le Salon \u00e9tait un \u00e9v\u00e9nement qui &#8220;traite pour la premi\u00e8re fois du sujet de la num\u00e9risation du syst\u00e8me de sant\u00e9 et de la pharmacie &#8220;.<\/p>\n<p>M.Allouache a affirm\u00e9 que la num\u00e9risation du secteur pharmaceutique \u00e9tait un &#8220;volet important&#8221; qui constitue une priorit\u00e9 des pouvoirs publics, ajoutant que le minist\u00e8re qu\u2019il repr\u00e9sente &#8220;s\u2019inscrit dans ce processus&#8221; et que &#8220;plusieurs plates-formes ont \u00e9t\u00e9 mises en place pour suivre tout le circuit du m\u00e9dicament&#8221;.<\/p>\n<p>Des repr\u00e9sentants des conseils de l\u2019ordre des pharmaciens de Tunisie, Jordanie et de\u00a0 Mauritanie ont \u00e9galement particip\u00e9 \u00e0 la premi\u00e8re \u00e9dition de ce salon organis\u00e9 par la soci\u00e9t\u00e9 &#8220;SIPHAPHAC EXPO&#8221;, en partenariat avec le Conseil national de l\u2019ordre des pharmaciens (CNOP), le Syndicat national alg\u00e9rien des pharmaciens d\u2019officine (SNAPO), l\u2019union des operateurs de la pharmacie (UNOP), la F\u00e9d\u00e9ration Alg\u00e9rienne de Pharmacie (FAP) et l\u2019Association Nationale des Pharmaciens Alg\u00e9riens (ANPHA).<\/p>\n<p>Pour la repr\u00e9sentante du Conseil de l\u2019ordre des pharmaciens tunisiens, Aida Chekir, ce salon est une &#8220;opportunit\u00e9 pour partager les exp\u00e9riences et \u00e9tudier les possibilit\u00e9s de collaboration entre les professionnels des pays participants&#8221;.<\/p>\n<p>Elle a ajout\u00e9 que ce genre de rencontre &#8220;permettra de nous initier \u00e0 r\u00e9fl\u00e9chir ensemble sur le long terme pour essayer de s\u2019adapter et trouver des solutions aux d\u00e9fis du secteur pharmaceutique&#8221;.<\/p>\n<p>Le repr\u00e9sentant du syndicat jordanien, Omar El Ajwani, a, pour sa part, mis l\u2019accent sur &#8220;la s\u00e9curit\u00e9 pharmaceutique qui devrait pr\u00e9occuper les pays arabes&#8221;, saluant les efforts de &#8220;l\u2019Alg\u00e9rie qui se trouve sur la bonne voie dans ce domaine &#8220;.<\/p>\n<p>Plusieurs conf\u00e9rences, anim\u00e9es par des repr\u00e9sentants des diff\u00e9rentes organisations professionnelles des pharmaciens et des sp\u00e9cialistes dans le domaine m\u00e9dical, sont au programme des trois jours de la manifestation.<\/p>\n<p><strong>Source https:\/\/www.aps.dz<\/strong><\/p>\n<\/div>\n<\/div>\n<\/div>\n","protected":false},"excerpt":{"rendered":"<p>CHLEF- Une cinquantaine d\u2019exposants ont pris part \u00e0 la premi\u00e8re \u00e9dition du Salon international de la pharmacie et de la parapharmacie de la wilaya de Chlef, inaugur\u00e9e jeudi par un repr\u00e9sentant du ministre de l\u2019industrie et de la production pharmaceutique. Des producteurs et distributeurs de produits pharmaceutiques et parapharmaceutiques venus de toutes les r\u00e9gions du &hellip;<\/p>\n","protected":false},"author":9,"featured_media":16986,"comment_status":"closed","ping_status":"closed","sticky":false,"template":"","format":"standard","meta":{"footnotes":""},"categories":[1],"tags":[],"class_list":["post-16985","post","type-post","status-publish","format-standard","has-post-thumbnail","hentry","category-actualite"],"yoast_head":"<!-- This site is optimized with the Yoast SEO plugin v27.0 - https:\/\/yoast.com\/product\/yoast-seo-wordpress\/ -->\n<title>1sant\u00e9 - Une cinquantaine de participants au Salon international de la pharmacie<\/title>\n<meta name=\"description\" content=\"1sant\u00e9 - Une cinquantaine de participants au Salon international de la pharmacie\" \/>\n<meta name=\"robots\" content=\"index, follow, max-snippet:-1, max-image-preview:large, max-video-preview:-1\" \/>\n<link rel=\"canonical\" href=\"https:\/\/www.1sante.com\/online\/une-cinquantaine-de-participants-au-salon-international-de-la-pharmacie\/\" \/>\n<meta property=\"og:locale\" content=\"fr_FR\" \/>\n<meta property=\"og:type\" content=\"article\" \/>\n<meta property=\"og:title\" content=\"1sant\u00e9 - Une cinquantaine de participants au Salon international de la pharmacie\" \/>\n<meta property=\"og:description\" content=\"1sant\u00e9 - Une cinquantaine de participants au Salon international de la pharmacie\" \/>\n<meta property=\"og:url\" content=\"https:\/\/www.1sante.com\/online\/une-cinquantaine-de-participants-au-salon-international-de-la-pharmacie\/\" \/>\n<meta property=\"og:site_name\" content=\"1sant\u00e9\" \/>\n<meta property=\"article:publisher\" content=\"https:\/\/web.facebook.com\/annuairemedical1sante\/\" \/>\n<meta property=\"article:published_time\" content=\"2023-12-01T09:04:39+00:00\" \/>\n<meta property=\"article:modified_time\" content=\"2024-05-10T17:50:04+00:00\" \/>\n<meta property=\"og:image\" content=\"https:\/\/www.1sante.com\/online\/wp-content\/uploads\/2023\/12\/1sante.com_01122023.jpg\" \/>\n\t<meta property=\"og:image:width\" content=\"580\" \/>\n\t<meta property=\"og:image:height\" content=\"350\" \/>\n\t<meta property=\"og:image:type\" content=\"image\/jpeg\" \/>\n<meta name=\"author\" content=\"Redaction\" \/>\n<meta name=\"twitter:card\" content=\"summary_large_image\" \/>\n<meta name=\"twitter:label1\" content=\"\u00c9crit par\" \/>\n\t<meta name=\"twitter:data1\" content=\"Redaction\" \/>\n\t<meta name=\"twitter:label2\" content=\"Dur\u00e9e de lecture estim\u00e9e\" \/>\n\t<meta name=\"twitter:data2\" content=\"2 minutes\" \/>\n<script type=\"application\/ld+json\" class=\"yoast-schema-graph\">{\"@context\":\"https:\/\/schema.org\",\"@graph\":[{\"@type\":\"Article\",\"@id\":\"https:\/\/www.1sante.com\/online\/une-cinquantaine-de-participants-au-salon-international-de-la-pharmacie\/#article\",\"isPartOf\":{\"@id\":\"https:\/\/www.1sante.com\/online\/une-cinquantaine-de-participants-au-salon-international-de-la-pharmacie\/\"},\"author\":{\"name\":\"Redaction\",\"@id\":\"https:\/\/www.1sante.com\/online\/#\/schema\/person\/741bb9b09bae031795a6c95550c70430\"},\"headline\":\"Une cinquantaine de participants au Salon international de la pharmacie\",\"datePublished\":\"2023-12-01T09:04:39+00:00\",\"dateModified\":\"2024-05-10T17:50:04+00:00\",\"mainEntityOfPage\":{\"@id\":\"https:\/\/www.1sante.com\/online\/une-cinquantaine-de-participants-au-salon-international-de-la-pharmacie\/\"},\"wordCount\":430,\"image\":{\"@id\":\"https:\/\/www.1sante.com\/online\/une-cinquantaine-de-participants-au-salon-international-de-la-pharmacie\/#primaryimage\"},\"thumbnailUrl\":\"https:\/\/www.1sante.com\/online\/wp-content\/uploads\/2023\/12\/1sante.com_01122023.jpg\",\"articleSection\":[\"Actualit\u00e9\"],\"inLanguage\":\"fr-FR\"},{\"@type\":\"WebPage\",\"@id\":\"https:\/\/www.1sante.com\/online\/une-cinquantaine-de-participants-au-salon-international-de-la-pharmacie\/\",\"url\":\"https:\/\/www.1sante.com\/online\/une-cinquantaine-de-participants-au-salon-international-de-la-pharmacie\/\",\"name\":\"1sant\u00e9 - Une cinquantaine de participants au Salon international de la pharmacie\",\"isPartOf\":{\"@id\":\"https:\/\/www.1sante.com\/online\/#website\"},\"primaryImageOfPage\":{\"@id\":\"https:\/\/www.1sante.com\/online\/une-cinquantaine-de-participants-au-salon-international-de-la-pharmacie\/#primaryimage\"},\"image\":{\"@id\":\"https:\/\/www.1sante.com\/online\/une-cinquantaine-de-participants-au-salon-international-de-la-pharmacie\/#primaryimage\"},\"thumbnailUrl\":\"https:\/\/www.1sante.com\/online\/wp-content\/uploads\/2023\/12\/1sante.com_01122023.jpg\",\"datePublished\":\"2023-12-01T09:04:39+00:00\",\"dateModified\":\"2024-05-10T17:50:04+00:00\",\"author\":{\"@id\":\"https:\/\/www.1sante.com\/online\/#\/schema\/person\/741bb9b09bae031795a6c95550c70430\"},\"description\":\"1sant\u00e9 - Une cinquantaine de participants au Salon international de la pharmacie\",\"breadcrumb\":{\"@id\":\"https:\/\/www.1sante.com\/online\/une-cinquantaine-de-participants-au-salon-international-de-la-pharmacie\/#breadcrumb\"},\"inLanguage\":\"fr-FR\",\"potentialAction\":[{\"@type\":\"ReadAction\",\"target\":[\"https:\/\/www.1sante.com\/online\/une-cinquantaine-de-participants-au-salon-international-de-la-pharmacie\/\"]}]},{\"@type\":\"ImageObject\",\"inLanguage\":\"fr-FR\",\"@id\":\"https:\/\/www.1sante.com\/online\/une-cinquantaine-de-participants-au-salon-international-de-la-pharmacie\/#primaryimage\",\"url\":\"https:\/\/www.1sante.com\/online\/wp-content\/uploads\/2023\/12\/1sante.com_01122023.jpg\",\"contentUrl\":\"https:\/\/www.1sante.com\/online\/wp-content\/uploads\/2023\/12\/1sante.com_01122023.jpg\",\"width\":580,\"height\":350},{\"@type\":\"BreadcrumbList\",\"@id\":\"https:\/\/www.1sante.com\/online\/une-cinquantaine-de-participants-au-salon-international-de-la-pharmacie\/#breadcrumb\",\"itemListElement\":[{\"@type\":\"ListItem\",\"position\":1,\"name\":\"Accueil\",\"item\":\"https:\/\/www.1sante.com\/online\/\"},{\"@type\":\"ListItem\",\"position\":2,\"name\":\"Une cinquantaine de participants au Salon international de la pharmacie\"}]},{\"@type\":\"WebSite\",\"@id\":\"https:\/\/www.1sante.com\/online\/#website\",\"url\":\"https:\/\/www.1sante.com\/online\/\",\"name\":\"1sant\u00e9\",\"description\":\"1er Annuaire m\u00e9dical en Alg\u00e9rie\",\"potentialAction\":[{\"@type\":\"SearchAction\",\"target\":{\"@type\":\"EntryPoint\",\"urlTemplate\":\"https:\/\/www.1sante.com\/online\/?s={search_term_string}\"},\"query-input\":{\"@type\":\"PropertyValueSpecification\",\"valueRequired\":true,\"valueName\":\"search_term_string\"}}],\"inLanguage\":\"fr-FR\"},{\"@type\":\"Person\",\"@id\":\"https:\/\/www.1sante.com\/online\/#\/schema\/person\/741bb9b09bae031795a6c95550c70430\",\"name\":\"Redaction\",\"image\":{\"@type\":\"ImageObject\",\"inLanguage\":\"fr-FR\",\"@id\":\"https:\/\/www.1sante.com\/online\/#\/schema\/person\/image\/\",\"url\":\"https:\/\/secure.gravatar.com\/avatar\/74e5374845b7e78d6d398935ac5541e37b1ce37aab2f3f4092fef4ac231ba2c4?s=96&d=mm&r=g\",\"contentUrl\":\"https:\/\/secure.gravatar.com\/avatar\/74e5374845b7e78d6d398935ac5541e37b1ce37aab2f3f4092fef4ac231ba2c4?s=96&d=mm&r=g\",\"caption\":\"Redaction\"},\"url\":\"https:\/\/www.1sante.com\/online\/author\/redaction\/\"}]}<\/script>\n<!-- \/ Yoast SEO plugin. -->","yoast_head_json":{"title":"1sant\u00e9 - Une cinquantaine de participants au Salon international de la pharmacie","description":"1sant\u00e9 - Une cinquantaine de participants au Salon international de la pharmacie","robots":{"index":"index","follow":"follow","max-snippet":"max-snippet:-1","max-image-preview":"max-image-preview:large","max-video-preview":"max-video-preview:-1"},"canonical":"https:\/\/www.1sante.com\/online\/une-cinquantaine-de-participants-au-salon-international-de-la-pharmacie\/","og_locale":"fr_FR","og_type":"article","og_title":"1sant\u00e9 - Une cinquantaine de participants au Salon international de la pharmacie","og_description":"1sant\u00e9 - Une cinquantaine de participants au Salon international de la pharmacie","og_url":"https:\/\/www.1sante.com\/online\/une-cinquantaine-de-participants-au-salon-international-de-la-pharmacie\/","og_site_name":"1sant\u00e9","article_publisher":"https:\/\/web.facebook.com\/annuairemedical1sante\/","article_published_time":"2023-12-01T09:04:39+00:00","article_modified_time":"2024-05-10T17:50:04+00:00","og_image":[{"width":580,"height":350,"url":"https:\/\/www.1sante.com\/online\/wp-content\/uploads\/2023\/12\/1sante.com_01122023.jpg","type":"image\/jpeg"}],"author":"Redaction","twitter_card":"summary_large_image","twitter_misc":{"\u00c9crit par":"Redaction","Dur\u00e9e de lecture estim\u00e9e":"2 minutes"},"schema":{"@context":"https:\/\/schema.org","@graph":[{"@type":"Article","@id":"https:\/\/www.1sante.com\/online\/une-cinquantaine-de-participants-au-salon-international-de-la-pharmacie\/#article","isPartOf":{"@id":"https:\/\/www.1sante.com\/online\/une-cinquantaine-de-participants-au-salon-international-de-la-pharmacie\/"},"author":{"name":"Redaction","@id":"https:\/\/www.1sante.com\/online\/#\/schema\/person\/741bb9b09bae031795a6c95550c70430"},"headline":"Une cinquantaine de participants au Salon international de la pharmacie","datePublished":"2023-12-01T09:04:39+00:00","dateModified":"2024-05-10T17:50:04+00:00","mainEntityOfPage":{"@id":"https:\/\/www.1sante.com\/online\/une-cinquantaine-de-participants-au-salon-international-de-la-pharmacie\/"},"wordCount":430,"image":{"@id":"https:\/\/www.1sante.com\/online\/une-cinquantaine-de-participants-au-salon-international-de-la-pharmacie\/#primaryimage"},"thumbnailUrl":"https:\/\/www.1sante.com\/online\/wp-content\/uploads\/2023\/12\/1sante.com_01122023.jpg","articleSection":["Actualit\u00e9"],"inLanguage":"fr-FR"},{"@type":"WebPage","@id":"https:\/\/www.1sante.com\/online\/une-cinquantaine-de-participants-au-salon-international-de-la-pharmacie\/","url":"https:\/\/www.1sante.com\/online\/une-cinquantaine-de-participants-au-salon-international-de-la-pharmacie\/","name":"1sant\u00e9 - Une cinquantaine de participants au Salon international de la pharmacie","isPartOf":{"@id":"https:\/\/www.1sante.com\/online\/#website"},"primaryImageOfPage":{"@id":"https:\/\/www.1sante.com\/online\/une-cinquantaine-de-participants-au-salon-international-de-la-pharmacie\/#primaryimage"},"image":{"@id":"https:\/\/www.1sante.com\/online\/une-cinquantaine-de-participants-au-salon-international-de-la-pharmacie\/#primaryimage"},"thumbnailUrl":"https:\/\/www.1sante.com\/online\/wp-content\/uploads\/2023\/12\/1sante.com_01122023.jpg","datePublished":"2023-12-01T09:04:39+00:00","dateModified":"2024-05-10T17:50:04+00:00","author":{"@id":"https:\/\/www.1sante.com\/online\/#\/schema\/person\/741bb9b09bae031795a6c95550c70430"},"description":"1sant\u00e9 - Une cinquantaine de participants au Salon international de la pharmacie","breadcrumb":{"@id":"https:\/\/www.1sante.com\/online\/une-cinquantaine-de-participants-au-salon-international-de-la-pharmacie\/#breadcrumb"},"inLanguage":"fr-FR","potentialAction":[{"@type":"ReadAction","target":["https:\/\/www.1sante.com\/online\/une-cinquantaine-de-participants-au-salon-international-de-la-pharmacie\/"]}]},{"@type":"ImageObject","inLanguage":"fr-FR","@id":"https:\/\/www.1sante.com\/online\/une-cinquantaine-de-participants-au-salon-international-de-la-pharmacie\/#primaryimage","url":"https:\/\/www.1sante.com\/online\/wp-content\/uploads\/2023\/12\/1sante.com_01122023.jpg","contentUrl":"https:\/\/www.1sante.com\/online\/wp-content\/uploads\/2023\/12\/1sante.com_01122023.jpg","width":580,"height":350},{"@type":"BreadcrumbList","@id":"https:\/\/www.1sante.com\/online\/une-cinquantaine-de-participants-au-salon-international-de-la-pharmacie\/#breadcrumb","itemListElement":[{"@type":"ListItem","position":1,"name":"Accueil","item":"https:\/\/www.1sante.com\/online\/"},{"@type":"ListItem","position":2,"name":"Une cinquantaine de participants au Salon international de la pharmacie"}]},{"@type":"WebSite","@id":"https:\/\/www.1sante.com\/online\/#website","url":"https:\/\/www.1sante.com\/online\/","name":"1sant\u00e9","description":"1er Annuaire m\u00e9dical en Alg\u00e9rie","potentialAction":[{"@type":"SearchAction","target":{"@type":"EntryPoint","urlTemplate":"https:\/\/www.1sante.com\/online\/?s={search_term_string}"},"query-input":{"@type":"PropertyValueSpecification","valueRequired":true,"valueName":"search_term_string"}}],"inLanguage":"fr-FR"},{"@type":"Person","@id":"https:\/\/www.1sante.com\/online\/#\/schema\/person\/741bb9b09bae031795a6c95550c70430","name":"Redaction","image":{"@type":"ImageObject","inLanguage":"fr-FR","@id":"https:\/\/www.1sante.com\/online\/#\/schema\/person\/image\/","url":"https:\/\/secure.gravatar.com\/avatar\/74e5374845b7e78d6d398935ac5541e37b1ce37aab2f3f4092fef4ac231ba2c4?s=96&d=mm&r=g","contentUrl":"https:\/\/secure.gravatar.com\/avatar\/74e5374845b7e78d6d398935ac5541e37b1ce37aab2f3f4092fef4ac231ba2c4?s=96&d=mm&r=g","caption":"Redaction"},"url":"https:\/\/www.1sante.com\/online\/author\/redaction\/"}]}},"_links":{"self":[{"href":"https:\/\/www.1sante.com\/online\/wp-json\/wp\/v2\/posts\/16985","targetHints":{"allow":["GET"]}}],"collection":[{"href":"https:\/\/www.1sante.com\/online\/wp-json\/wp\/v2\/posts"}],"about":[{"href":"https:\/\/www.1sante.com\/online\/wp-json\/wp\/v2\/types\/post"}],"author":[{"embeddable":true,"href":"https:\/\/www.1sante.com\/online\/wp-json\/wp\/v2\/users\/9"}],"replies":[{"embeddable":true,"href":"https:\/\/www.1sante.com\/online\/wp-json\/wp\/v2\/comments?post=16985"}],"version-history":[{"count":1,"href":"https:\/\/www.1sante.com\/online\/wp-json\/wp\/v2\/posts\/16985\/revisions"}],"predecessor-version":[{"id":16987,"href":"https:\/\/www.1sante.com\/online\/wp-json\/wp\/v2\/posts\/16985\/revisions\/16987"}],"wp:featuredmedia":[{"embeddable":true,"href":"https:\/\/www.1sante.com\/online\/wp-json\/wp\/v2\/media\/16986"}],"wp:attachment":[{"href":"https:\/\/www.1sante.com\/online\/wp-json\/wp\/v2\/media?parent=16985"}],"wp:term":[{"taxonomy":"category","embeddable":true,"href":"https:\/\/www.1sante.com\/online\/wp-json\/wp\/v2\/categories?post=16985"},{"taxonomy":"post_tag","embeddable":true,"href":"https:\/\/www.1sante.com\/online\/wp-json\/wp\/v2\/tags?post=16985"}],"curies":[{"name":"wp","href":"https:\/\/api.w.org\/{rel}","templated":true}]}}