{"id":13249,"date":"2023-01-30T14:24:50","date_gmt":"2023-01-30T13:24:50","guid":{"rendered":"https:\/\/www.1sante.com\/?p=13249"},"modified":"2024-05-10T18:54:52","modified_gmt":"2024-05-10T17:54:52","slug":"industrie-pharmaceutique-aoun-recoit-une-delegation-des-retraites-du-groupe-saidal","status":"publish","type":"post","link":"https:\/\/www.1sante.com\/online\/industrie-pharmaceutique-aoun-recoit-une-delegation-des-retraites-du-groupe-saidal\/","title":{"rendered":"Industrie pharmaceutique: Aoun re\u00e7oit une d\u00e9l\u00e9gation des retrait\u00e9s du groupe Saidal"},"content":{"rendered":"<p><strong>ALGER &#8211; Le ministre de l\u2019industrie pharmaceutique, Ali Aoun, a re\u00e7u en audience, dimanche \u00e0 Alger, une d\u00e9l\u00e9gation des repr\u00e9sentants des retrait\u00e9s du groupe Saidal avec lesquels il a discut\u00e9 de la question du versement de leur pension retraite compl\u00e9mentaire, indique un communiqu\u00e9 du minist\u00e8re.<\/strong><\/p>\n<p>&#8220;L\u2019audience a constitu\u00e9 une opportunit\u00e9 pour M. Aoun de s\u2019enqu\u00e9rir de la situation des retrait\u00e9s du groupe Saidal ainsi que des difficult\u00e9s auxquels ils font face suite au blocage de versement, depuis mai 2019, de la pension retraite compl\u00e9mentaire&#8221;, lit-on dans le communiqu\u00e9.<\/p>\n<blockquote><p><strong>Le ministre s\u2019est engag\u00e9 \u00e0 &#8220;veiller personnellement \u00e0 la r\u00e9solution du diff\u00e9rend et au d\u00e9blocage de la situation dans le plein droit des travailleurs du groupe Saidal&#8221;, ajoute le communiqu\u00e9.<\/strong><\/p><\/blockquote>\n<p>Au terme de cette rencontre, le ministre a r\u00e9it\u00e9r\u00e9 son &#8220;soutien plein et entier a l\u2019ensemble des travailleurs de Saidal, \u00e9tant la force vive et la plus pr\u00e9cieuse des ressources dont dispose le groupe&#8221;, et les a appel\u00e9s \u00e0 &#8220;se mobiliser et \u00e0 redoubler d\u2019effort pour relever le d\u00e9fi et de permettre \u00e0 Saidal de retrouver sa place de locomotive et de leader du march\u00e9 pharmaceutique national&#8221;.<\/p>\n<p><strong>Source https:\/\/www.aps.dz<\/strong><\/p>\n","protected":false},"excerpt":{"rendered":"<p>ALGER &#8211; Le ministre de l\u2019industrie pharmaceutique, Ali Aoun, a re\u00e7u en audience, dimanche \u00e0 Alger, une d\u00e9l\u00e9gation des repr\u00e9sentants des retrait\u00e9s du groupe Saidal avec lesquels il a discut\u00e9 de la question du versement de leur pension retraite compl\u00e9mentaire, indique un communiqu\u00e9 du minist\u00e8re. &#8220;L\u2019audience a constitu\u00e9 une opportunit\u00e9 pour M. Aoun de s\u2019enqu\u00e9rir &hellip;<\/p>\n","protected":false},"author":9,"featured_media":13250,"comment_status":"closed","ping_status":"closed","sticky":false,"template":"","format":"standard","meta":{"footnotes":""},"categories":[1],"tags":[],"class_list":["post-13249","post","type-post","status-publish","format-standard","has-post-thumbnail","hentry","category-actualite"],"yoast_head":"<!-- This site is optimized with the Yoast SEO plugin v27.0 - https:\/\/yoast.com\/product\/yoast-seo-wordpress\/ -->\n<title>1sant\u00e9 - Industrie pharmaceutique: Aoun re\u00e7oit une d\u00e9l\u00e9gation des retrait\u00e9s du groupe Saidal<\/title>\n<meta name=\"description\" content=\"1sant\u00e9 - Industrie pharmaceutique: Aoun re\u00e7oit une d\u00e9l\u00e9gation des retrait\u00e9s du groupe Saidal\" \/>\n<meta name=\"robots\" content=\"index, follow, max-snippet:-1, max-image-preview:large, max-video-preview:-1\" \/>\n<link rel=\"canonical\" href=\"https:\/\/www.1sante.com\/online\/industrie-pharmaceutique-aoun-recoit-une-delegation-des-retraites-du-groupe-saidal\/\" \/>\n<meta property=\"og:locale\" content=\"fr_FR\" \/>\n<meta property=\"og:type\" content=\"article\" \/>\n<meta property=\"og:title\" content=\"1sant\u00e9 - Industrie pharmaceutique: Aoun re\u00e7oit une d\u00e9l\u00e9gation des retrait\u00e9s du groupe Saidal\" \/>\n<meta property=\"og:description\" content=\"1sant\u00e9 - Industrie pharmaceutique: Aoun re\u00e7oit une d\u00e9l\u00e9gation des retrait\u00e9s du groupe Saidal\" \/>\n<meta property=\"og:url\" content=\"https:\/\/www.1sante.com\/online\/industrie-pharmaceutique-aoun-recoit-une-delegation-des-retraites-du-groupe-saidal\/\" \/>\n<meta property=\"og:site_name\" content=\"1sant\u00e9\" \/>\n<meta property=\"article:publisher\" content=\"https:\/\/web.facebook.com\/annuairemedical1sante\/\" \/>\n<meta property=\"article:published_time\" content=\"2023-01-30T13:24:50+00:00\" \/>\n<meta property=\"article:modified_time\" content=\"2024-05-10T17:54:52+00:00\" \/>\n<meta property=\"og:image\" content=\"https:\/\/www.1sante.com\/online\/wp-content\/uploads\/2023\/01\/1sante.com_30_2_1_012023.jpg\" \/>\n\t<meta property=\"og:image:width\" content=\"580\" \/>\n\t<meta property=\"og:image:height\" content=\"350\" \/>\n\t<meta property=\"og:image:type\" content=\"image\/jpeg\" \/>\n<meta name=\"author\" content=\"Redaction\" \/>\n<meta name=\"twitter:card\" content=\"summary_large_image\" \/>\n<meta name=\"twitter:label1\" content=\"\u00c9crit par\" \/>\n\t<meta name=\"twitter:data1\" content=\"Redaction\" \/>\n\t<meta name=\"twitter:label2\" content=\"Dur\u00e9e de lecture estim\u00e9e\" \/>\n\t<meta name=\"twitter:data2\" content=\"1 minute\" \/>\n<script type=\"application\/ld+json\" class=\"yoast-schema-graph\">{\"@context\":\"https:\/\/schema.org\",\"@graph\":[{\"@type\":\"Article\",\"@id\":\"https:\/\/www.1sante.com\/online\/industrie-pharmaceutique-aoun-recoit-une-delegation-des-retraites-du-groupe-saidal\/#article\",\"isPartOf\":{\"@id\":\"https:\/\/www.1sante.com\/online\/industrie-pharmaceutique-aoun-recoit-une-delegation-des-retraites-du-groupe-saidal\/\"},\"author\":{\"name\":\"Redaction\",\"@id\":\"https:\/\/www.1sante.com\/online\/#\/schema\/person\/741bb9b09bae031795a6c95550c70430\"},\"headline\":\"Industrie pharmaceutique: Aoun re\u00e7oit une d\u00e9l\u00e9gation des retrait\u00e9s du groupe Saidal\",\"datePublished\":\"2023-01-30T13:24:50+00:00\",\"dateModified\":\"2024-05-10T17:54:52+00:00\",\"mainEntityOfPage\":{\"@id\":\"https:\/\/www.1sante.com\/online\/industrie-pharmaceutique-aoun-recoit-une-delegation-des-retraites-du-groupe-saidal\/\"},\"wordCount\":223,\"image\":{\"@id\":\"https:\/\/www.1sante.com\/online\/industrie-pharmaceutique-aoun-recoit-une-delegation-des-retraites-du-groupe-saidal\/#primaryimage\"},\"thumbnailUrl\":\"https:\/\/www.1sante.com\/online\/wp-content\/uploads\/2023\/01\/1sante.com_30_2_1_012023.jpg\",\"articleSection\":[\"Actualit\u00e9\"],\"inLanguage\":\"fr-FR\"},{\"@type\":\"WebPage\",\"@id\":\"https:\/\/www.1sante.com\/online\/industrie-pharmaceutique-aoun-recoit-une-delegation-des-retraites-du-groupe-saidal\/\",\"url\":\"https:\/\/www.1sante.com\/online\/industrie-pharmaceutique-aoun-recoit-une-delegation-des-retraites-du-groupe-saidal\/\",\"name\":\"1sant\u00e9 - Industrie pharmaceutique: Aoun re\u00e7oit une d\u00e9l\u00e9gation des retrait\u00e9s du groupe Saidal\",\"isPartOf\":{\"@id\":\"https:\/\/www.1sante.com\/online\/#website\"},\"primaryImageOfPage\":{\"@id\":\"https:\/\/www.1sante.com\/online\/industrie-pharmaceutique-aoun-recoit-une-delegation-des-retraites-du-groupe-saidal\/#primaryimage\"},\"image\":{\"@id\":\"https:\/\/www.1sante.com\/online\/industrie-pharmaceutique-aoun-recoit-une-delegation-des-retraites-du-groupe-saidal\/#primaryimage\"},\"thumbnailUrl\":\"https:\/\/www.1sante.com\/online\/wp-content\/uploads\/2023\/01\/1sante.com_30_2_1_012023.jpg\",\"datePublished\":\"2023-01-30T13:24:50+00:00\",\"dateModified\":\"2024-05-10T17:54:52+00:00\",\"author\":{\"@id\":\"https:\/\/www.1sante.com\/online\/#\/schema\/person\/741bb9b09bae031795a6c95550c70430\"},\"description\":\"1sant\u00e9 - Industrie pharmaceutique: Aoun re\u00e7oit une d\u00e9l\u00e9gation des retrait\u00e9s du groupe Saidal\",\"breadcrumb\":{\"@id\":\"https:\/\/www.1sante.com\/online\/industrie-pharmaceutique-aoun-recoit-une-delegation-des-retraites-du-groupe-saidal\/#breadcrumb\"},\"inLanguage\":\"fr-FR\",\"potentialAction\":[{\"@type\":\"ReadAction\",\"target\":[\"https:\/\/www.1sante.com\/online\/industrie-pharmaceutique-aoun-recoit-une-delegation-des-retraites-du-groupe-saidal\/\"]}]},{\"@type\":\"ImageObject\",\"inLanguage\":\"fr-FR\",\"@id\":\"https:\/\/www.1sante.com\/online\/industrie-pharmaceutique-aoun-recoit-une-delegation-des-retraites-du-groupe-saidal\/#primaryimage\",\"url\":\"https:\/\/www.1sante.com\/online\/wp-content\/uploads\/2023\/01\/1sante.com_30_2_1_012023.jpg\",\"contentUrl\":\"https:\/\/www.1sante.com\/online\/wp-content\/uploads\/2023\/01\/1sante.com_30_2_1_012023.jpg\",\"width\":580,\"height\":350},{\"@type\":\"BreadcrumbList\",\"@id\":\"https:\/\/www.1sante.com\/online\/industrie-pharmaceutique-aoun-recoit-une-delegation-des-retraites-du-groupe-saidal\/#breadcrumb\",\"itemListElement\":[{\"@type\":\"ListItem\",\"position\":1,\"name\":\"Accueil\",\"item\":\"https:\/\/www.1sante.com\/online\/\"},{\"@type\":\"ListItem\",\"position\":2,\"name\":\"Industrie pharmaceutique: Aoun re\u00e7oit une d\u00e9l\u00e9gation des retrait\u00e9s du groupe Saidal\"}]},{\"@type\":\"WebSite\",\"@id\":\"https:\/\/www.1sante.com\/online\/#website\",\"url\":\"https:\/\/www.1sante.com\/online\/\",\"name\":\"1sant\u00e9\",\"description\":\"1er Annuaire m\u00e9dical en Alg\u00e9rie\",\"potentialAction\":[{\"@type\":\"SearchAction\",\"target\":{\"@type\":\"EntryPoint\",\"urlTemplate\":\"https:\/\/www.1sante.com\/online\/?s={search_term_string}\"},\"query-input\":{\"@type\":\"PropertyValueSpecification\",\"valueRequired\":true,\"valueName\":\"search_term_string\"}}],\"inLanguage\":\"fr-FR\"},{\"@type\":\"Person\",\"@id\":\"https:\/\/www.1sante.com\/online\/#\/schema\/person\/741bb9b09bae031795a6c95550c70430\",\"name\":\"Redaction\",\"image\":{\"@type\":\"ImageObject\",\"inLanguage\":\"fr-FR\",\"@id\":\"https:\/\/www.1sante.com\/online\/#\/schema\/person\/image\/\",\"url\":\"https:\/\/secure.gravatar.com\/avatar\/74e5374845b7e78d6d398935ac5541e37b1ce37aab2f3f4092fef4ac231ba2c4?s=96&d=mm&r=g\",\"contentUrl\":\"https:\/\/secure.gravatar.com\/avatar\/74e5374845b7e78d6d398935ac5541e37b1ce37aab2f3f4092fef4ac231ba2c4?s=96&d=mm&r=g\",\"caption\":\"Redaction\"},\"url\":\"https:\/\/www.1sante.com\/online\/author\/redaction\/\"}]}<\/script>\n<!-- \/ Yoast SEO plugin. -->","yoast_head_json":{"title":"1sant\u00e9 - Industrie pharmaceutique: Aoun re\u00e7oit une d\u00e9l\u00e9gation des retrait\u00e9s du groupe Saidal","description":"1sant\u00e9 - Industrie pharmaceutique: Aoun re\u00e7oit une d\u00e9l\u00e9gation des retrait\u00e9s du groupe Saidal","robots":{"index":"index","follow":"follow","max-snippet":"max-snippet:-1","max-image-preview":"max-image-preview:large","max-video-preview":"max-video-preview:-1"},"canonical":"https:\/\/www.1sante.com\/online\/industrie-pharmaceutique-aoun-recoit-une-delegation-des-retraites-du-groupe-saidal\/","og_locale":"fr_FR","og_type":"article","og_title":"1sant\u00e9 - Industrie pharmaceutique: Aoun re\u00e7oit une d\u00e9l\u00e9gation des retrait\u00e9s du groupe Saidal","og_description":"1sant\u00e9 - Industrie pharmaceutique: Aoun re\u00e7oit une d\u00e9l\u00e9gation des retrait\u00e9s du groupe Saidal","og_url":"https:\/\/www.1sante.com\/online\/industrie-pharmaceutique-aoun-recoit-une-delegation-des-retraites-du-groupe-saidal\/","og_site_name":"1sant\u00e9","article_publisher":"https:\/\/web.facebook.com\/annuairemedical1sante\/","article_published_time":"2023-01-30T13:24:50+00:00","article_modified_time":"2024-05-10T17:54:52+00:00","og_image":[{"width":580,"height":350,"url":"https:\/\/www.1sante.com\/online\/wp-content\/uploads\/2023\/01\/1sante.com_30_2_1_012023.jpg","type":"image\/jpeg"}],"author":"Redaction","twitter_card":"summary_large_image","twitter_misc":{"\u00c9crit par":"Redaction","Dur\u00e9e de lecture estim\u00e9e":"1 minute"},"schema":{"@context":"https:\/\/schema.org","@graph":[{"@type":"Article","@id":"https:\/\/www.1sante.com\/online\/industrie-pharmaceutique-aoun-recoit-une-delegation-des-retraites-du-groupe-saidal\/#article","isPartOf":{"@id":"https:\/\/www.1sante.com\/online\/industrie-pharmaceutique-aoun-recoit-une-delegation-des-retraites-du-groupe-saidal\/"},"author":{"name":"Redaction","@id":"https:\/\/www.1sante.com\/online\/#\/schema\/person\/741bb9b09bae031795a6c95550c70430"},"headline":"Industrie pharmaceutique: Aoun re\u00e7oit une d\u00e9l\u00e9gation des retrait\u00e9s du groupe Saidal","datePublished":"2023-01-30T13:24:50+00:00","dateModified":"2024-05-10T17:54:52+00:00","mainEntityOfPage":{"@id":"https:\/\/www.1sante.com\/online\/industrie-pharmaceutique-aoun-recoit-une-delegation-des-retraites-du-groupe-saidal\/"},"wordCount":223,"image":{"@id":"https:\/\/www.1sante.com\/online\/industrie-pharmaceutique-aoun-recoit-une-delegation-des-retraites-du-groupe-saidal\/#primaryimage"},"thumbnailUrl":"https:\/\/www.1sante.com\/online\/wp-content\/uploads\/2023\/01\/1sante.com_30_2_1_012023.jpg","articleSection":["Actualit\u00e9"],"inLanguage":"fr-FR"},{"@type":"WebPage","@id":"https:\/\/www.1sante.com\/online\/industrie-pharmaceutique-aoun-recoit-une-delegation-des-retraites-du-groupe-saidal\/","url":"https:\/\/www.1sante.com\/online\/industrie-pharmaceutique-aoun-recoit-une-delegation-des-retraites-du-groupe-saidal\/","name":"1sant\u00e9 - Industrie pharmaceutique: Aoun re\u00e7oit une d\u00e9l\u00e9gation des retrait\u00e9s du groupe Saidal","isPartOf":{"@id":"https:\/\/www.1sante.com\/online\/#website"},"primaryImageOfPage":{"@id":"https:\/\/www.1sante.com\/online\/industrie-pharmaceutique-aoun-recoit-une-delegation-des-retraites-du-groupe-saidal\/#primaryimage"},"image":{"@id":"https:\/\/www.1sante.com\/online\/industrie-pharmaceutique-aoun-recoit-une-delegation-des-retraites-du-groupe-saidal\/#primaryimage"},"thumbnailUrl":"https:\/\/www.1sante.com\/online\/wp-content\/uploads\/2023\/01\/1sante.com_30_2_1_012023.jpg","datePublished":"2023-01-30T13:24:50+00:00","dateModified":"2024-05-10T17:54:52+00:00","author":{"@id":"https:\/\/www.1sante.com\/online\/#\/schema\/person\/741bb9b09bae031795a6c95550c70430"},"description":"1sant\u00e9 - Industrie pharmaceutique: Aoun re\u00e7oit une d\u00e9l\u00e9gation des retrait\u00e9s du groupe Saidal","breadcrumb":{"@id":"https:\/\/www.1sante.com\/online\/industrie-pharmaceutique-aoun-recoit-une-delegation-des-retraites-du-groupe-saidal\/#breadcrumb"},"inLanguage":"fr-FR","potentialAction":[{"@type":"ReadAction","target":["https:\/\/www.1sante.com\/online\/industrie-pharmaceutique-aoun-recoit-une-delegation-des-retraites-du-groupe-saidal\/"]}]},{"@type":"ImageObject","inLanguage":"fr-FR","@id":"https:\/\/www.1sante.com\/online\/industrie-pharmaceutique-aoun-recoit-une-delegation-des-retraites-du-groupe-saidal\/#primaryimage","url":"https:\/\/www.1sante.com\/online\/wp-content\/uploads\/2023\/01\/1sante.com_30_2_1_012023.jpg","contentUrl":"https:\/\/www.1sante.com\/online\/wp-content\/uploads\/2023\/01\/1sante.com_30_2_1_012023.jpg","width":580,"height":350},{"@type":"BreadcrumbList","@id":"https:\/\/www.1sante.com\/online\/industrie-pharmaceutique-aoun-recoit-une-delegation-des-retraites-du-groupe-saidal\/#breadcrumb","itemListElement":[{"@type":"ListItem","position":1,"name":"Accueil","item":"https:\/\/www.1sante.com\/online\/"},{"@type":"ListItem","position":2,"name":"Industrie pharmaceutique: Aoun re\u00e7oit une d\u00e9l\u00e9gation des retrait\u00e9s du groupe Saidal"}]},{"@type":"WebSite","@id":"https:\/\/www.1sante.com\/online\/#website","url":"https:\/\/www.1sante.com\/online\/","name":"1sant\u00e9","description":"1er Annuaire m\u00e9dical en Alg\u00e9rie","potentialAction":[{"@type":"SearchAction","target":{"@type":"EntryPoint","urlTemplate":"https:\/\/www.1sante.com\/online\/?s={search_term_string}"},"query-input":{"@type":"PropertyValueSpecification","valueRequired":true,"valueName":"search_term_string"}}],"inLanguage":"fr-FR"},{"@type":"Person","@id":"https:\/\/www.1sante.com\/online\/#\/schema\/person\/741bb9b09bae031795a6c95550c70430","name":"Redaction","image":{"@type":"ImageObject","inLanguage":"fr-FR","@id":"https:\/\/www.1sante.com\/online\/#\/schema\/person\/image\/","url":"https:\/\/secure.gravatar.com\/avatar\/74e5374845b7e78d6d398935ac5541e37b1ce37aab2f3f4092fef4ac231ba2c4?s=96&d=mm&r=g","contentUrl":"https:\/\/secure.gravatar.com\/avatar\/74e5374845b7e78d6d398935ac5541e37b1ce37aab2f3f4092fef4ac231ba2c4?s=96&d=mm&r=g","caption":"Redaction"},"url":"https:\/\/www.1sante.com\/online\/author\/redaction\/"}]}},"_links":{"self":[{"href":"https:\/\/www.1sante.com\/online\/wp-json\/wp\/v2\/posts\/13249","targetHints":{"allow":["GET"]}}],"collection":[{"href":"https:\/\/www.1sante.com\/online\/wp-json\/wp\/v2\/posts"}],"about":[{"href":"https:\/\/www.1sante.com\/online\/wp-json\/wp\/v2\/types\/post"}],"author":[{"embeddable":true,"href":"https:\/\/www.1sante.com\/online\/wp-json\/wp\/v2\/users\/9"}],"replies":[{"embeddable":true,"href":"https:\/\/www.1sante.com\/online\/wp-json\/wp\/v2\/comments?post=13249"}],"version-history":[{"count":1,"href":"https:\/\/www.1sante.com\/online\/wp-json\/wp\/v2\/posts\/13249\/revisions"}],"predecessor-version":[{"id":13251,"href":"https:\/\/www.1sante.com\/online\/wp-json\/wp\/v2\/posts\/13249\/revisions\/13251"}],"wp:featuredmedia":[{"embeddable":true,"href":"https:\/\/www.1sante.com\/online\/wp-json\/wp\/v2\/media\/13250"}],"wp:attachment":[{"href":"https:\/\/www.1sante.com\/online\/wp-json\/wp\/v2\/media?parent=13249"}],"wp:term":[{"taxonomy":"category","embeddable":true,"href":"https:\/\/www.1sante.com\/online\/wp-json\/wp\/v2\/categories?post=13249"},{"taxonomy":"post_tag","embeddable":true,"href":"https:\/\/www.1sante.com\/online\/wp-json\/wp\/v2\/tags?post=13249"}],"curies":[{"name":"wp","href":"https:\/\/api.w.org\/{rel}","templated":true}]}}