{"id":12228,"date":"2022-12-16T09:09:02","date_gmt":"2022-12-16T08:09:02","guid":{"rendered":"https:\/\/www.1sante.com\/?p=12228"},"modified":"2024-05-10T19:00:46","modified_gmt":"2024-05-10T18:00:46","slug":"le-nouvel-hopital-des-urgences-medicales-de-zeralda-operationnel-fin-mars-prochain","status":"publish","type":"post","link":"https:\/\/www.1sante.com\/online\/le-nouvel-hopital-des-urgences-medicales-de-zeralda-operationnel-fin-mars-prochain\/","title":{"rendered":"Le nouvel h\u00f4pital des urgences m\u00e9dicales de Z\u00e9ralda, op\u00e9rationnel fin mars prochain"},"content":{"rendered":"<p><strong>ALGER-Le ministre de la Sant\u00e9, Abdelhak Sa\u00efhi a annonc\u00e9, jeudi \u00e0 Alger, que le nouvel h\u00f4pital des urgences m\u00e9dicales de Z\u00e9ralda entrerait en service fin mars prochain, apr\u00e8s son \u00e9quipement en appareils et mat\u00e9riels m\u00e9dicaux n\u00e9cessaires.<\/strong><\/p>\n<p>Dans une d\u00e9claration \u00e0 la presse au terme d&#8217;une visite d&#8217;inspection du nouvel h\u00f4pital des urgences m\u00e9dicales et du projet de r\u00e9alisation d&#8217;un autre h\u00f4pital \u00e0 Z\u00e9ralda, dans le cadre d&#8217;un partenariat avec le Qatar et l&#8217;Allemagne, M. Sa\u00efhi a pr\u00e9cis\u00e9 que &#8220;la r\u00e9alisation de ces structures hospitali\u00e8res aux normes internationales vise \u00e0 renforcer les capacit\u00e9s des h\u00f4pitaux et \u00e0 am\u00e9liorer la prise en charge des patients dans la capitale&#8221;.<\/p>\n<p>Le ministre a indiqu\u00e9, dans ce cadre, que l&#8217;h\u00f4pital &#8220;prendra en charge tous les cas d&#8217;urgences, comme les accidents de la circulation et domestiques (br\u00fblures)&#8221;, et rappel\u00e9 qu&#8217;il englobe &#8220;plusieurs sp\u00e9cialit\u00e9s dont les services des urgences m\u00e9dicales et de la r\u00e9animation, ainsi que la pharmacie et des laboratoires m\u00e9dicaux&#8221;, ajoutant qu&#8217;il sera dot\u00e9 d&#8217;\u00e9quipements m\u00e9dicaux modernes et d&#8217;\u00e9quipes m\u00e9dicales comp\u00e9tentes.<\/p>\n<p>Le premier responsable du secteur a soulign\u00e9, par ailleurs, la n\u00e9cessit\u00e9 de cr\u00e9er &#8220;des comit\u00e9s ad hoc pour prendre connaissance des besoins des h\u00f4pitaux&#8221;, en application des instructions du pr\u00e9sident de la R\u00e9publique, M. Abdelmadjid Tebboune, outre l&#8217;imp\u00e9ratif de g\u00e9n\u00e9raliser ces comit\u00e9s \u00e0 toutes les wilayas du pays en vue d&#8217;identifier les insuffisances dont souffrent les diff\u00e9rents \u00e9tablissements hospitaliers.<\/p>\n<p>Source https:\/\/www.aps.dz\/<\/p>\n","protected":false},"excerpt":{"rendered":"<p>ALGER-Le ministre de la Sant\u00e9, Abdelhak Sa\u00efhi a annonc\u00e9, jeudi \u00e0 Alger, que le nouvel h\u00f4pital des urgences m\u00e9dicales de Z\u00e9ralda entrerait en service fin mars prochain, apr\u00e8s son \u00e9quipement en appareils et mat\u00e9riels m\u00e9dicaux n\u00e9cessaires. Dans une d\u00e9claration \u00e0 la presse au terme d&#8217;une visite d&#8217;inspection du nouvel h\u00f4pital des urgences m\u00e9dicales et du &hellip;<\/p>\n","protected":false},"author":9,"featured_media":12227,"comment_status":"closed","ping_status":"closed","sticky":false,"template":"","format":"standard","meta":{"footnotes":""},"categories":[1],"tags":[],"class_list":["post-12228","post","type-post","status-publish","format-standard","has-post-thumbnail","hentry","category-actualite"],"yoast_head":"<!-- This site is optimized with the Yoast SEO plugin v27.0 - https:\/\/yoast.com\/product\/yoast-seo-wordpress\/ -->\n<title>1sant\u00e9 - Le nouvel h\u00f4pital des urgences m\u00e9dicales de Z\u00e9ralda, op\u00e9rationnel fin mars prochain<\/title>\n<meta name=\"description\" content=\"1sant\u00e9 - Le nouvel h\u00f4pital des urgences m\u00e9dicales de Z\u00e9ralda, op\u00e9rationnel fin mars prochain\" \/>\n<meta name=\"robots\" content=\"index, follow, max-snippet:-1, max-image-preview:large, max-video-preview:-1\" \/>\n<link rel=\"canonical\" href=\"https:\/\/www.1sante.com\/online\/le-nouvel-hopital-des-urgences-medicales-de-zeralda-operationnel-fin-mars-prochain\/\" \/>\n<meta property=\"og:locale\" content=\"fr_FR\" \/>\n<meta property=\"og:type\" content=\"article\" \/>\n<meta property=\"og:title\" content=\"1sant\u00e9 - Le nouvel h\u00f4pital des urgences m\u00e9dicales de Z\u00e9ralda, op\u00e9rationnel fin mars prochain\" \/>\n<meta property=\"og:description\" content=\"1sant\u00e9 - Le nouvel h\u00f4pital des urgences m\u00e9dicales de Z\u00e9ralda, op\u00e9rationnel fin mars prochain\" \/>\n<meta property=\"og:url\" content=\"https:\/\/www.1sante.com\/online\/le-nouvel-hopital-des-urgences-medicales-de-zeralda-operationnel-fin-mars-prochain\/\" \/>\n<meta property=\"og:site_name\" content=\"1sant\u00e9\" \/>\n<meta property=\"article:publisher\" content=\"https:\/\/web.facebook.com\/annuairemedical1sante\/\" \/>\n<meta property=\"article:published_time\" content=\"2022-12-16T08:09:02+00:00\" \/>\n<meta property=\"article:modified_time\" content=\"2024-05-10T18:00:46+00:00\" \/>\n<meta property=\"og:image\" content=\"https:\/\/www.1sante.com\/online\/wp-content\/uploads\/2022\/12\/1sante_161222.jpg\" \/>\n\t<meta property=\"og:image:width\" content=\"580\" \/>\n\t<meta property=\"og:image:height\" content=\"350\" \/>\n\t<meta property=\"og:image:type\" content=\"image\/jpeg\" \/>\n<meta name=\"author\" content=\"Redaction\" \/>\n<meta name=\"twitter:card\" content=\"summary_large_image\" \/>\n<meta name=\"twitter:label1\" content=\"\u00c9crit par\" \/>\n\t<meta name=\"twitter:data1\" content=\"Redaction\" \/>\n\t<meta name=\"twitter:label2\" content=\"Dur\u00e9e de lecture estim\u00e9e\" \/>\n\t<meta name=\"twitter:data2\" content=\"2 minutes\" \/>\n<script type=\"application\/ld+json\" class=\"yoast-schema-graph\">{\"@context\":\"https:\/\/schema.org\",\"@graph\":[{\"@type\":\"Article\",\"@id\":\"https:\/\/www.1sante.com\/online\/le-nouvel-hopital-des-urgences-medicales-de-zeralda-operationnel-fin-mars-prochain\/#article\",\"isPartOf\":{\"@id\":\"https:\/\/www.1sante.com\/online\/le-nouvel-hopital-des-urgences-medicales-de-zeralda-operationnel-fin-mars-prochain\/\"},\"author\":{\"name\":\"Redaction\",\"@id\":\"https:\/\/www.1sante.com\/online\/#\/schema\/person\/741bb9b09bae031795a6c95550c70430\"},\"headline\":\"Le nouvel h\u00f4pital des urgences m\u00e9dicales de Z\u00e9ralda, op\u00e9rationnel fin mars prochain\",\"datePublished\":\"2022-12-16T08:09:02+00:00\",\"dateModified\":\"2024-05-10T18:00:46+00:00\",\"mainEntityOfPage\":{\"@id\":\"https:\/\/www.1sante.com\/online\/le-nouvel-hopital-des-urgences-medicales-de-zeralda-operationnel-fin-mars-prochain\/\"},\"wordCount\":284,\"image\":{\"@id\":\"https:\/\/www.1sante.com\/online\/le-nouvel-hopital-des-urgences-medicales-de-zeralda-operationnel-fin-mars-prochain\/#primaryimage\"},\"thumbnailUrl\":\"https:\/\/www.1sante.com\/online\/wp-content\/uploads\/2022\/12\/1sante_161222.jpg\",\"articleSection\":[\"Actualit\u00e9\"],\"inLanguage\":\"fr-FR\"},{\"@type\":\"WebPage\",\"@id\":\"https:\/\/www.1sante.com\/online\/le-nouvel-hopital-des-urgences-medicales-de-zeralda-operationnel-fin-mars-prochain\/\",\"url\":\"https:\/\/www.1sante.com\/online\/le-nouvel-hopital-des-urgences-medicales-de-zeralda-operationnel-fin-mars-prochain\/\",\"name\":\"1sant\u00e9 - Le nouvel h\u00f4pital des urgences m\u00e9dicales de Z\u00e9ralda, op\u00e9rationnel fin mars prochain\",\"isPartOf\":{\"@id\":\"https:\/\/www.1sante.com\/online\/#website\"},\"primaryImageOfPage\":{\"@id\":\"https:\/\/www.1sante.com\/online\/le-nouvel-hopital-des-urgences-medicales-de-zeralda-operationnel-fin-mars-prochain\/#primaryimage\"},\"image\":{\"@id\":\"https:\/\/www.1sante.com\/online\/le-nouvel-hopital-des-urgences-medicales-de-zeralda-operationnel-fin-mars-prochain\/#primaryimage\"},\"thumbnailUrl\":\"https:\/\/www.1sante.com\/online\/wp-content\/uploads\/2022\/12\/1sante_161222.jpg\",\"datePublished\":\"2022-12-16T08:09:02+00:00\",\"dateModified\":\"2024-05-10T18:00:46+00:00\",\"author\":{\"@id\":\"https:\/\/www.1sante.com\/online\/#\/schema\/person\/741bb9b09bae031795a6c95550c70430\"},\"description\":\"1sant\u00e9 - Le nouvel h\u00f4pital des urgences m\u00e9dicales de Z\u00e9ralda, op\u00e9rationnel fin mars prochain\",\"breadcrumb\":{\"@id\":\"https:\/\/www.1sante.com\/online\/le-nouvel-hopital-des-urgences-medicales-de-zeralda-operationnel-fin-mars-prochain\/#breadcrumb\"},\"inLanguage\":\"fr-FR\",\"potentialAction\":[{\"@type\":\"ReadAction\",\"target\":[\"https:\/\/www.1sante.com\/online\/le-nouvel-hopital-des-urgences-medicales-de-zeralda-operationnel-fin-mars-prochain\/\"]}]},{\"@type\":\"ImageObject\",\"inLanguage\":\"fr-FR\",\"@id\":\"https:\/\/www.1sante.com\/online\/le-nouvel-hopital-des-urgences-medicales-de-zeralda-operationnel-fin-mars-prochain\/#primaryimage\",\"url\":\"https:\/\/www.1sante.com\/online\/wp-content\/uploads\/2022\/12\/1sante_161222.jpg\",\"contentUrl\":\"https:\/\/www.1sante.com\/online\/wp-content\/uploads\/2022\/12\/1sante_161222.jpg\",\"width\":580,\"height\":350},{\"@type\":\"BreadcrumbList\",\"@id\":\"https:\/\/www.1sante.com\/online\/le-nouvel-hopital-des-urgences-medicales-de-zeralda-operationnel-fin-mars-prochain\/#breadcrumb\",\"itemListElement\":[{\"@type\":\"ListItem\",\"position\":1,\"name\":\"Accueil\",\"item\":\"https:\/\/www.1sante.com\/online\/\"},{\"@type\":\"ListItem\",\"position\":2,\"name\":\"Le nouvel h\u00f4pital des urgences m\u00e9dicales de Z\u00e9ralda, op\u00e9rationnel fin mars prochain\"}]},{\"@type\":\"WebSite\",\"@id\":\"https:\/\/www.1sante.com\/online\/#website\",\"url\":\"https:\/\/www.1sante.com\/online\/\",\"name\":\"1sant\u00e9\",\"description\":\"1er Annuaire m\u00e9dical en Alg\u00e9rie\",\"potentialAction\":[{\"@type\":\"SearchAction\",\"target\":{\"@type\":\"EntryPoint\",\"urlTemplate\":\"https:\/\/www.1sante.com\/online\/?s={search_term_string}\"},\"query-input\":{\"@type\":\"PropertyValueSpecification\",\"valueRequired\":true,\"valueName\":\"search_term_string\"}}],\"inLanguage\":\"fr-FR\"},{\"@type\":\"Person\",\"@id\":\"https:\/\/www.1sante.com\/online\/#\/schema\/person\/741bb9b09bae031795a6c95550c70430\",\"name\":\"Redaction\",\"image\":{\"@type\":\"ImageObject\",\"inLanguage\":\"fr-FR\",\"@id\":\"https:\/\/www.1sante.com\/online\/#\/schema\/person\/image\/\",\"url\":\"https:\/\/secure.gravatar.com\/avatar\/74e5374845b7e78d6d398935ac5541e37b1ce37aab2f3f4092fef4ac231ba2c4?s=96&d=mm&r=g\",\"contentUrl\":\"https:\/\/secure.gravatar.com\/avatar\/74e5374845b7e78d6d398935ac5541e37b1ce37aab2f3f4092fef4ac231ba2c4?s=96&d=mm&r=g\",\"caption\":\"Redaction\"},\"url\":\"https:\/\/www.1sante.com\/online\/author\/redaction\/\"}]}<\/script>\n<!-- \/ Yoast SEO plugin. -->","yoast_head_json":{"title":"1sant\u00e9 - Le nouvel h\u00f4pital des urgences m\u00e9dicales de Z\u00e9ralda, op\u00e9rationnel fin mars prochain","description":"1sant\u00e9 - Le nouvel h\u00f4pital des urgences m\u00e9dicales de Z\u00e9ralda, op\u00e9rationnel fin mars prochain","robots":{"index":"index","follow":"follow","max-snippet":"max-snippet:-1","max-image-preview":"max-image-preview:large","max-video-preview":"max-video-preview:-1"},"canonical":"https:\/\/www.1sante.com\/online\/le-nouvel-hopital-des-urgences-medicales-de-zeralda-operationnel-fin-mars-prochain\/","og_locale":"fr_FR","og_type":"article","og_title":"1sant\u00e9 - Le nouvel h\u00f4pital des urgences m\u00e9dicales de Z\u00e9ralda, op\u00e9rationnel fin mars prochain","og_description":"1sant\u00e9 - Le nouvel h\u00f4pital des urgences m\u00e9dicales de Z\u00e9ralda, op\u00e9rationnel fin mars prochain","og_url":"https:\/\/www.1sante.com\/online\/le-nouvel-hopital-des-urgences-medicales-de-zeralda-operationnel-fin-mars-prochain\/","og_site_name":"1sant\u00e9","article_publisher":"https:\/\/web.facebook.com\/annuairemedical1sante\/","article_published_time":"2022-12-16T08:09:02+00:00","article_modified_time":"2024-05-10T18:00:46+00:00","og_image":[{"width":580,"height":350,"url":"https:\/\/www.1sante.com\/online\/wp-content\/uploads\/2022\/12\/1sante_161222.jpg","type":"image\/jpeg"}],"author":"Redaction","twitter_card":"summary_large_image","twitter_misc":{"\u00c9crit par":"Redaction","Dur\u00e9e de lecture estim\u00e9e":"2 minutes"},"schema":{"@context":"https:\/\/schema.org","@graph":[{"@type":"Article","@id":"https:\/\/www.1sante.com\/online\/le-nouvel-hopital-des-urgences-medicales-de-zeralda-operationnel-fin-mars-prochain\/#article","isPartOf":{"@id":"https:\/\/www.1sante.com\/online\/le-nouvel-hopital-des-urgences-medicales-de-zeralda-operationnel-fin-mars-prochain\/"},"author":{"name":"Redaction","@id":"https:\/\/www.1sante.com\/online\/#\/schema\/person\/741bb9b09bae031795a6c95550c70430"},"headline":"Le nouvel h\u00f4pital des urgences m\u00e9dicales de Z\u00e9ralda, op\u00e9rationnel fin mars prochain","datePublished":"2022-12-16T08:09:02+00:00","dateModified":"2024-05-10T18:00:46+00:00","mainEntityOfPage":{"@id":"https:\/\/www.1sante.com\/online\/le-nouvel-hopital-des-urgences-medicales-de-zeralda-operationnel-fin-mars-prochain\/"},"wordCount":284,"image":{"@id":"https:\/\/www.1sante.com\/online\/le-nouvel-hopital-des-urgences-medicales-de-zeralda-operationnel-fin-mars-prochain\/#primaryimage"},"thumbnailUrl":"https:\/\/www.1sante.com\/online\/wp-content\/uploads\/2022\/12\/1sante_161222.jpg","articleSection":["Actualit\u00e9"],"inLanguage":"fr-FR"},{"@type":"WebPage","@id":"https:\/\/www.1sante.com\/online\/le-nouvel-hopital-des-urgences-medicales-de-zeralda-operationnel-fin-mars-prochain\/","url":"https:\/\/www.1sante.com\/online\/le-nouvel-hopital-des-urgences-medicales-de-zeralda-operationnel-fin-mars-prochain\/","name":"1sant\u00e9 - Le nouvel h\u00f4pital des urgences m\u00e9dicales de Z\u00e9ralda, op\u00e9rationnel fin mars prochain","isPartOf":{"@id":"https:\/\/www.1sante.com\/online\/#website"},"primaryImageOfPage":{"@id":"https:\/\/www.1sante.com\/online\/le-nouvel-hopital-des-urgences-medicales-de-zeralda-operationnel-fin-mars-prochain\/#primaryimage"},"image":{"@id":"https:\/\/www.1sante.com\/online\/le-nouvel-hopital-des-urgences-medicales-de-zeralda-operationnel-fin-mars-prochain\/#primaryimage"},"thumbnailUrl":"https:\/\/www.1sante.com\/online\/wp-content\/uploads\/2022\/12\/1sante_161222.jpg","datePublished":"2022-12-16T08:09:02+00:00","dateModified":"2024-05-10T18:00:46+00:00","author":{"@id":"https:\/\/www.1sante.com\/online\/#\/schema\/person\/741bb9b09bae031795a6c95550c70430"},"description":"1sant\u00e9 - Le nouvel h\u00f4pital des urgences m\u00e9dicales de Z\u00e9ralda, op\u00e9rationnel fin mars prochain","breadcrumb":{"@id":"https:\/\/www.1sante.com\/online\/le-nouvel-hopital-des-urgences-medicales-de-zeralda-operationnel-fin-mars-prochain\/#breadcrumb"},"inLanguage":"fr-FR","potentialAction":[{"@type":"ReadAction","target":["https:\/\/www.1sante.com\/online\/le-nouvel-hopital-des-urgences-medicales-de-zeralda-operationnel-fin-mars-prochain\/"]}]},{"@type":"ImageObject","inLanguage":"fr-FR","@id":"https:\/\/www.1sante.com\/online\/le-nouvel-hopital-des-urgences-medicales-de-zeralda-operationnel-fin-mars-prochain\/#primaryimage","url":"https:\/\/www.1sante.com\/online\/wp-content\/uploads\/2022\/12\/1sante_161222.jpg","contentUrl":"https:\/\/www.1sante.com\/online\/wp-content\/uploads\/2022\/12\/1sante_161222.jpg","width":580,"height":350},{"@type":"BreadcrumbList","@id":"https:\/\/www.1sante.com\/online\/le-nouvel-hopital-des-urgences-medicales-de-zeralda-operationnel-fin-mars-prochain\/#breadcrumb","itemListElement":[{"@type":"ListItem","position":1,"name":"Accueil","item":"https:\/\/www.1sante.com\/online\/"},{"@type":"ListItem","position":2,"name":"Le nouvel h\u00f4pital des urgences m\u00e9dicales de Z\u00e9ralda, op\u00e9rationnel fin mars prochain"}]},{"@type":"WebSite","@id":"https:\/\/www.1sante.com\/online\/#website","url":"https:\/\/www.1sante.com\/online\/","name":"1sant\u00e9","description":"1er Annuaire m\u00e9dical en Alg\u00e9rie","potentialAction":[{"@type":"SearchAction","target":{"@type":"EntryPoint","urlTemplate":"https:\/\/www.1sante.com\/online\/?s={search_term_string}"},"query-input":{"@type":"PropertyValueSpecification","valueRequired":true,"valueName":"search_term_string"}}],"inLanguage":"fr-FR"},{"@type":"Person","@id":"https:\/\/www.1sante.com\/online\/#\/schema\/person\/741bb9b09bae031795a6c95550c70430","name":"Redaction","image":{"@type":"ImageObject","inLanguage":"fr-FR","@id":"https:\/\/www.1sante.com\/online\/#\/schema\/person\/image\/","url":"https:\/\/secure.gravatar.com\/avatar\/74e5374845b7e78d6d398935ac5541e37b1ce37aab2f3f4092fef4ac231ba2c4?s=96&d=mm&r=g","contentUrl":"https:\/\/secure.gravatar.com\/avatar\/74e5374845b7e78d6d398935ac5541e37b1ce37aab2f3f4092fef4ac231ba2c4?s=96&d=mm&r=g","caption":"Redaction"},"url":"https:\/\/www.1sante.com\/online\/author\/redaction\/"}]}},"_links":{"self":[{"href":"https:\/\/www.1sante.com\/online\/wp-json\/wp\/v2\/posts\/12228","targetHints":{"allow":["GET"]}}],"collection":[{"href":"https:\/\/www.1sante.com\/online\/wp-json\/wp\/v2\/posts"}],"about":[{"href":"https:\/\/www.1sante.com\/online\/wp-json\/wp\/v2\/types\/post"}],"author":[{"embeddable":true,"href":"https:\/\/www.1sante.com\/online\/wp-json\/wp\/v2\/users\/9"}],"replies":[{"embeddable":true,"href":"https:\/\/www.1sante.com\/online\/wp-json\/wp\/v2\/comments?post=12228"}],"version-history":[{"count":1,"href":"https:\/\/www.1sante.com\/online\/wp-json\/wp\/v2\/posts\/12228\/revisions"}],"predecessor-version":[{"id":12229,"href":"https:\/\/www.1sante.com\/online\/wp-json\/wp\/v2\/posts\/12228\/revisions\/12229"}],"wp:featuredmedia":[{"embeddable":true,"href":"https:\/\/www.1sante.com\/online\/wp-json\/wp\/v2\/media\/12227"}],"wp:attachment":[{"href":"https:\/\/www.1sante.com\/online\/wp-json\/wp\/v2\/media?parent=12228"}],"wp:term":[{"taxonomy":"category","embeddable":true,"href":"https:\/\/www.1sante.com\/online\/wp-json\/wp\/v2\/categories?post=12228"},{"taxonomy":"post_tag","embeddable":true,"href":"https:\/\/www.1sante.com\/online\/wp-json\/wp\/v2\/tags?post=12228"}],"curies":[{"name":"wp","href":"https:\/\/api.w.org\/{rel}","templated":true}]}}