{"id":12069,"date":"2022-11-13T09:06:36","date_gmt":"2022-11-13T08:06:36","guid":{"rendered":"https:\/\/www.1sante.com\/?p=12069"},"modified":"2024-05-10T19:01:27","modified_gmt":"2024-05-10T18:01:27","slug":"la-faculte-de-pharmacie-a-trace-sa-voie-pour-le-savoir-et-le-developpement","status":"publish","type":"post","link":"https:\/\/www.1sante.com\/online\/la-faculte-de-pharmacie-a-trace-sa-voie-pour-le-savoir-et-le-developpement\/","title":{"rendered":"La Facult\u00e9 de pharmacie a trac\u00e9 sa voie pour le savoir et le d\u00e9veloppement"},"content":{"rendered":"<p><strong>ALGER &#8211; Le Secr\u00e9taire g\u00e9n\u00e9ral du minist\u00e8re de l&#8217;Enseignement sup\u00e9rieur et de la Recherche scientifique, Abdelhakim Bentellis, a affirm\u00e9 samedi \u00e0 Alger que la Facult\u00e9 de pharmacie, cr\u00e9\u00e9e il y a une ann\u00e9e, a trac\u00e9 sa voie pour le savoir et le d\u00e9veloppement .<\/strong><\/p>\n<p>En marge d&#8217;une Journ\u00e9e d&#8217;\u00e9tude, organis\u00e9e par la Facult\u00e9 de pharmacie \u00e0 l&#8217;occasion du 1er anniversaire de sa cr\u00e9ation, M. Bentellis a pr\u00e9cis\u00e9 que cette facult\u00e9, anciennement d\u00e9partement de la Facult\u00e9 de m\u00e9decine de l&#8217;Universit\u00e9 d&#8217;Alger, a trac\u00e9 sa voie pour le savoir et le d\u00e9veloppement, saluant les efforts des personnels enseignant, technique et administratif pour relever le d\u00e9fi.<\/p>\n<p>Le responsable s&#8217;est \u00e9galement f\u00e9licit\u00e9 de l&#8217;hommage rendu par la facult\u00e9 aux enseignants retrait\u00e9s, saluant leur apport dans la formation et la publication de recherches scientifiques \u00e0 l&#8217;\u00e9chelle internationale. Ils sont &#8220;la fiert\u00e9 de l&#8217;universit\u00e9 alg\u00e9rienne&#8221;, a-t-il dit.<\/p>\n<p>M. Bentellis a, par ailleurs, annonc\u00e9 l&#8217;organisation prochaine d&#8217;une rencontre avec les facult\u00e9s de pharmacie d&#8217;universit\u00e9s africaines, dans le cadre du partenariat avec les facult\u00e9s \u00e9trang\u00e8res, estimant que se sera l&#8217;occasion pour la Facult\u00e9 de pharmacie alg\u00e9rienne de renforcer sa place au niveau r\u00e9gional et international.<\/p>\n<p>Le doyen de la Facult\u00e9 de pharmacie, Reda Djidjik, a fait savoir que la c\u00e9l\u00e9bration du premier anniversaire de la cr\u00e9ation de la facult\u00e9 \u00e9tait plac\u00e9e sous le th\u00e8me &#8220;Ethique et d\u00e9ontologie pharmaceutiques : enjeux et d\u00e9fis&#8221;.<\/p>\n<p>Dans une intervention sur la d\u00e9ontologie pharmaceutique, le pr\u00e9sident du Conseil national de l&#8217;Ordre des pharmaciens (CNOP), Noureddine Mettioui, a insist\u00e9 sur la n\u00e9cessit\u00e9 pour les praticiens de s&#8217;inscrire au conseil afin de prot\u00e9ger leurs droits mais aussi d&#8217;organiser et de promouvoir la profession.<\/p>\n<p>M. Mettioui a, \u00e0 cet \u00e9gard, rappel\u00e9 les lois r\u00e9gissant la pharmacie, dans les secteurs public et priv\u00e9, et la contribution du Conseil national de l&#8217;Ordre des pharmaciens \u00e0 la proposition et \u00e0 l&#8217;amendement des lois.<\/p>\n<p>Source https:\/\/www.aps.dz\/<\/p>\n","protected":false},"excerpt":{"rendered":"<p>ALGER &#8211; Le Secr\u00e9taire g\u00e9n\u00e9ral du minist\u00e8re de l&#8217;Enseignement sup\u00e9rieur et de la Recherche scientifique, Abdelhakim Bentellis, a affirm\u00e9 samedi \u00e0 Alger que la Facult\u00e9 de pharmacie, cr\u00e9\u00e9e il y a une ann\u00e9e, a trac\u00e9 sa voie pour le savoir et le d\u00e9veloppement . En marge d&#8217;une Journ\u00e9e d&#8217;\u00e9tude, organis\u00e9e par la Facult\u00e9 de pharmacie &hellip;<\/p>\n","protected":false},"author":9,"featured_media":12068,"comment_status":"closed","ping_status":"closed","sticky":false,"template":"","format":"standard","meta":{"footnotes":""},"categories":[1],"tags":[],"class_list":["post-12069","post","type-post","status-publish","format-standard","has-post-thumbnail","hentry","category-actualite"],"yoast_head":"<!-- This site is optimized with the Yoast SEO plugin v27.0 - https:\/\/yoast.com\/product\/yoast-seo-wordpress\/ -->\n<title>1sant\u00e9 - La Facult\u00e9 de pharmacie a trac\u00e9 sa voie pour le savoir et le d\u00e9veloppement<\/title>\n<meta name=\"description\" content=\"1sant\u00e9 - La Facult\u00e9 de pharmacie a trac\u00e9 sa voie pour le savoir et le d\u00e9veloppement\" \/>\n<meta name=\"robots\" content=\"index, follow, max-snippet:-1, max-image-preview:large, max-video-preview:-1\" \/>\n<link rel=\"canonical\" href=\"https:\/\/www.1sante.com\/online\/la-faculte-de-pharmacie-a-trace-sa-voie-pour-le-savoir-et-le-developpement\/\" \/>\n<meta property=\"og:locale\" content=\"fr_FR\" \/>\n<meta property=\"og:type\" content=\"article\" \/>\n<meta property=\"og:title\" content=\"1sant\u00e9 - La Facult\u00e9 de pharmacie a trac\u00e9 sa voie pour le savoir et le d\u00e9veloppement\" \/>\n<meta property=\"og:description\" content=\"1sant\u00e9 - La Facult\u00e9 de pharmacie a trac\u00e9 sa voie pour le savoir et le d\u00e9veloppement\" \/>\n<meta property=\"og:url\" content=\"https:\/\/www.1sante.com\/online\/la-faculte-de-pharmacie-a-trace-sa-voie-pour-le-savoir-et-le-developpement\/\" \/>\n<meta property=\"og:site_name\" content=\"1sant\u00e9\" \/>\n<meta property=\"article:publisher\" content=\"https:\/\/web.facebook.com\/annuairemedical1sante\/\" \/>\n<meta property=\"article:published_time\" content=\"2022-11-13T08:06:36+00:00\" \/>\n<meta property=\"article:modified_time\" content=\"2024-05-10T18:01:27+00:00\" \/>\n<meta property=\"og:image\" content=\"https:\/\/www.1sante.com\/online\/wp-content\/uploads\/2022\/11\/1sante_APS-131122.jpg\" \/>\n\t<meta property=\"og:image:width\" content=\"580\" \/>\n\t<meta property=\"og:image:height\" content=\"350\" \/>\n\t<meta property=\"og:image:type\" content=\"image\/jpeg\" \/>\n<meta name=\"author\" content=\"Redaction\" \/>\n<meta name=\"twitter:card\" content=\"summary_large_image\" \/>\n<meta name=\"twitter:label1\" content=\"\u00c9crit par\" \/>\n\t<meta name=\"twitter:data1\" content=\"Redaction\" \/>\n\t<meta name=\"twitter:label2\" content=\"Dur\u00e9e de lecture estim\u00e9e\" \/>\n\t<meta name=\"twitter:data2\" content=\"2 minutes\" \/>\n<script type=\"application\/ld+json\" class=\"yoast-schema-graph\">{\"@context\":\"https:\/\/schema.org\",\"@graph\":[{\"@type\":\"Article\",\"@id\":\"https:\/\/www.1sante.com\/online\/la-faculte-de-pharmacie-a-trace-sa-voie-pour-le-savoir-et-le-developpement\/#article\",\"isPartOf\":{\"@id\":\"https:\/\/www.1sante.com\/online\/la-faculte-de-pharmacie-a-trace-sa-voie-pour-le-savoir-et-le-developpement\/\"},\"author\":{\"name\":\"Redaction\",\"@id\":\"https:\/\/www.1sante.com\/online\/#\/schema\/person\/741bb9b09bae031795a6c95550c70430\"},\"headline\":\"La Facult\u00e9 de pharmacie a trac\u00e9 sa voie pour le savoir et le d\u00e9veloppement\",\"datePublished\":\"2022-11-13T08:06:36+00:00\",\"dateModified\":\"2024-05-10T18:01:27+00:00\",\"mainEntityOfPage\":{\"@id\":\"https:\/\/www.1sante.com\/online\/la-faculte-de-pharmacie-a-trace-sa-voie-pour-le-savoir-et-le-developpement\/\"},\"wordCount\":355,\"image\":{\"@id\":\"https:\/\/www.1sante.com\/online\/la-faculte-de-pharmacie-a-trace-sa-voie-pour-le-savoir-et-le-developpement\/#primaryimage\"},\"thumbnailUrl\":\"https:\/\/www.1sante.com\/online\/wp-content\/uploads\/2022\/11\/1sante_APS-131122.jpg\",\"articleSection\":[\"Actualit\u00e9\"],\"inLanguage\":\"fr-FR\"},{\"@type\":\"WebPage\",\"@id\":\"https:\/\/www.1sante.com\/online\/la-faculte-de-pharmacie-a-trace-sa-voie-pour-le-savoir-et-le-developpement\/\",\"url\":\"https:\/\/www.1sante.com\/online\/la-faculte-de-pharmacie-a-trace-sa-voie-pour-le-savoir-et-le-developpement\/\",\"name\":\"1sant\u00e9 - La Facult\u00e9 de pharmacie a trac\u00e9 sa voie pour le savoir et le d\u00e9veloppement\",\"isPartOf\":{\"@id\":\"https:\/\/www.1sante.com\/online\/#website\"},\"primaryImageOfPage\":{\"@id\":\"https:\/\/www.1sante.com\/online\/la-faculte-de-pharmacie-a-trace-sa-voie-pour-le-savoir-et-le-developpement\/#primaryimage\"},\"image\":{\"@id\":\"https:\/\/www.1sante.com\/online\/la-faculte-de-pharmacie-a-trace-sa-voie-pour-le-savoir-et-le-developpement\/#primaryimage\"},\"thumbnailUrl\":\"https:\/\/www.1sante.com\/online\/wp-content\/uploads\/2022\/11\/1sante_APS-131122.jpg\",\"datePublished\":\"2022-11-13T08:06:36+00:00\",\"dateModified\":\"2024-05-10T18:01:27+00:00\",\"author\":{\"@id\":\"https:\/\/www.1sante.com\/online\/#\/schema\/person\/741bb9b09bae031795a6c95550c70430\"},\"description\":\"1sant\u00e9 - La Facult\u00e9 de pharmacie a trac\u00e9 sa voie pour le savoir et le d\u00e9veloppement\",\"breadcrumb\":{\"@id\":\"https:\/\/www.1sante.com\/online\/la-faculte-de-pharmacie-a-trace-sa-voie-pour-le-savoir-et-le-developpement\/#breadcrumb\"},\"inLanguage\":\"fr-FR\",\"potentialAction\":[{\"@type\":\"ReadAction\",\"target\":[\"https:\/\/www.1sante.com\/online\/la-faculte-de-pharmacie-a-trace-sa-voie-pour-le-savoir-et-le-developpement\/\"]}]},{\"@type\":\"ImageObject\",\"inLanguage\":\"fr-FR\",\"@id\":\"https:\/\/www.1sante.com\/online\/la-faculte-de-pharmacie-a-trace-sa-voie-pour-le-savoir-et-le-developpement\/#primaryimage\",\"url\":\"https:\/\/www.1sante.com\/online\/wp-content\/uploads\/2022\/11\/1sante_APS-131122.jpg\",\"contentUrl\":\"https:\/\/www.1sante.com\/online\/wp-content\/uploads\/2022\/11\/1sante_APS-131122.jpg\",\"width\":580,\"height\":350},{\"@type\":\"BreadcrumbList\",\"@id\":\"https:\/\/www.1sante.com\/online\/la-faculte-de-pharmacie-a-trace-sa-voie-pour-le-savoir-et-le-developpement\/#breadcrumb\",\"itemListElement\":[{\"@type\":\"ListItem\",\"position\":1,\"name\":\"Accueil\",\"item\":\"https:\/\/www.1sante.com\/online\/\"},{\"@type\":\"ListItem\",\"position\":2,\"name\":\"La Facult\u00e9 de pharmacie a trac\u00e9 sa voie pour le savoir et le d\u00e9veloppement\"}]},{\"@type\":\"WebSite\",\"@id\":\"https:\/\/www.1sante.com\/online\/#website\",\"url\":\"https:\/\/www.1sante.com\/online\/\",\"name\":\"1sant\u00e9\",\"description\":\"1er Annuaire m\u00e9dical en Alg\u00e9rie\",\"potentialAction\":[{\"@type\":\"SearchAction\",\"target\":{\"@type\":\"EntryPoint\",\"urlTemplate\":\"https:\/\/www.1sante.com\/online\/?s={search_term_string}\"},\"query-input\":{\"@type\":\"PropertyValueSpecification\",\"valueRequired\":true,\"valueName\":\"search_term_string\"}}],\"inLanguage\":\"fr-FR\"},{\"@type\":\"Person\",\"@id\":\"https:\/\/www.1sante.com\/online\/#\/schema\/person\/741bb9b09bae031795a6c95550c70430\",\"name\":\"Redaction\",\"image\":{\"@type\":\"ImageObject\",\"inLanguage\":\"fr-FR\",\"@id\":\"https:\/\/www.1sante.com\/online\/#\/schema\/person\/image\/\",\"url\":\"https:\/\/secure.gravatar.com\/avatar\/74e5374845b7e78d6d398935ac5541e37b1ce37aab2f3f4092fef4ac231ba2c4?s=96&d=mm&r=g\",\"contentUrl\":\"https:\/\/secure.gravatar.com\/avatar\/74e5374845b7e78d6d398935ac5541e37b1ce37aab2f3f4092fef4ac231ba2c4?s=96&d=mm&r=g\",\"caption\":\"Redaction\"},\"url\":\"https:\/\/www.1sante.com\/online\/author\/redaction\/\"}]}<\/script>\n<!-- \/ Yoast SEO plugin. -->","yoast_head_json":{"title":"1sant\u00e9 - La Facult\u00e9 de pharmacie a trac\u00e9 sa voie pour le savoir et le d\u00e9veloppement","description":"1sant\u00e9 - La Facult\u00e9 de pharmacie a trac\u00e9 sa voie pour le savoir et le d\u00e9veloppement","robots":{"index":"index","follow":"follow","max-snippet":"max-snippet:-1","max-image-preview":"max-image-preview:large","max-video-preview":"max-video-preview:-1"},"canonical":"https:\/\/www.1sante.com\/online\/la-faculte-de-pharmacie-a-trace-sa-voie-pour-le-savoir-et-le-developpement\/","og_locale":"fr_FR","og_type":"article","og_title":"1sant\u00e9 - La Facult\u00e9 de pharmacie a trac\u00e9 sa voie pour le savoir et le d\u00e9veloppement","og_description":"1sant\u00e9 - La Facult\u00e9 de pharmacie a trac\u00e9 sa voie pour le savoir et le d\u00e9veloppement","og_url":"https:\/\/www.1sante.com\/online\/la-faculte-de-pharmacie-a-trace-sa-voie-pour-le-savoir-et-le-developpement\/","og_site_name":"1sant\u00e9","article_publisher":"https:\/\/web.facebook.com\/annuairemedical1sante\/","article_published_time":"2022-11-13T08:06:36+00:00","article_modified_time":"2024-05-10T18:01:27+00:00","og_image":[{"width":580,"height":350,"url":"https:\/\/www.1sante.com\/online\/wp-content\/uploads\/2022\/11\/1sante_APS-131122.jpg","type":"image\/jpeg"}],"author":"Redaction","twitter_card":"summary_large_image","twitter_misc":{"\u00c9crit par":"Redaction","Dur\u00e9e de lecture estim\u00e9e":"2 minutes"},"schema":{"@context":"https:\/\/schema.org","@graph":[{"@type":"Article","@id":"https:\/\/www.1sante.com\/online\/la-faculte-de-pharmacie-a-trace-sa-voie-pour-le-savoir-et-le-developpement\/#article","isPartOf":{"@id":"https:\/\/www.1sante.com\/online\/la-faculte-de-pharmacie-a-trace-sa-voie-pour-le-savoir-et-le-developpement\/"},"author":{"name":"Redaction","@id":"https:\/\/www.1sante.com\/online\/#\/schema\/person\/741bb9b09bae031795a6c95550c70430"},"headline":"La Facult\u00e9 de pharmacie a trac\u00e9 sa voie pour le savoir et le d\u00e9veloppement","datePublished":"2022-11-13T08:06:36+00:00","dateModified":"2024-05-10T18:01:27+00:00","mainEntityOfPage":{"@id":"https:\/\/www.1sante.com\/online\/la-faculte-de-pharmacie-a-trace-sa-voie-pour-le-savoir-et-le-developpement\/"},"wordCount":355,"image":{"@id":"https:\/\/www.1sante.com\/online\/la-faculte-de-pharmacie-a-trace-sa-voie-pour-le-savoir-et-le-developpement\/#primaryimage"},"thumbnailUrl":"https:\/\/www.1sante.com\/online\/wp-content\/uploads\/2022\/11\/1sante_APS-131122.jpg","articleSection":["Actualit\u00e9"],"inLanguage":"fr-FR"},{"@type":"WebPage","@id":"https:\/\/www.1sante.com\/online\/la-faculte-de-pharmacie-a-trace-sa-voie-pour-le-savoir-et-le-developpement\/","url":"https:\/\/www.1sante.com\/online\/la-faculte-de-pharmacie-a-trace-sa-voie-pour-le-savoir-et-le-developpement\/","name":"1sant\u00e9 - La Facult\u00e9 de pharmacie a trac\u00e9 sa voie pour le savoir et le d\u00e9veloppement","isPartOf":{"@id":"https:\/\/www.1sante.com\/online\/#website"},"primaryImageOfPage":{"@id":"https:\/\/www.1sante.com\/online\/la-faculte-de-pharmacie-a-trace-sa-voie-pour-le-savoir-et-le-developpement\/#primaryimage"},"image":{"@id":"https:\/\/www.1sante.com\/online\/la-faculte-de-pharmacie-a-trace-sa-voie-pour-le-savoir-et-le-developpement\/#primaryimage"},"thumbnailUrl":"https:\/\/www.1sante.com\/online\/wp-content\/uploads\/2022\/11\/1sante_APS-131122.jpg","datePublished":"2022-11-13T08:06:36+00:00","dateModified":"2024-05-10T18:01:27+00:00","author":{"@id":"https:\/\/www.1sante.com\/online\/#\/schema\/person\/741bb9b09bae031795a6c95550c70430"},"description":"1sant\u00e9 - La Facult\u00e9 de pharmacie a trac\u00e9 sa voie pour le savoir et le d\u00e9veloppement","breadcrumb":{"@id":"https:\/\/www.1sante.com\/online\/la-faculte-de-pharmacie-a-trace-sa-voie-pour-le-savoir-et-le-developpement\/#breadcrumb"},"inLanguage":"fr-FR","potentialAction":[{"@type":"ReadAction","target":["https:\/\/www.1sante.com\/online\/la-faculte-de-pharmacie-a-trace-sa-voie-pour-le-savoir-et-le-developpement\/"]}]},{"@type":"ImageObject","inLanguage":"fr-FR","@id":"https:\/\/www.1sante.com\/online\/la-faculte-de-pharmacie-a-trace-sa-voie-pour-le-savoir-et-le-developpement\/#primaryimage","url":"https:\/\/www.1sante.com\/online\/wp-content\/uploads\/2022\/11\/1sante_APS-131122.jpg","contentUrl":"https:\/\/www.1sante.com\/online\/wp-content\/uploads\/2022\/11\/1sante_APS-131122.jpg","width":580,"height":350},{"@type":"BreadcrumbList","@id":"https:\/\/www.1sante.com\/online\/la-faculte-de-pharmacie-a-trace-sa-voie-pour-le-savoir-et-le-developpement\/#breadcrumb","itemListElement":[{"@type":"ListItem","position":1,"name":"Accueil","item":"https:\/\/www.1sante.com\/online\/"},{"@type":"ListItem","position":2,"name":"La Facult\u00e9 de pharmacie a trac\u00e9 sa voie pour le savoir et le d\u00e9veloppement"}]},{"@type":"WebSite","@id":"https:\/\/www.1sante.com\/online\/#website","url":"https:\/\/www.1sante.com\/online\/","name":"1sant\u00e9","description":"1er Annuaire m\u00e9dical en Alg\u00e9rie","potentialAction":[{"@type":"SearchAction","target":{"@type":"EntryPoint","urlTemplate":"https:\/\/www.1sante.com\/online\/?s={search_term_string}"},"query-input":{"@type":"PropertyValueSpecification","valueRequired":true,"valueName":"search_term_string"}}],"inLanguage":"fr-FR"},{"@type":"Person","@id":"https:\/\/www.1sante.com\/online\/#\/schema\/person\/741bb9b09bae031795a6c95550c70430","name":"Redaction","image":{"@type":"ImageObject","inLanguage":"fr-FR","@id":"https:\/\/www.1sante.com\/online\/#\/schema\/person\/image\/","url":"https:\/\/secure.gravatar.com\/avatar\/74e5374845b7e78d6d398935ac5541e37b1ce37aab2f3f4092fef4ac231ba2c4?s=96&d=mm&r=g","contentUrl":"https:\/\/secure.gravatar.com\/avatar\/74e5374845b7e78d6d398935ac5541e37b1ce37aab2f3f4092fef4ac231ba2c4?s=96&d=mm&r=g","caption":"Redaction"},"url":"https:\/\/www.1sante.com\/online\/author\/redaction\/"}]}},"_links":{"self":[{"href":"https:\/\/www.1sante.com\/online\/wp-json\/wp\/v2\/posts\/12069","targetHints":{"allow":["GET"]}}],"collection":[{"href":"https:\/\/www.1sante.com\/online\/wp-json\/wp\/v2\/posts"}],"about":[{"href":"https:\/\/www.1sante.com\/online\/wp-json\/wp\/v2\/types\/post"}],"author":[{"embeddable":true,"href":"https:\/\/www.1sante.com\/online\/wp-json\/wp\/v2\/users\/9"}],"replies":[{"embeddable":true,"href":"https:\/\/www.1sante.com\/online\/wp-json\/wp\/v2\/comments?post=12069"}],"version-history":[{"count":1,"href":"https:\/\/www.1sante.com\/online\/wp-json\/wp\/v2\/posts\/12069\/revisions"}],"predecessor-version":[{"id":12070,"href":"https:\/\/www.1sante.com\/online\/wp-json\/wp\/v2\/posts\/12069\/revisions\/12070"}],"wp:featuredmedia":[{"embeddable":true,"href":"https:\/\/www.1sante.com\/online\/wp-json\/wp\/v2\/media\/12068"}],"wp:attachment":[{"href":"https:\/\/www.1sante.com\/online\/wp-json\/wp\/v2\/media?parent=12069"}],"wp:term":[{"taxonomy":"category","embeddable":true,"href":"https:\/\/www.1sante.com\/online\/wp-json\/wp\/v2\/categories?post=12069"},{"taxonomy":"post_tag","embeddable":true,"href":"https:\/\/www.1sante.com\/online\/wp-json\/wp\/v2\/tags?post=12069"}],"curies":[{"name":"wp","href":"https:\/\/api.w.org\/{rel}","templated":true}]}}