{"id":11884,"date":"2022-10-23T07:40:21","date_gmt":"2022-10-23T06:40:21","guid":{"rendered":"https:\/\/www.1sante.com\/?p=11884"},"modified":"2024-05-10T18:47:24","modified_gmt":"2024-05-10T17:47:24","slug":"oran-plus-de-3-000-professionnels-visitent-le-salon-pharmex-2022","status":"publish","type":"post","link":"https:\/\/www.1sante.com\/online\/oran-plus-de-3-000-professionnels-visitent-le-salon-pharmex-2022\/","title":{"rendered":"Oran: plus de 3.000 professionnels visitent le salon Pharmex 2022"},"content":{"rendered":"<p><strong>ORAN &#8211; La 6\u00e8me \u00e9dition du Salon professionnel de la pharmacie et de la parapharmacie (Pharmex 2022), cl\u00f4tur\u00e9e samedi au Centre des conventions &#8220;Mohamed Benahmed&#8221; d\u2019Oran, a drain\u00e9 une affluence importante de professionnels, d\u00e9passant les 3.000 visiteurs, venus d\u00e9couvrir les nouveaux produits pharmaceutiques et parapharmaceutiques, a-t-on appris du directeur du Salon.<\/strong><\/p>\n<p>Cette \u00e9dition a connu une affluence plus importante que la pr\u00e9c\u00e9dente, des sp\u00e9cialistes venus des diff\u00e9rentes r\u00e9gions du pays pour d\u00e9couvrir les nouveaux produits, principalement locaux, a pr\u00e9cis\u00e9 \u00e0 l&#8217;APS, M. Yassar Badour, en marge de la troisi\u00e8me et derni\u00e8re journ\u00e9e de ce salon professionnel.<\/p>\n<blockquote><p><em><strong>&#8220;C&#8217;\u00e9tait une occasion pour les pharmaciens, m\u00e9decins et autres sp\u00e9cialistes int\u00e9ress\u00e9s par le secteur de prendre connaissance des comp\u00e9tences locales qui ont beaucoup \u00e9volu\u00e9 ces derni\u00e8res ann\u00e9es, mais aussi pour les participants \u00e9trangers de d\u00e9couvrir les progressions de l&#8217;Industrie pharmaceutique et parapharmaceutique nationale&#8221;, a-t-il pr\u00e9cis\u00e9.<\/strong><\/em><\/p><\/blockquote>\n<p>Ce salon a \u00e9t\u00e9 une opportunit\u00e9 pour la signature de trois contrats entre des laboratoires et startup alg\u00e9riens et des hommes d&#8217;affaires de Tanzanie et du Zimbabwe, pour l&#8217;exportation de compl\u00e9ments alimentaires, des produits phytoth\u00e9rapiques, et du consommable m\u00e9dical.<\/p>\n<p>A ce sujet, le directeur du salon a consid\u00e9r\u00e9 que &#8220;ces contrats constituent une r\u00e9ussite, un premier pas vers d\u2019autres op\u00e9rations similaires. Durant le salon, il y a encore beaucoup de contacts qui se poursuivront avec des hommes d&#8217;affaires africains et d&#8217;autres pays participants, en vue d&#8217;exporter nos produits locaux qui sont de tr\u00e8s bonne qualit\u00e9&#8221;.<\/p>\n<p>Lors des trois jours de la manifestation, plusieurs interventions ayant trait \u00e0 la num\u00e9risation et \u00e0 la digitalisation dans le domaine pharmaceutique ont \u00e9t\u00e9 programm\u00e9es. Des intervenants ont mis en exergue les efforts d\u00e9ploy\u00e9s, ces derni\u00e8res ann\u00e9es dans ce domaine.<\/p>\n<p>Une centaine d\u2019exposants ont pris part \u00e0 cette \u00e9dition de ce salon, organis\u00e9e par l&#8217;agence &#8220;PHARMEX Com&#8221; sous le th\u00e8me &#8220;la pharmacie \u00e0 l\u2019\u00e8re du digital&#8221;. L\u2019\u00e9v\u00e9nement a \u00e9t\u00e9 marqu\u00e9 par une forte participation des laboratoires et d\u2019industriels nationaux sp\u00e9cialis\u00e9s dans la fabrication des produits pharmaceutiques et parapharmaceutiques dont 15 startups, rappelle-t-on.<\/p>\n<p>Source https:\/\/www.aps.dz\/<\/p>\n","protected":false},"excerpt":{"rendered":"<p>ORAN &#8211; La 6\u00e8me \u00e9dition du Salon professionnel de la pharmacie et de la parapharmacie (Pharmex 2022), cl\u00f4tur\u00e9e samedi au Centre des conventions &#8220;Mohamed Benahmed&#8221; d\u2019Oran, a drain\u00e9 une affluence importante de professionnels, d\u00e9passant les 3.000 visiteurs, venus d\u00e9couvrir les nouveaux produits pharmaceutiques et parapharmaceutiques, a-t-on appris du directeur du Salon. Cette \u00e9dition a connu &hellip;<\/p>\n","protected":false},"author":9,"featured_media":11883,"comment_status":"closed","ping_status":"closed","sticky":false,"template":"","format":"standard","meta":{"footnotes":""},"categories":[1],"tags":[],"class_list":["post-11884","post","type-post","status-publish","format-standard","has-post-thumbnail","hentry","category-actualite"],"yoast_head":"<!-- This site is optimized with the Yoast SEO plugin v27.0 - https:\/\/yoast.com\/product\/yoast-seo-wordpress\/ -->\n<title>1sant\u00e9 - Oran: plus de 3.000 professionnels visitent le salon Pharmex 2022<\/title>\n<meta name=\"description\" content=\"1sant\u00e9 - Oran: plus de 3.000 professionnels visitent le salon Pharmex 2022\" \/>\n<meta name=\"robots\" content=\"index, follow, max-snippet:-1, max-image-preview:large, max-video-preview:-1\" \/>\n<link rel=\"canonical\" href=\"https:\/\/www.1sante.com\/online\/oran-plus-de-3-000-professionnels-visitent-le-salon-pharmex-2022\/\" \/>\n<meta property=\"og:locale\" content=\"fr_FR\" \/>\n<meta property=\"og:type\" content=\"article\" \/>\n<meta property=\"og:title\" content=\"1sant\u00e9 - Oran: plus de 3.000 professionnels visitent le salon Pharmex 2022\" \/>\n<meta property=\"og:description\" content=\"1sant\u00e9 - Oran: plus de 3.000 professionnels visitent le salon Pharmex 2022\" \/>\n<meta property=\"og:url\" content=\"https:\/\/www.1sante.com\/online\/oran-plus-de-3-000-professionnels-visitent-le-salon-pharmex-2022\/\" \/>\n<meta property=\"og:site_name\" content=\"1sant\u00e9\" \/>\n<meta property=\"article:publisher\" content=\"https:\/\/web.facebook.com\/annuairemedical1sante\/\" \/>\n<meta property=\"article:published_time\" content=\"2022-10-23T06:40:21+00:00\" \/>\n<meta property=\"article:modified_time\" content=\"2024-05-10T17:47:24+00:00\" \/>\n<meta property=\"og:image\" content=\"https:\/\/www.1sante.com\/online\/wp-content\/uploads\/2022\/10\/1sante_APS-231022.jpg\" \/>\n\t<meta property=\"og:image:width\" content=\"580\" \/>\n\t<meta property=\"og:image:height\" content=\"350\" \/>\n\t<meta property=\"og:image:type\" content=\"image\/jpeg\" \/>\n<meta name=\"author\" content=\"Redaction\" \/>\n<meta name=\"twitter:card\" content=\"summary_large_image\" \/>\n<meta name=\"twitter:label1\" content=\"\u00c9crit par\" \/>\n\t<meta name=\"twitter:data1\" content=\"Redaction\" \/>\n\t<meta name=\"twitter:label2\" content=\"Dur\u00e9e de lecture estim\u00e9e\" \/>\n\t<meta name=\"twitter:data2\" content=\"2 minutes\" \/>\n<script type=\"application\/ld+json\" class=\"yoast-schema-graph\">{\"@context\":\"https:\/\/schema.org\",\"@graph\":[{\"@type\":\"Article\",\"@id\":\"https:\/\/www.1sante.com\/online\/oran-plus-de-3-000-professionnels-visitent-le-salon-pharmex-2022\/#article\",\"isPartOf\":{\"@id\":\"https:\/\/www.1sante.com\/online\/oran-plus-de-3-000-professionnels-visitent-le-salon-pharmex-2022\/\"},\"author\":{\"name\":\"Redaction\",\"@id\":\"https:\/\/www.1sante.com\/online\/#\/schema\/person\/741bb9b09bae031795a6c95550c70430\"},\"headline\":\"Oran: plus de 3.000 professionnels visitent le salon Pharmex 2022\",\"datePublished\":\"2022-10-23T06:40:21+00:00\",\"dateModified\":\"2024-05-10T17:47:24+00:00\",\"mainEntityOfPage\":{\"@id\":\"https:\/\/www.1sante.com\/online\/oran-plus-de-3-000-professionnels-visitent-le-salon-pharmex-2022\/\"},\"wordCount\":382,\"image\":{\"@id\":\"https:\/\/www.1sante.com\/online\/oran-plus-de-3-000-professionnels-visitent-le-salon-pharmex-2022\/#primaryimage\"},\"thumbnailUrl\":\"https:\/\/www.1sante.com\/online\/wp-content\/uploads\/2022\/10\/1sante_APS-231022.jpg\",\"articleSection\":[\"Actualit\u00e9\"],\"inLanguage\":\"fr-FR\"},{\"@type\":\"WebPage\",\"@id\":\"https:\/\/www.1sante.com\/online\/oran-plus-de-3-000-professionnels-visitent-le-salon-pharmex-2022\/\",\"url\":\"https:\/\/www.1sante.com\/online\/oran-plus-de-3-000-professionnels-visitent-le-salon-pharmex-2022\/\",\"name\":\"1sant\u00e9 - Oran: plus de 3.000 professionnels visitent le salon Pharmex 2022\",\"isPartOf\":{\"@id\":\"https:\/\/www.1sante.com\/online\/#website\"},\"primaryImageOfPage\":{\"@id\":\"https:\/\/www.1sante.com\/online\/oran-plus-de-3-000-professionnels-visitent-le-salon-pharmex-2022\/#primaryimage\"},\"image\":{\"@id\":\"https:\/\/www.1sante.com\/online\/oran-plus-de-3-000-professionnels-visitent-le-salon-pharmex-2022\/#primaryimage\"},\"thumbnailUrl\":\"https:\/\/www.1sante.com\/online\/wp-content\/uploads\/2022\/10\/1sante_APS-231022.jpg\",\"datePublished\":\"2022-10-23T06:40:21+00:00\",\"dateModified\":\"2024-05-10T17:47:24+00:00\",\"author\":{\"@id\":\"https:\/\/www.1sante.com\/online\/#\/schema\/person\/741bb9b09bae031795a6c95550c70430\"},\"description\":\"1sant\u00e9 - Oran: plus de 3.000 professionnels visitent le salon Pharmex 2022\",\"breadcrumb\":{\"@id\":\"https:\/\/www.1sante.com\/online\/oran-plus-de-3-000-professionnels-visitent-le-salon-pharmex-2022\/#breadcrumb\"},\"inLanguage\":\"fr-FR\",\"potentialAction\":[{\"@type\":\"ReadAction\",\"target\":[\"https:\/\/www.1sante.com\/online\/oran-plus-de-3-000-professionnels-visitent-le-salon-pharmex-2022\/\"]}]},{\"@type\":\"ImageObject\",\"inLanguage\":\"fr-FR\",\"@id\":\"https:\/\/www.1sante.com\/online\/oran-plus-de-3-000-professionnels-visitent-le-salon-pharmex-2022\/#primaryimage\",\"url\":\"https:\/\/www.1sante.com\/online\/wp-content\/uploads\/2022\/10\/1sante_APS-231022.jpg\",\"contentUrl\":\"https:\/\/www.1sante.com\/online\/wp-content\/uploads\/2022\/10\/1sante_APS-231022.jpg\",\"width\":580,\"height\":350},{\"@type\":\"BreadcrumbList\",\"@id\":\"https:\/\/www.1sante.com\/online\/oran-plus-de-3-000-professionnels-visitent-le-salon-pharmex-2022\/#breadcrumb\",\"itemListElement\":[{\"@type\":\"ListItem\",\"position\":1,\"name\":\"Accueil\",\"item\":\"https:\/\/www.1sante.com\/online\/\"},{\"@type\":\"ListItem\",\"position\":2,\"name\":\"Oran: plus de 3.000 professionnels visitent le salon Pharmex 2022\"}]},{\"@type\":\"WebSite\",\"@id\":\"https:\/\/www.1sante.com\/online\/#website\",\"url\":\"https:\/\/www.1sante.com\/online\/\",\"name\":\"1sant\u00e9\",\"description\":\"1er Annuaire m\u00e9dical en Alg\u00e9rie\",\"potentialAction\":[{\"@type\":\"SearchAction\",\"target\":{\"@type\":\"EntryPoint\",\"urlTemplate\":\"https:\/\/www.1sante.com\/online\/?s={search_term_string}\"},\"query-input\":{\"@type\":\"PropertyValueSpecification\",\"valueRequired\":true,\"valueName\":\"search_term_string\"}}],\"inLanguage\":\"fr-FR\"},{\"@type\":\"Person\",\"@id\":\"https:\/\/www.1sante.com\/online\/#\/schema\/person\/741bb9b09bae031795a6c95550c70430\",\"name\":\"Redaction\",\"image\":{\"@type\":\"ImageObject\",\"inLanguage\":\"fr-FR\",\"@id\":\"https:\/\/www.1sante.com\/online\/#\/schema\/person\/image\/\",\"url\":\"https:\/\/secure.gravatar.com\/avatar\/74e5374845b7e78d6d398935ac5541e37b1ce37aab2f3f4092fef4ac231ba2c4?s=96&d=mm&r=g\",\"contentUrl\":\"https:\/\/secure.gravatar.com\/avatar\/74e5374845b7e78d6d398935ac5541e37b1ce37aab2f3f4092fef4ac231ba2c4?s=96&d=mm&r=g\",\"caption\":\"Redaction\"},\"url\":\"https:\/\/www.1sante.com\/online\/author\/redaction\/\"}]}<\/script>\n<!-- \/ Yoast SEO plugin. -->","yoast_head_json":{"title":"1sant\u00e9 - Oran: plus de 3.000 professionnels visitent le salon Pharmex 2022","description":"1sant\u00e9 - Oran: plus de 3.000 professionnels visitent le salon Pharmex 2022","robots":{"index":"index","follow":"follow","max-snippet":"max-snippet:-1","max-image-preview":"max-image-preview:large","max-video-preview":"max-video-preview:-1"},"canonical":"https:\/\/www.1sante.com\/online\/oran-plus-de-3-000-professionnels-visitent-le-salon-pharmex-2022\/","og_locale":"fr_FR","og_type":"article","og_title":"1sant\u00e9 - Oran: plus de 3.000 professionnels visitent le salon Pharmex 2022","og_description":"1sant\u00e9 - Oran: plus de 3.000 professionnels visitent le salon Pharmex 2022","og_url":"https:\/\/www.1sante.com\/online\/oran-plus-de-3-000-professionnels-visitent-le-salon-pharmex-2022\/","og_site_name":"1sant\u00e9","article_publisher":"https:\/\/web.facebook.com\/annuairemedical1sante\/","article_published_time":"2022-10-23T06:40:21+00:00","article_modified_time":"2024-05-10T17:47:24+00:00","og_image":[{"width":580,"height":350,"url":"https:\/\/www.1sante.com\/online\/wp-content\/uploads\/2022\/10\/1sante_APS-231022.jpg","type":"image\/jpeg"}],"author":"Redaction","twitter_card":"summary_large_image","twitter_misc":{"\u00c9crit par":"Redaction","Dur\u00e9e de lecture estim\u00e9e":"2 minutes"},"schema":{"@context":"https:\/\/schema.org","@graph":[{"@type":"Article","@id":"https:\/\/www.1sante.com\/online\/oran-plus-de-3-000-professionnels-visitent-le-salon-pharmex-2022\/#article","isPartOf":{"@id":"https:\/\/www.1sante.com\/online\/oran-plus-de-3-000-professionnels-visitent-le-salon-pharmex-2022\/"},"author":{"name":"Redaction","@id":"https:\/\/www.1sante.com\/online\/#\/schema\/person\/741bb9b09bae031795a6c95550c70430"},"headline":"Oran: plus de 3.000 professionnels visitent le salon Pharmex 2022","datePublished":"2022-10-23T06:40:21+00:00","dateModified":"2024-05-10T17:47:24+00:00","mainEntityOfPage":{"@id":"https:\/\/www.1sante.com\/online\/oran-plus-de-3-000-professionnels-visitent-le-salon-pharmex-2022\/"},"wordCount":382,"image":{"@id":"https:\/\/www.1sante.com\/online\/oran-plus-de-3-000-professionnels-visitent-le-salon-pharmex-2022\/#primaryimage"},"thumbnailUrl":"https:\/\/www.1sante.com\/online\/wp-content\/uploads\/2022\/10\/1sante_APS-231022.jpg","articleSection":["Actualit\u00e9"],"inLanguage":"fr-FR"},{"@type":"WebPage","@id":"https:\/\/www.1sante.com\/online\/oran-plus-de-3-000-professionnels-visitent-le-salon-pharmex-2022\/","url":"https:\/\/www.1sante.com\/online\/oran-plus-de-3-000-professionnels-visitent-le-salon-pharmex-2022\/","name":"1sant\u00e9 - Oran: plus de 3.000 professionnels visitent le salon Pharmex 2022","isPartOf":{"@id":"https:\/\/www.1sante.com\/online\/#website"},"primaryImageOfPage":{"@id":"https:\/\/www.1sante.com\/online\/oran-plus-de-3-000-professionnels-visitent-le-salon-pharmex-2022\/#primaryimage"},"image":{"@id":"https:\/\/www.1sante.com\/online\/oran-plus-de-3-000-professionnels-visitent-le-salon-pharmex-2022\/#primaryimage"},"thumbnailUrl":"https:\/\/www.1sante.com\/online\/wp-content\/uploads\/2022\/10\/1sante_APS-231022.jpg","datePublished":"2022-10-23T06:40:21+00:00","dateModified":"2024-05-10T17:47:24+00:00","author":{"@id":"https:\/\/www.1sante.com\/online\/#\/schema\/person\/741bb9b09bae031795a6c95550c70430"},"description":"1sant\u00e9 - Oran: plus de 3.000 professionnels visitent le salon Pharmex 2022","breadcrumb":{"@id":"https:\/\/www.1sante.com\/online\/oran-plus-de-3-000-professionnels-visitent-le-salon-pharmex-2022\/#breadcrumb"},"inLanguage":"fr-FR","potentialAction":[{"@type":"ReadAction","target":["https:\/\/www.1sante.com\/online\/oran-plus-de-3-000-professionnels-visitent-le-salon-pharmex-2022\/"]}]},{"@type":"ImageObject","inLanguage":"fr-FR","@id":"https:\/\/www.1sante.com\/online\/oran-plus-de-3-000-professionnels-visitent-le-salon-pharmex-2022\/#primaryimage","url":"https:\/\/www.1sante.com\/online\/wp-content\/uploads\/2022\/10\/1sante_APS-231022.jpg","contentUrl":"https:\/\/www.1sante.com\/online\/wp-content\/uploads\/2022\/10\/1sante_APS-231022.jpg","width":580,"height":350},{"@type":"BreadcrumbList","@id":"https:\/\/www.1sante.com\/online\/oran-plus-de-3-000-professionnels-visitent-le-salon-pharmex-2022\/#breadcrumb","itemListElement":[{"@type":"ListItem","position":1,"name":"Accueil","item":"https:\/\/www.1sante.com\/online\/"},{"@type":"ListItem","position":2,"name":"Oran: plus de 3.000 professionnels visitent le salon Pharmex 2022"}]},{"@type":"WebSite","@id":"https:\/\/www.1sante.com\/online\/#website","url":"https:\/\/www.1sante.com\/online\/","name":"1sant\u00e9","description":"1er Annuaire m\u00e9dical en Alg\u00e9rie","potentialAction":[{"@type":"SearchAction","target":{"@type":"EntryPoint","urlTemplate":"https:\/\/www.1sante.com\/online\/?s={search_term_string}"},"query-input":{"@type":"PropertyValueSpecification","valueRequired":true,"valueName":"search_term_string"}}],"inLanguage":"fr-FR"},{"@type":"Person","@id":"https:\/\/www.1sante.com\/online\/#\/schema\/person\/741bb9b09bae031795a6c95550c70430","name":"Redaction","image":{"@type":"ImageObject","inLanguage":"fr-FR","@id":"https:\/\/www.1sante.com\/online\/#\/schema\/person\/image\/","url":"https:\/\/secure.gravatar.com\/avatar\/74e5374845b7e78d6d398935ac5541e37b1ce37aab2f3f4092fef4ac231ba2c4?s=96&d=mm&r=g","contentUrl":"https:\/\/secure.gravatar.com\/avatar\/74e5374845b7e78d6d398935ac5541e37b1ce37aab2f3f4092fef4ac231ba2c4?s=96&d=mm&r=g","caption":"Redaction"},"url":"https:\/\/www.1sante.com\/online\/author\/redaction\/"}]}},"_links":{"self":[{"href":"https:\/\/www.1sante.com\/online\/wp-json\/wp\/v2\/posts\/11884","targetHints":{"allow":["GET"]}}],"collection":[{"href":"https:\/\/www.1sante.com\/online\/wp-json\/wp\/v2\/posts"}],"about":[{"href":"https:\/\/www.1sante.com\/online\/wp-json\/wp\/v2\/types\/post"}],"author":[{"embeddable":true,"href":"https:\/\/www.1sante.com\/online\/wp-json\/wp\/v2\/users\/9"}],"replies":[{"embeddable":true,"href":"https:\/\/www.1sante.com\/online\/wp-json\/wp\/v2\/comments?post=11884"}],"version-history":[{"count":1,"href":"https:\/\/www.1sante.com\/online\/wp-json\/wp\/v2\/posts\/11884\/revisions"}],"predecessor-version":[{"id":11885,"href":"https:\/\/www.1sante.com\/online\/wp-json\/wp\/v2\/posts\/11884\/revisions\/11885"}],"wp:featuredmedia":[{"embeddable":true,"href":"https:\/\/www.1sante.com\/online\/wp-json\/wp\/v2\/media\/11883"}],"wp:attachment":[{"href":"https:\/\/www.1sante.com\/online\/wp-json\/wp\/v2\/media?parent=11884"}],"wp:term":[{"taxonomy":"category","embeddable":true,"href":"https:\/\/www.1sante.com\/online\/wp-json\/wp\/v2\/categories?post=11884"},{"taxonomy":"post_tag","embeddable":true,"href":"https:\/\/www.1sante.com\/online\/wp-json\/wp\/v2\/tags?post=11884"}],"curies":[{"name":"wp","href":"https:\/\/api.w.org\/{rel}","templated":true}]}}