{"id":11808,"date":"2022-10-13T06:58:55","date_gmt":"2022-10-13T05:58:55","guid":{"rendered":"https:\/\/www.1sante.com\/?p=11808"},"modified":"2024-05-10T18:47:24","modified_gmt":"2024-05-10T17:47:24","slug":"sante-le-17-octobre-institue-journee-national-de-lhygiene-hospitaliere","status":"publish","type":"post","link":"https:\/\/www.1sante.com\/online\/sante-le-17-octobre-institue-journee-national-de-lhygiene-hospitaliere\/","title":{"rendered":"Sant\u00e9: le 17 octobre institu\u00e9 Journ\u00e9e national de l&#8217;hygi\u00e8ne hospitali\u00e8re"},"content":{"rendered":"<h2 class=\"itemTitle\"><strong>ALGER &#8211; Le ministre de la Sant\u00e9, Abdelhak Saihi a insist\u00e9, mercredi lors d&#8217;une r\u00e9union en visioconf\u00e9rence avec les directeurs de sant\u00e9 des wilayas, sur l&#8217;importance de l&#8217;hygi\u00e8ne hospitali\u00e8re au niveau des \u00e9tablissements de sant\u00e9, un volet qui sera au centre d&#8217;une journ\u00e9e nationale c\u00e9l\u00e9br\u00e9e le 17 octobre, indique un communiqu\u00e9.<\/strong><\/h2>\n<p>Lors d&#8217;une r\u00e9union consacr\u00e9e au d\u00e9bat autour des mesures entreprises pour la mise en \u0153uvre d&#8217;une nouvelle feuille de route pour le secteur, en l&#8217;occurrence le Programme d&#8217;action pour le malade (PAM), M. Saihi a mis en avant l&#8217;importance &#8220;d&#8217;assurer l&#8217;hygi\u00e8ne hospitali\u00e8re au niveau des \u00e9tablissements de sant\u00e9 \u00e0 travers l&#8217;organisation de larges campagnes de nettoiement par tous les moyens et techniques n\u00e9cessaires en pr\u00e9vision du 17 octobre qui co\u00efncide avec la journ\u00e9e nationale de l&#8217;hygi\u00e8ne hospitali\u00e8re au niveau des \u00e9tablissements de sant\u00e9 publics&#8221;.<\/p>\n<p>Le ministre de la Sant\u00e9 a \u00e9cout\u00e9 en d\u00e9but de la r\u00e9union un expos\u00e9 pr\u00e9sent\u00e9 par le directeur g\u00e9n\u00e9ral de pr\u00e9vention et de promotion de la sant\u00e9, durant lequel il a mis l&#8217;accent sur &#8220;l&#8217;importance d&#8217;am\u00e9liorer l&#8217;image du secteur de la sant\u00e9 en Alg\u00e9rie, notamment la n\u00e9cessit\u00e9 de garantir l&#8217;hygi\u00e8ne en milieu hospitalier au niveau de toutes les structures de sant\u00e9 en application des instructions et orientations du ministre qui a institu\u00e9 le 17 octobre journ\u00e9e nationale de l&#8217;hygi\u00e8ne hospitali\u00e8re&#8221;, une occasion pour relancer tous ce qui est n\u00e9cessaire pour garantir l&#8217;hygi\u00e8ne au sein des \u00e9tablissements de sant\u00e9&#8221;, a pr\u00e9cis\u00e9 la m\u00eame source.<\/p>\n<p>Le ministre a donn\u00e9, lors de cette r\u00e9union qui a vu la pr\u00e9sence de cadres centraux, d&#8217;autres instructions, notamment &#8220;la disponibilit\u00e9 des m\u00e9dicaments et la maintenance pr\u00e9ventive des diff\u00e9rents \u00e9quipements m\u00e9dicaux, de la num\u00e9risation des \u00e9tablissements de sant\u00e9&#8221;, ainsi que la r\u00e9habilitation du r\u00f4le du m\u00e9decin de famille en pr\u00e9paration au travail selon les circonscriptions sanitaires, conform\u00e9ment \u00e0 la nouvelle loi sur la sant\u00e9&#8221;.<\/p>\n<p>Il a insist\u00e9 sur la n\u00e9cessit\u00e9 d&#8217;op\u00e9rer le changement escompt\u00e9 dans le secteur de la sant\u00e9 sur fond de disponibilit\u00e9 des capacit\u00e9s et moyens \u00e0 travers l&#8217;am\u00e9lioration des conditions d&#8217;accueil et de prise en charge des patients au niveau de tous les \u00e9tablissement et structures de sant\u00e9&#8221;.<\/p>\n<p>Le ministre de la Sant\u00e9 a r\u00e9affirm\u00e9 que &#8220;l&#8217;acc\u00e8s du patient aux diff\u00e9rents services m\u00e9dicaux repr\u00e9sente un objectif principal dans la nouvelle vision pour relancer le secteur de la sant\u00e9&#8221;, soulignant que &#8220;son d\u00e9partement minist\u00e9riel est pr\u00eat \u00e0 accompagner les \u00e9tablissements publics de sant\u00e9 dans l&#8217;ex\u00e9cution de toute proc\u00e9dure et initiative ayant la m\u00eame vision&#8221;, ajoute le m\u00eame communiqu\u00e9.<\/p>\n<p>A noter que cette r\u00e9union a \u00e9galement connu un expos\u00e9 du directeur g\u00e9n\u00e9ral des services sanitaires sur ce qui a \u00e9t\u00e9 entam\u00e9 en mati\u00e8re de proc\u00e9dures d&#8217;ex\u00e9cution du PAM, relatif aux urgences, et ce, \u00e0 travers le recueil des rapports des comit\u00e9s d&#8217;inspection et de contr\u00f4le envoy\u00e9s aux diff\u00e9rents \u00e9tablissements de sant\u00e9, afin de d\u00e9celer les lacunes et diagnostiquer les difficult\u00e9s.<\/p>\n<p>Il a \u00e9galement \u00e9t\u00e9 question d'&#8221;\u0153uvrer \u00e0 reconsid\u00e9rer la distribution des polycliniques travaillant avec le syst\u00e8me de roulement 24h\/24 en fonction du recensement de la population et la qualit\u00e9 des traitements propos\u00e9s&#8221;, en plus de &#8220;l&#8217;humanisation et l&#8217;am\u00e9lioration des conditions d&#8217;accueil des patients, notamment au niveau des urgences m\u00e9dicales et chirurgicales&#8221;.<\/p>\n<p>Dans son intervention, la directrice g\u00e9n\u00e9rale de la pharmacie et des \u00e9quipements de sant\u00e9 a soulign\u00e9 &#8220;l&#8217;imp\u00e9ratif de redynamiser les comit\u00e9s des produits pharmaceutiques permettant l&#8217;\u00e9valuation de ce qui devrait \u00eatre procur\u00e9 en mati\u00e8re de m\u00e9dicaments, selon les besoins exprim\u00e9s par les \u00e9tablissements de sant\u00e9 pour \u00e9viter toute \u00e9ventuelle raret\u00e9&#8221;, mais aussi &#8220;rendre accessible la maintenance p\u00e9riodique des diff\u00e9rents \u00e9quipements m\u00e9dicaux notamment ceux relatifs aux acc\u00e9l\u00e9rateurs&#8221;, a conclut le communiqu\u00e9 du minist\u00e8re de la Sant\u00e9.<\/p>\n<p>Source https:\/\/www.aps.dz\/<\/p>\n","protected":false},"excerpt":{"rendered":"<p>ALGER &#8211; Le ministre de la Sant\u00e9, Abdelhak Saihi a insist\u00e9, mercredi lors d&#8217;une r\u00e9union en visioconf\u00e9rence avec les directeurs de sant\u00e9 des wilayas, sur l&#8217;importance de l&#8217;hygi\u00e8ne hospitali\u00e8re au niveau des \u00e9tablissements de sant\u00e9, un volet qui sera au centre d&#8217;une journ\u00e9e nationale c\u00e9l\u00e9br\u00e9e le 17 octobre, indique un communiqu\u00e9. Lors d&#8217;une r\u00e9union consacr\u00e9e &hellip;<\/p>\n","protected":false},"author":9,"featured_media":11807,"comment_status":"closed","ping_status":"closed","sticky":false,"template":"","format":"standard","meta":{"footnotes":""},"categories":[1],"tags":[],"class_list":["post-11808","post","type-post","status-publish","format-standard","has-post-thumbnail","hentry","category-actualite"],"yoast_head":"<!-- This site is optimized with the Yoast SEO plugin v27.0 - https:\/\/yoast.com\/product\/yoast-seo-wordpress\/ -->\n<title>1sant\u00e9 - Sant\u00e9: le 17 octobre institu\u00e9 Journ\u00e9e national de l&#039;hygi\u00e8ne hospitali\u00e8re<\/title>\n<meta name=\"description\" content=\"1sant\u00e9 - Sant\u00e9: le 17 octobre institu\u00e9 Journ\u00e9e national de l&#039;hygi\u00e8ne hospitali\u00e8re\" \/>\n<meta name=\"robots\" content=\"index, follow, max-snippet:-1, max-image-preview:large, max-video-preview:-1\" \/>\n<link rel=\"canonical\" href=\"https:\/\/www.1sante.com\/online\/sante-le-17-octobre-institue-journee-national-de-lhygiene-hospitaliere\/\" \/>\n<meta property=\"og:locale\" content=\"fr_FR\" \/>\n<meta property=\"og:type\" content=\"article\" \/>\n<meta property=\"og:title\" content=\"1sant\u00e9 - Sant\u00e9: le 17 octobre institu\u00e9 Journ\u00e9e national de l&#039;hygi\u00e8ne hospitali\u00e8re\" \/>\n<meta property=\"og:description\" content=\"1sant\u00e9 - Sant\u00e9: le 17 octobre institu\u00e9 Journ\u00e9e national de l&#039;hygi\u00e8ne hospitali\u00e8re\" \/>\n<meta property=\"og:url\" content=\"https:\/\/www.1sante.com\/online\/sante-le-17-octobre-institue-journee-national-de-lhygiene-hospitaliere\/\" \/>\n<meta property=\"og:site_name\" content=\"1sant\u00e9\" \/>\n<meta property=\"article:publisher\" content=\"https:\/\/web.facebook.com\/annuairemedical1sante\/\" \/>\n<meta property=\"article:published_time\" content=\"2022-10-13T05:58:55+00:00\" \/>\n<meta property=\"article:modified_time\" content=\"2024-05-10T17:47:24+00:00\" \/>\n<meta property=\"og:image\" content=\"https:\/\/www.1sante.com\/online\/wp-content\/uploads\/2022\/10\/1sante_APS-131022.jpg\" \/>\n\t<meta property=\"og:image:width\" content=\"580\" \/>\n\t<meta property=\"og:image:height\" content=\"350\" \/>\n\t<meta property=\"og:image:type\" content=\"image\/jpeg\" \/>\n<meta name=\"author\" content=\"Redaction\" \/>\n<meta name=\"twitter:card\" content=\"summary_large_image\" \/>\n<meta name=\"twitter:label1\" content=\"\u00c9crit par\" \/>\n\t<meta name=\"twitter:data1\" content=\"Redaction\" \/>\n\t<meta name=\"twitter:label2\" content=\"Dur\u00e9e de lecture estim\u00e9e\" \/>\n\t<meta name=\"twitter:data2\" content=\"4 minutes\" \/>\n<script type=\"application\/ld+json\" class=\"yoast-schema-graph\">{\"@context\":\"https:\/\/schema.org\",\"@graph\":[{\"@type\":\"Article\",\"@id\":\"https:\/\/www.1sante.com\/online\/sante-le-17-octobre-institue-journee-national-de-lhygiene-hospitaliere\/#article\",\"isPartOf\":{\"@id\":\"https:\/\/www.1sante.com\/online\/sante-le-17-octobre-institue-journee-national-de-lhygiene-hospitaliere\/\"},\"author\":{\"name\":\"Redaction\",\"@id\":\"https:\/\/www.1sante.com\/online\/#\/schema\/person\/741bb9b09bae031795a6c95550c70430\"},\"headline\":\"Sant\u00e9: le 17 octobre institu\u00e9 Journ\u00e9e national de l&#8217;hygi\u00e8ne hospitali\u00e8re\",\"datePublished\":\"2022-10-13T05:58:55+00:00\",\"dateModified\":\"2024-05-10T17:47:24+00:00\",\"mainEntityOfPage\":{\"@id\":\"https:\/\/www.1sante.com\/online\/sante-le-17-octobre-institue-journee-national-de-lhygiene-hospitaliere\/\"},\"wordCount\":699,\"image\":{\"@id\":\"https:\/\/www.1sante.com\/online\/sante-le-17-octobre-institue-journee-national-de-lhygiene-hospitaliere\/#primaryimage\"},\"thumbnailUrl\":\"https:\/\/www.1sante.com\/online\/wp-content\/uploads\/2022\/10\/1sante_APS-131022.jpg\",\"articleSection\":[\"Actualit\u00e9\"],\"inLanguage\":\"fr-FR\"},{\"@type\":\"WebPage\",\"@id\":\"https:\/\/www.1sante.com\/online\/sante-le-17-octobre-institue-journee-national-de-lhygiene-hospitaliere\/\",\"url\":\"https:\/\/www.1sante.com\/online\/sante-le-17-octobre-institue-journee-national-de-lhygiene-hospitaliere\/\",\"name\":\"1sant\u00e9 - Sant\u00e9: le 17 octobre institu\u00e9 Journ\u00e9e national de l'hygi\u00e8ne hospitali\u00e8re\",\"isPartOf\":{\"@id\":\"https:\/\/www.1sante.com\/online\/#website\"},\"primaryImageOfPage\":{\"@id\":\"https:\/\/www.1sante.com\/online\/sante-le-17-octobre-institue-journee-national-de-lhygiene-hospitaliere\/#primaryimage\"},\"image\":{\"@id\":\"https:\/\/www.1sante.com\/online\/sante-le-17-octobre-institue-journee-national-de-lhygiene-hospitaliere\/#primaryimage\"},\"thumbnailUrl\":\"https:\/\/www.1sante.com\/online\/wp-content\/uploads\/2022\/10\/1sante_APS-131022.jpg\",\"datePublished\":\"2022-10-13T05:58:55+00:00\",\"dateModified\":\"2024-05-10T17:47:24+00:00\",\"author\":{\"@id\":\"https:\/\/www.1sante.com\/online\/#\/schema\/person\/741bb9b09bae031795a6c95550c70430\"},\"description\":\"1sant\u00e9 - Sant\u00e9: le 17 octobre institu\u00e9 Journ\u00e9e national de l'hygi\u00e8ne hospitali\u00e8re\",\"breadcrumb\":{\"@id\":\"https:\/\/www.1sante.com\/online\/sante-le-17-octobre-institue-journee-national-de-lhygiene-hospitaliere\/#breadcrumb\"},\"inLanguage\":\"fr-FR\",\"potentialAction\":[{\"@type\":\"ReadAction\",\"target\":[\"https:\/\/www.1sante.com\/online\/sante-le-17-octobre-institue-journee-national-de-lhygiene-hospitaliere\/\"]}]},{\"@type\":\"ImageObject\",\"inLanguage\":\"fr-FR\",\"@id\":\"https:\/\/www.1sante.com\/online\/sante-le-17-octobre-institue-journee-national-de-lhygiene-hospitaliere\/#primaryimage\",\"url\":\"https:\/\/www.1sante.com\/online\/wp-content\/uploads\/2022\/10\/1sante_APS-131022.jpg\",\"contentUrl\":\"https:\/\/www.1sante.com\/online\/wp-content\/uploads\/2022\/10\/1sante_APS-131022.jpg\",\"width\":580,\"height\":350},{\"@type\":\"BreadcrumbList\",\"@id\":\"https:\/\/www.1sante.com\/online\/sante-le-17-octobre-institue-journee-national-de-lhygiene-hospitaliere\/#breadcrumb\",\"itemListElement\":[{\"@type\":\"ListItem\",\"position\":1,\"name\":\"Accueil\",\"item\":\"https:\/\/www.1sante.com\/online\/\"},{\"@type\":\"ListItem\",\"position\":2,\"name\":\"Sant\u00e9: le 17 octobre institu\u00e9 Journ\u00e9e national de l&#8217;hygi\u00e8ne hospitali\u00e8re\"}]},{\"@type\":\"WebSite\",\"@id\":\"https:\/\/www.1sante.com\/online\/#website\",\"url\":\"https:\/\/www.1sante.com\/online\/\",\"name\":\"1sant\u00e9\",\"description\":\"1er Annuaire m\u00e9dical en Alg\u00e9rie\",\"potentialAction\":[{\"@type\":\"SearchAction\",\"target\":{\"@type\":\"EntryPoint\",\"urlTemplate\":\"https:\/\/www.1sante.com\/online\/?s={search_term_string}\"},\"query-input\":{\"@type\":\"PropertyValueSpecification\",\"valueRequired\":true,\"valueName\":\"search_term_string\"}}],\"inLanguage\":\"fr-FR\"},{\"@type\":\"Person\",\"@id\":\"https:\/\/www.1sante.com\/online\/#\/schema\/person\/741bb9b09bae031795a6c95550c70430\",\"name\":\"Redaction\",\"image\":{\"@type\":\"ImageObject\",\"inLanguage\":\"fr-FR\",\"@id\":\"https:\/\/www.1sante.com\/online\/#\/schema\/person\/image\/\",\"url\":\"https:\/\/secure.gravatar.com\/avatar\/74e5374845b7e78d6d398935ac5541e37b1ce37aab2f3f4092fef4ac231ba2c4?s=96&d=mm&r=g\",\"contentUrl\":\"https:\/\/secure.gravatar.com\/avatar\/74e5374845b7e78d6d398935ac5541e37b1ce37aab2f3f4092fef4ac231ba2c4?s=96&d=mm&r=g\",\"caption\":\"Redaction\"},\"url\":\"https:\/\/www.1sante.com\/online\/author\/redaction\/\"}]}<\/script>\n<!-- \/ Yoast SEO plugin. -->","yoast_head_json":{"title":"1sant\u00e9 - Sant\u00e9: le 17 octobre institu\u00e9 Journ\u00e9e national de l'hygi\u00e8ne hospitali\u00e8re","description":"1sant\u00e9 - Sant\u00e9: le 17 octobre institu\u00e9 Journ\u00e9e national de l'hygi\u00e8ne hospitali\u00e8re","robots":{"index":"index","follow":"follow","max-snippet":"max-snippet:-1","max-image-preview":"max-image-preview:large","max-video-preview":"max-video-preview:-1"},"canonical":"https:\/\/www.1sante.com\/online\/sante-le-17-octobre-institue-journee-national-de-lhygiene-hospitaliere\/","og_locale":"fr_FR","og_type":"article","og_title":"1sant\u00e9 - Sant\u00e9: le 17 octobre institu\u00e9 Journ\u00e9e national de l'hygi\u00e8ne hospitali\u00e8re","og_description":"1sant\u00e9 - Sant\u00e9: le 17 octobre institu\u00e9 Journ\u00e9e national de l'hygi\u00e8ne hospitali\u00e8re","og_url":"https:\/\/www.1sante.com\/online\/sante-le-17-octobre-institue-journee-national-de-lhygiene-hospitaliere\/","og_site_name":"1sant\u00e9","article_publisher":"https:\/\/web.facebook.com\/annuairemedical1sante\/","article_published_time":"2022-10-13T05:58:55+00:00","article_modified_time":"2024-05-10T17:47:24+00:00","og_image":[{"width":580,"height":350,"url":"https:\/\/www.1sante.com\/online\/wp-content\/uploads\/2022\/10\/1sante_APS-131022.jpg","type":"image\/jpeg"}],"author":"Redaction","twitter_card":"summary_large_image","twitter_misc":{"\u00c9crit par":"Redaction","Dur\u00e9e de lecture estim\u00e9e":"4 minutes"},"schema":{"@context":"https:\/\/schema.org","@graph":[{"@type":"Article","@id":"https:\/\/www.1sante.com\/online\/sante-le-17-octobre-institue-journee-national-de-lhygiene-hospitaliere\/#article","isPartOf":{"@id":"https:\/\/www.1sante.com\/online\/sante-le-17-octobre-institue-journee-national-de-lhygiene-hospitaliere\/"},"author":{"name":"Redaction","@id":"https:\/\/www.1sante.com\/online\/#\/schema\/person\/741bb9b09bae031795a6c95550c70430"},"headline":"Sant\u00e9: le 17 octobre institu\u00e9 Journ\u00e9e national de l&#8217;hygi\u00e8ne hospitali\u00e8re","datePublished":"2022-10-13T05:58:55+00:00","dateModified":"2024-05-10T17:47:24+00:00","mainEntityOfPage":{"@id":"https:\/\/www.1sante.com\/online\/sante-le-17-octobre-institue-journee-national-de-lhygiene-hospitaliere\/"},"wordCount":699,"image":{"@id":"https:\/\/www.1sante.com\/online\/sante-le-17-octobre-institue-journee-national-de-lhygiene-hospitaliere\/#primaryimage"},"thumbnailUrl":"https:\/\/www.1sante.com\/online\/wp-content\/uploads\/2022\/10\/1sante_APS-131022.jpg","articleSection":["Actualit\u00e9"],"inLanguage":"fr-FR"},{"@type":"WebPage","@id":"https:\/\/www.1sante.com\/online\/sante-le-17-octobre-institue-journee-national-de-lhygiene-hospitaliere\/","url":"https:\/\/www.1sante.com\/online\/sante-le-17-octobre-institue-journee-national-de-lhygiene-hospitaliere\/","name":"1sant\u00e9 - Sant\u00e9: le 17 octobre institu\u00e9 Journ\u00e9e national de l'hygi\u00e8ne hospitali\u00e8re","isPartOf":{"@id":"https:\/\/www.1sante.com\/online\/#website"},"primaryImageOfPage":{"@id":"https:\/\/www.1sante.com\/online\/sante-le-17-octobre-institue-journee-national-de-lhygiene-hospitaliere\/#primaryimage"},"image":{"@id":"https:\/\/www.1sante.com\/online\/sante-le-17-octobre-institue-journee-national-de-lhygiene-hospitaliere\/#primaryimage"},"thumbnailUrl":"https:\/\/www.1sante.com\/online\/wp-content\/uploads\/2022\/10\/1sante_APS-131022.jpg","datePublished":"2022-10-13T05:58:55+00:00","dateModified":"2024-05-10T17:47:24+00:00","author":{"@id":"https:\/\/www.1sante.com\/online\/#\/schema\/person\/741bb9b09bae031795a6c95550c70430"},"description":"1sant\u00e9 - Sant\u00e9: le 17 octobre institu\u00e9 Journ\u00e9e national de l'hygi\u00e8ne hospitali\u00e8re","breadcrumb":{"@id":"https:\/\/www.1sante.com\/online\/sante-le-17-octobre-institue-journee-national-de-lhygiene-hospitaliere\/#breadcrumb"},"inLanguage":"fr-FR","potentialAction":[{"@type":"ReadAction","target":["https:\/\/www.1sante.com\/online\/sante-le-17-octobre-institue-journee-national-de-lhygiene-hospitaliere\/"]}]},{"@type":"ImageObject","inLanguage":"fr-FR","@id":"https:\/\/www.1sante.com\/online\/sante-le-17-octobre-institue-journee-national-de-lhygiene-hospitaliere\/#primaryimage","url":"https:\/\/www.1sante.com\/online\/wp-content\/uploads\/2022\/10\/1sante_APS-131022.jpg","contentUrl":"https:\/\/www.1sante.com\/online\/wp-content\/uploads\/2022\/10\/1sante_APS-131022.jpg","width":580,"height":350},{"@type":"BreadcrumbList","@id":"https:\/\/www.1sante.com\/online\/sante-le-17-octobre-institue-journee-national-de-lhygiene-hospitaliere\/#breadcrumb","itemListElement":[{"@type":"ListItem","position":1,"name":"Accueil","item":"https:\/\/www.1sante.com\/online\/"},{"@type":"ListItem","position":2,"name":"Sant\u00e9: le 17 octobre institu\u00e9 Journ\u00e9e national de l&#8217;hygi\u00e8ne hospitali\u00e8re"}]},{"@type":"WebSite","@id":"https:\/\/www.1sante.com\/online\/#website","url":"https:\/\/www.1sante.com\/online\/","name":"1sant\u00e9","description":"1er Annuaire m\u00e9dical en Alg\u00e9rie","potentialAction":[{"@type":"SearchAction","target":{"@type":"EntryPoint","urlTemplate":"https:\/\/www.1sante.com\/online\/?s={search_term_string}"},"query-input":{"@type":"PropertyValueSpecification","valueRequired":true,"valueName":"search_term_string"}}],"inLanguage":"fr-FR"},{"@type":"Person","@id":"https:\/\/www.1sante.com\/online\/#\/schema\/person\/741bb9b09bae031795a6c95550c70430","name":"Redaction","image":{"@type":"ImageObject","inLanguage":"fr-FR","@id":"https:\/\/www.1sante.com\/online\/#\/schema\/person\/image\/","url":"https:\/\/secure.gravatar.com\/avatar\/74e5374845b7e78d6d398935ac5541e37b1ce37aab2f3f4092fef4ac231ba2c4?s=96&d=mm&r=g","contentUrl":"https:\/\/secure.gravatar.com\/avatar\/74e5374845b7e78d6d398935ac5541e37b1ce37aab2f3f4092fef4ac231ba2c4?s=96&d=mm&r=g","caption":"Redaction"},"url":"https:\/\/www.1sante.com\/online\/author\/redaction\/"}]}},"_links":{"self":[{"href":"https:\/\/www.1sante.com\/online\/wp-json\/wp\/v2\/posts\/11808","targetHints":{"allow":["GET"]}}],"collection":[{"href":"https:\/\/www.1sante.com\/online\/wp-json\/wp\/v2\/posts"}],"about":[{"href":"https:\/\/www.1sante.com\/online\/wp-json\/wp\/v2\/types\/post"}],"author":[{"embeddable":true,"href":"https:\/\/www.1sante.com\/online\/wp-json\/wp\/v2\/users\/9"}],"replies":[{"embeddable":true,"href":"https:\/\/www.1sante.com\/online\/wp-json\/wp\/v2\/comments?post=11808"}],"version-history":[{"count":1,"href":"https:\/\/www.1sante.com\/online\/wp-json\/wp\/v2\/posts\/11808\/revisions"}],"predecessor-version":[{"id":11809,"href":"https:\/\/www.1sante.com\/online\/wp-json\/wp\/v2\/posts\/11808\/revisions\/11809"}],"wp:featuredmedia":[{"embeddable":true,"href":"https:\/\/www.1sante.com\/online\/wp-json\/wp\/v2\/media\/11807"}],"wp:attachment":[{"href":"https:\/\/www.1sante.com\/online\/wp-json\/wp\/v2\/media?parent=11808"}],"wp:term":[{"taxonomy":"category","embeddable":true,"href":"https:\/\/www.1sante.com\/online\/wp-json\/wp\/v2\/categories?post=11808"},{"taxonomy":"post_tag","embeddable":true,"href":"https:\/\/www.1sante.com\/online\/wp-json\/wp\/v2\/tags?post=11808"}],"curies":[{"name":"wp","href":"https:\/\/api.w.org\/{rel}","templated":true}]}}