{"id":11070,"date":"2022-09-10T17:21:06","date_gmt":"2022-09-10T16:21:06","guid":{"rendered":"https:\/\/www.1sante.com\/?p=11070"},"modified":"2024-05-10T18:46:25","modified_gmt":"2024-05-10T17:46:25","slug":"abdelhak-saihi-prend-ses-nouvelles-fonctions-a-la-tete-du-ministere-de-la-sante","status":"publish","type":"post","link":"https:\/\/www.1sante.com\/online\/abdelhak-saihi-prend-ses-nouvelles-fonctions-a-la-tete-du-ministere-de-la-sante\/","title":{"rendered":"Abdelhak Saihi prend ses nouvelles fonctions \u00e0 la t\u00eate du minist\u00e8re de la Sant\u00e9"},"content":{"rendered":"<p><strong>ALGER &#8211; Abdelhak Saihi a pris vendredi ses nouvelles fonctions \u00e0 la t\u00eate du minist\u00e8re de la Sant\u00e9 en remplacement de M. Abderrahmane Benbouzid apr\u00e8s le <em><a href=\"https:\/\/www.aps.dz\/algerie\/144506-le-president-tebboune-procede-a-un-remaniement-ministeriel\" target=\"_blank\" rel=\"noopener noreferrer\">remaniement minist\u00e9riel<\/a><\/em> effectu\u00e9 par le pr\u00e9sident de la R\u00e9publique M. Abdelmadjid Tebboune.<\/strong><\/p>\n<p>Dans une allocution prononc\u00e9e \u00e0 cette occasion, le nouveau ministre a remerci\u00e9 le pr\u00e9sident de la R\u00e9publique pour la confiance qu&#8217;il a plac\u00e9e en lui affirmant sa d\u00e9termination d&#8217;\u0153uvrer \u00e0 relever les d\u00e9fis du secteur de la sant\u00e9.<br \/>\nDe son c\u00f4t\u00e9, M. Benbouzid a indiqu\u00e9 avoir re\u00e7u le portefeuille de la sant\u00e9 &#8220;dans des conditions difficiles&#8221; en raison de l&#8217;apparition de la pand\u00e9mie du Coronavirus, adressant ses remerciements \u00e0 tous les cadres et gestionnaires des \u00e9tablissements hospitaliers qui l&#8217;ont accompagn\u00e9 durant son parcours.<\/p>\n<p>Source https:\/\/www.aps.dz\/<\/p>\n","protected":false},"excerpt":{"rendered":"<p>ALGER &#8211; Abdelhak Saihi a pris vendredi ses nouvelles fonctions \u00e0 la t\u00eate du minist\u00e8re de la Sant\u00e9 en remplacement de M. Abderrahmane Benbouzid apr\u00e8s le remaniement minist\u00e9riel effectu\u00e9 par le pr\u00e9sident de la R\u00e9publique M. Abdelmadjid Tebboune. Dans une allocution prononc\u00e9e \u00e0 cette occasion, le nouveau ministre a remerci\u00e9 le pr\u00e9sident de la R\u00e9publique &hellip;<\/p>\n","protected":false},"author":9,"featured_media":11069,"comment_status":"closed","ping_status":"closed","sticky":false,"template":"","format":"standard","meta":{"footnotes":""},"categories":[1],"tags":[],"class_list":["post-11070","post","type-post","status-publish","format-standard","has-post-thumbnail","hentry","category-actualite"],"yoast_head":"<!-- This site is optimized with the Yoast SEO plugin v27.0 - https:\/\/yoast.com\/product\/yoast-seo-wordpress\/ -->\n<title>1sant\u00e9 - Abdelhak Saihi prend ses nouvelles fonctions \u00e0 la t\u00eate du minist\u00e8re de la Sant\u00e9<\/title>\n<meta name=\"description\" content=\"1sant\u00e9 - Abdelhak Saihi prend ses nouvelles fonctions \u00e0 la t\u00eate du minist\u00e8re de la Sant\u00e9\" \/>\n<meta name=\"robots\" content=\"index, follow, max-snippet:-1, max-image-preview:large, max-video-preview:-1\" \/>\n<link rel=\"canonical\" href=\"https:\/\/www.1sante.com\/online\/abdelhak-saihi-prend-ses-nouvelles-fonctions-a-la-tete-du-ministere-de-la-sante\/\" \/>\n<meta property=\"og:locale\" content=\"fr_FR\" \/>\n<meta property=\"og:type\" content=\"article\" \/>\n<meta property=\"og:title\" content=\"1sant\u00e9 - Abdelhak Saihi prend ses nouvelles fonctions \u00e0 la t\u00eate du minist\u00e8re de la Sant\u00e9\" \/>\n<meta property=\"og:description\" content=\"1sant\u00e9 - Abdelhak Saihi prend ses nouvelles fonctions \u00e0 la t\u00eate du minist\u00e8re de la Sant\u00e9\" \/>\n<meta property=\"og:url\" content=\"https:\/\/www.1sante.com\/online\/abdelhak-saihi-prend-ses-nouvelles-fonctions-a-la-tete-du-ministere-de-la-sante\/\" \/>\n<meta property=\"og:site_name\" content=\"1sant\u00e9\" \/>\n<meta property=\"article:publisher\" content=\"https:\/\/web.facebook.com\/annuairemedical1sante\/\" \/>\n<meta property=\"article:published_time\" content=\"2022-09-10T16:21:06+00:00\" \/>\n<meta property=\"article:modified_time\" content=\"2024-05-10T17:46:25+00:00\" \/>\n<meta property=\"og:image\" content=\"https:\/\/www.1sante.com\/online\/wp-content\/uploads\/2022\/09\/1sante_APS-100922.jpg\" \/>\n\t<meta property=\"og:image:width\" content=\"580\" \/>\n\t<meta property=\"og:image:height\" content=\"350\" \/>\n\t<meta property=\"og:image:type\" content=\"image\/jpeg\" \/>\n<meta name=\"author\" content=\"Redaction\" \/>\n<meta name=\"twitter:card\" content=\"summary_large_image\" \/>\n<meta name=\"twitter:label1\" content=\"\u00c9crit par\" \/>\n\t<meta name=\"twitter:data1\" content=\"Redaction\" \/>\n\t<meta name=\"twitter:label2\" content=\"Dur\u00e9e de lecture estim\u00e9e\" \/>\n\t<meta name=\"twitter:data2\" content=\"1 minute\" \/>\n<script type=\"application\/ld+json\" class=\"yoast-schema-graph\">{\"@context\":\"https:\/\/schema.org\",\"@graph\":[{\"@type\":\"Article\",\"@id\":\"https:\/\/www.1sante.com\/online\/abdelhak-saihi-prend-ses-nouvelles-fonctions-a-la-tete-du-ministere-de-la-sante\/#article\",\"isPartOf\":{\"@id\":\"https:\/\/www.1sante.com\/online\/abdelhak-saihi-prend-ses-nouvelles-fonctions-a-la-tete-du-ministere-de-la-sante\/\"},\"author\":{\"name\":\"Redaction\",\"@id\":\"https:\/\/www.1sante.com\/online\/#\/schema\/person\/741bb9b09bae031795a6c95550c70430\"},\"headline\":\"Abdelhak Saihi prend ses nouvelles fonctions \u00e0 la t\u00eate du minist\u00e8re de la Sant\u00e9\",\"datePublished\":\"2022-09-10T16:21:06+00:00\",\"dateModified\":\"2024-05-10T17:46:25+00:00\",\"mainEntityOfPage\":{\"@id\":\"https:\/\/www.1sante.com\/online\/abdelhak-saihi-prend-ses-nouvelles-fonctions-a-la-tete-du-ministere-de-la-sante\/\"},\"wordCount\":153,\"image\":{\"@id\":\"https:\/\/www.1sante.com\/online\/abdelhak-saihi-prend-ses-nouvelles-fonctions-a-la-tete-du-ministere-de-la-sante\/#primaryimage\"},\"thumbnailUrl\":\"https:\/\/www.1sante.com\/online\/wp-content\/uploads\/2022\/09\/1sante_APS-100922.jpg\",\"articleSection\":[\"Actualit\u00e9\"],\"inLanguage\":\"fr-FR\"},{\"@type\":\"WebPage\",\"@id\":\"https:\/\/www.1sante.com\/online\/abdelhak-saihi-prend-ses-nouvelles-fonctions-a-la-tete-du-ministere-de-la-sante\/\",\"url\":\"https:\/\/www.1sante.com\/online\/abdelhak-saihi-prend-ses-nouvelles-fonctions-a-la-tete-du-ministere-de-la-sante\/\",\"name\":\"1sant\u00e9 - Abdelhak Saihi prend ses nouvelles fonctions \u00e0 la t\u00eate du minist\u00e8re de la Sant\u00e9\",\"isPartOf\":{\"@id\":\"https:\/\/www.1sante.com\/online\/#website\"},\"primaryImageOfPage\":{\"@id\":\"https:\/\/www.1sante.com\/online\/abdelhak-saihi-prend-ses-nouvelles-fonctions-a-la-tete-du-ministere-de-la-sante\/#primaryimage\"},\"image\":{\"@id\":\"https:\/\/www.1sante.com\/online\/abdelhak-saihi-prend-ses-nouvelles-fonctions-a-la-tete-du-ministere-de-la-sante\/#primaryimage\"},\"thumbnailUrl\":\"https:\/\/www.1sante.com\/online\/wp-content\/uploads\/2022\/09\/1sante_APS-100922.jpg\",\"datePublished\":\"2022-09-10T16:21:06+00:00\",\"dateModified\":\"2024-05-10T17:46:25+00:00\",\"author\":{\"@id\":\"https:\/\/www.1sante.com\/online\/#\/schema\/person\/741bb9b09bae031795a6c95550c70430\"},\"description\":\"1sant\u00e9 - Abdelhak Saihi prend ses nouvelles fonctions \u00e0 la t\u00eate du minist\u00e8re de la Sant\u00e9\",\"breadcrumb\":{\"@id\":\"https:\/\/www.1sante.com\/online\/abdelhak-saihi-prend-ses-nouvelles-fonctions-a-la-tete-du-ministere-de-la-sante\/#breadcrumb\"},\"inLanguage\":\"fr-FR\",\"potentialAction\":[{\"@type\":\"ReadAction\",\"target\":[\"https:\/\/www.1sante.com\/online\/abdelhak-saihi-prend-ses-nouvelles-fonctions-a-la-tete-du-ministere-de-la-sante\/\"]}]},{\"@type\":\"ImageObject\",\"inLanguage\":\"fr-FR\",\"@id\":\"https:\/\/www.1sante.com\/online\/abdelhak-saihi-prend-ses-nouvelles-fonctions-a-la-tete-du-ministere-de-la-sante\/#primaryimage\",\"url\":\"https:\/\/www.1sante.com\/online\/wp-content\/uploads\/2022\/09\/1sante_APS-100922.jpg\",\"contentUrl\":\"https:\/\/www.1sante.com\/online\/wp-content\/uploads\/2022\/09\/1sante_APS-100922.jpg\",\"width\":580,\"height\":350},{\"@type\":\"BreadcrumbList\",\"@id\":\"https:\/\/www.1sante.com\/online\/abdelhak-saihi-prend-ses-nouvelles-fonctions-a-la-tete-du-ministere-de-la-sante\/#breadcrumb\",\"itemListElement\":[{\"@type\":\"ListItem\",\"position\":1,\"name\":\"Accueil\",\"item\":\"https:\/\/www.1sante.com\/online\/\"},{\"@type\":\"ListItem\",\"position\":2,\"name\":\"Abdelhak Saihi prend ses nouvelles fonctions \u00e0 la t\u00eate du minist\u00e8re de la Sant\u00e9\"}]},{\"@type\":\"WebSite\",\"@id\":\"https:\/\/www.1sante.com\/online\/#website\",\"url\":\"https:\/\/www.1sante.com\/online\/\",\"name\":\"1sant\u00e9\",\"description\":\"1er Annuaire m\u00e9dical en Alg\u00e9rie\",\"potentialAction\":[{\"@type\":\"SearchAction\",\"target\":{\"@type\":\"EntryPoint\",\"urlTemplate\":\"https:\/\/www.1sante.com\/online\/?s={search_term_string}\"},\"query-input\":{\"@type\":\"PropertyValueSpecification\",\"valueRequired\":true,\"valueName\":\"search_term_string\"}}],\"inLanguage\":\"fr-FR\"},{\"@type\":\"Person\",\"@id\":\"https:\/\/www.1sante.com\/online\/#\/schema\/person\/741bb9b09bae031795a6c95550c70430\",\"name\":\"Redaction\",\"image\":{\"@type\":\"ImageObject\",\"inLanguage\":\"fr-FR\",\"@id\":\"https:\/\/www.1sante.com\/online\/#\/schema\/person\/image\/\",\"url\":\"https:\/\/secure.gravatar.com\/avatar\/74e5374845b7e78d6d398935ac5541e37b1ce37aab2f3f4092fef4ac231ba2c4?s=96&d=mm&r=g\",\"contentUrl\":\"https:\/\/secure.gravatar.com\/avatar\/74e5374845b7e78d6d398935ac5541e37b1ce37aab2f3f4092fef4ac231ba2c4?s=96&d=mm&r=g\",\"caption\":\"Redaction\"},\"url\":\"https:\/\/www.1sante.com\/online\/author\/redaction\/\"}]}<\/script>\n<!-- \/ Yoast SEO plugin. -->","yoast_head_json":{"title":"1sant\u00e9 - Abdelhak Saihi prend ses nouvelles fonctions \u00e0 la t\u00eate du minist\u00e8re de la Sant\u00e9","description":"1sant\u00e9 - Abdelhak Saihi prend ses nouvelles fonctions \u00e0 la t\u00eate du minist\u00e8re de la Sant\u00e9","robots":{"index":"index","follow":"follow","max-snippet":"max-snippet:-1","max-image-preview":"max-image-preview:large","max-video-preview":"max-video-preview:-1"},"canonical":"https:\/\/www.1sante.com\/online\/abdelhak-saihi-prend-ses-nouvelles-fonctions-a-la-tete-du-ministere-de-la-sante\/","og_locale":"fr_FR","og_type":"article","og_title":"1sant\u00e9 - Abdelhak Saihi prend ses nouvelles fonctions \u00e0 la t\u00eate du minist\u00e8re de la Sant\u00e9","og_description":"1sant\u00e9 - Abdelhak Saihi prend ses nouvelles fonctions \u00e0 la t\u00eate du minist\u00e8re de la Sant\u00e9","og_url":"https:\/\/www.1sante.com\/online\/abdelhak-saihi-prend-ses-nouvelles-fonctions-a-la-tete-du-ministere-de-la-sante\/","og_site_name":"1sant\u00e9","article_publisher":"https:\/\/web.facebook.com\/annuairemedical1sante\/","article_published_time":"2022-09-10T16:21:06+00:00","article_modified_time":"2024-05-10T17:46:25+00:00","og_image":[{"width":580,"height":350,"url":"https:\/\/www.1sante.com\/online\/wp-content\/uploads\/2022\/09\/1sante_APS-100922.jpg","type":"image\/jpeg"}],"author":"Redaction","twitter_card":"summary_large_image","twitter_misc":{"\u00c9crit par":"Redaction","Dur\u00e9e de lecture estim\u00e9e":"1 minute"},"schema":{"@context":"https:\/\/schema.org","@graph":[{"@type":"Article","@id":"https:\/\/www.1sante.com\/online\/abdelhak-saihi-prend-ses-nouvelles-fonctions-a-la-tete-du-ministere-de-la-sante\/#article","isPartOf":{"@id":"https:\/\/www.1sante.com\/online\/abdelhak-saihi-prend-ses-nouvelles-fonctions-a-la-tete-du-ministere-de-la-sante\/"},"author":{"name":"Redaction","@id":"https:\/\/www.1sante.com\/online\/#\/schema\/person\/741bb9b09bae031795a6c95550c70430"},"headline":"Abdelhak Saihi prend ses nouvelles fonctions \u00e0 la t\u00eate du minist\u00e8re de la Sant\u00e9","datePublished":"2022-09-10T16:21:06+00:00","dateModified":"2024-05-10T17:46:25+00:00","mainEntityOfPage":{"@id":"https:\/\/www.1sante.com\/online\/abdelhak-saihi-prend-ses-nouvelles-fonctions-a-la-tete-du-ministere-de-la-sante\/"},"wordCount":153,"image":{"@id":"https:\/\/www.1sante.com\/online\/abdelhak-saihi-prend-ses-nouvelles-fonctions-a-la-tete-du-ministere-de-la-sante\/#primaryimage"},"thumbnailUrl":"https:\/\/www.1sante.com\/online\/wp-content\/uploads\/2022\/09\/1sante_APS-100922.jpg","articleSection":["Actualit\u00e9"],"inLanguage":"fr-FR"},{"@type":"WebPage","@id":"https:\/\/www.1sante.com\/online\/abdelhak-saihi-prend-ses-nouvelles-fonctions-a-la-tete-du-ministere-de-la-sante\/","url":"https:\/\/www.1sante.com\/online\/abdelhak-saihi-prend-ses-nouvelles-fonctions-a-la-tete-du-ministere-de-la-sante\/","name":"1sant\u00e9 - Abdelhak Saihi prend ses nouvelles fonctions \u00e0 la t\u00eate du minist\u00e8re de la Sant\u00e9","isPartOf":{"@id":"https:\/\/www.1sante.com\/online\/#website"},"primaryImageOfPage":{"@id":"https:\/\/www.1sante.com\/online\/abdelhak-saihi-prend-ses-nouvelles-fonctions-a-la-tete-du-ministere-de-la-sante\/#primaryimage"},"image":{"@id":"https:\/\/www.1sante.com\/online\/abdelhak-saihi-prend-ses-nouvelles-fonctions-a-la-tete-du-ministere-de-la-sante\/#primaryimage"},"thumbnailUrl":"https:\/\/www.1sante.com\/online\/wp-content\/uploads\/2022\/09\/1sante_APS-100922.jpg","datePublished":"2022-09-10T16:21:06+00:00","dateModified":"2024-05-10T17:46:25+00:00","author":{"@id":"https:\/\/www.1sante.com\/online\/#\/schema\/person\/741bb9b09bae031795a6c95550c70430"},"description":"1sant\u00e9 - Abdelhak Saihi prend ses nouvelles fonctions \u00e0 la t\u00eate du minist\u00e8re de la Sant\u00e9","breadcrumb":{"@id":"https:\/\/www.1sante.com\/online\/abdelhak-saihi-prend-ses-nouvelles-fonctions-a-la-tete-du-ministere-de-la-sante\/#breadcrumb"},"inLanguage":"fr-FR","potentialAction":[{"@type":"ReadAction","target":["https:\/\/www.1sante.com\/online\/abdelhak-saihi-prend-ses-nouvelles-fonctions-a-la-tete-du-ministere-de-la-sante\/"]}]},{"@type":"ImageObject","inLanguage":"fr-FR","@id":"https:\/\/www.1sante.com\/online\/abdelhak-saihi-prend-ses-nouvelles-fonctions-a-la-tete-du-ministere-de-la-sante\/#primaryimage","url":"https:\/\/www.1sante.com\/online\/wp-content\/uploads\/2022\/09\/1sante_APS-100922.jpg","contentUrl":"https:\/\/www.1sante.com\/online\/wp-content\/uploads\/2022\/09\/1sante_APS-100922.jpg","width":580,"height":350},{"@type":"BreadcrumbList","@id":"https:\/\/www.1sante.com\/online\/abdelhak-saihi-prend-ses-nouvelles-fonctions-a-la-tete-du-ministere-de-la-sante\/#breadcrumb","itemListElement":[{"@type":"ListItem","position":1,"name":"Accueil","item":"https:\/\/www.1sante.com\/online\/"},{"@type":"ListItem","position":2,"name":"Abdelhak Saihi prend ses nouvelles fonctions \u00e0 la t\u00eate du minist\u00e8re de la Sant\u00e9"}]},{"@type":"WebSite","@id":"https:\/\/www.1sante.com\/online\/#website","url":"https:\/\/www.1sante.com\/online\/","name":"1sant\u00e9","description":"1er Annuaire m\u00e9dical en Alg\u00e9rie","potentialAction":[{"@type":"SearchAction","target":{"@type":"EntryPoint","urlTemplate":"https:\/\/www.1sante.com\/online\/?s={search_term_string}"},"query-input":{"@type":"PropertyValueSpecification","valueRequired":true,"valueName":"search_term_string"}}],"inLanguage":"fr-FR"},{"@type":"Person","@id":"https:\/\/www.1sante.com\/online\/#\/schema\/person\/741bb9b09bae031795a6c95550c70430","name":"Redaction","image":{"@type":"ImageObject","inLanguage":"fr-FR","@id":"https:\/\/www.1sante.com\/online\/#\/schema\/person\/image\/","url":"https:\/\/secure.gravatar.com\/avatar\/74e5374845b7e78d6d398935ac5541e37b1ce37aab2f3f4092fef4ac231ba2c4?s=96&d=mm&r=g","contentUrl":"https:\/\/secure.gravatar.com\/avatar\/74e5374845b7e78d6d398935ac5541e37b1ce37aab2f3f4092fef4ac231ba2c4?s=96&d=mm&r=g","caption":"Redaction"},"url":"https:\/\/www.1sante.com\/online\/author\/redaction\/"}]}},"_links":{"self":[{"href":"https:\/\/www.1sante.com\/online\/wp-json\/wp\/v2\/posts\/11070","targetHints":{"allow":["GET"]}}],"collection":[{"href":"https:\/\/www.1sante.com\/online\/wp-json\/wp\/v2\/posts"}],"about":[{"href":"https:\/\/www.1sante.com\/online\/wp-json\/wp\/v2\/types\/post"}],"author":[{"embeddable":true,"href":"https:\/\/www.1sante.com\/online\/wp-json\/wp\/v2\/users\/9"}],"replies":[{"embeddable":true,"href":"https:\/\/www.1sante.com\/online\/wp-json\/wp\/v2\/comments?post=11070"}],"version-history":[{"count":1,"href":"https:\/\/www.1sante.com\/online\/wp-json\/wp\/v2\/posts\/11070\/revisions"}],"predecessor-version":[{"id":11071,"href":"https:\/\/www.1sante.com\/online\/wp-json\/wp\/v2\/posts\/11070\/revisions\/11071"}],"wp:featuredmedia":[{"embeddable":true,"href":"https:\/\/www.1sante.com\/online\/wp-json\/wp\/v2\/media\/11069"}],"wp:attachment":[{"href":"https:\/\/www.1sante.com\/online\/wp-json\/wp\/v2\/media?parent=11070"}],"wp:term":[{"taxonomy":"category","embeddable":true,"href":"https:\/\/www.1sante.com\/online\/wp-json\/wp\/v2\/categories?post=11070"},{"taxonomy":"post_tag","embeddable":true,"href":"https:\/\/www.1sante.com\/online\/wp-json\/wp\/v2\/tags?post=11070"}],"curies":[{"name":"wp","href":"https:\/\/api.w.org\/{rel}","templated":true}]}}